{"id":1160,"date":"2024-01-10T19:07:41","date_gmt":"2024-01-10T22:07:41","guid":{"rendered":"https:\/\/www.comprecar.com.br\/blog\/?p=1160"},"modified":"2024-01-10T19:16:12","modified_gmt":"2024-01-10T22:16:12","slug":"documentacao-do-veiculo","status":"publish","type":"post","link":"https:\/\/www.comprecar.com.br\/blog\/documentacao-do-veiculo\/","title":{"rendered":"Guia completo da documenta\u00e7\u00e3o essencial para seu ve\u00edculo"},"content":{"rendered":"\n<p>A documenta\u00e7\u00e3o do ve\u00edculo garante a voc\u00ea regularidade e legalidade do seu autom\u00f3vel perante as leis de tr\u00e2nsito.&nbsp;<\/p>\n\n\n\n<p>Por isso, conhecer quais s\u00e3o esses documentos e mant\u00ea-los atualizados \u00e9 crucial para evitar problemas legais, facilitar processos burocr\u00e1ticos e assegurar uma circula\u00e7\u00e3o tranquila pelas vias p\u00fablicas.\u00a0<\/p>\n\n\n\n<!--more-->\n\n\n\n<p>E neste texto, abordaremos os documentos obrigat\u00f3rios que todo condutor deve ter e manter em dia.<\/p>\n\n\n\n<figure class=\"wp-block-image size-large\"><img loading=\"lazy\" decoding=\"async\" width=\"1024\" height=\"512\" src=\"https:\/\/www.comprecar.com.br\/blog\/wp-content\/uploads\/2024\/01\/documentos-do-veiculo-digital-1024x512.jpg\" alt=\"Documenta\u00e7\u00e3o do ve\u00edculo: tudo o que voc\u00ea precisa saber\" class=\"wp-image-1162\" srcset=\"https:\/\/www.comprecar.com.br\/blog\/wp-content\/uploads\/2024\/01\/documentos-do-veiculo-digital-1024x512.jpg 1024w, https:\/\/www.comprecar.com.br\/blog\/wp-content\/uploads\/2024\/01\/documentos-do-veiculo-digital-300x150.jpg 300w, https:\/\/www.comprecar.com.br\/blog\/wp-content\/uploads\/2024\/01\/documentos-do-veiculo-digital-768x384.jpg 768w, https:\/\/www.comprecar.com.br\/blog\/wp-content\/uploads\/2024\/01\/documentos-do-veiculo-digital-1200x600.jpg 1200w, https:\/\/www.comprecar.com.br\/blog\/wp-content\/uploads\/2024\/01\/documentos-do-veiculo-digital.jpg 1280w\" sizes=\"auto, (max-width: 1024px) 100vw, 1024px\" \/><\/figure>\n\n\n\n<h2 class=\"wp-block-heading\">A import\u00e2ncia da documenta\u00e7\u00e3o do ve\u00edculo atualizada&nbsp;<\/h2>\n\n\n\n<p>Manter a documenta\u00e7\u00e3o do ve\u00edculo atualizada garante a legalidade, seguran\u00e7a e tranquilidade ao circular com o seu autom\u00f3vel.&nbsp;<\/p>\n\n\n\n<p>Afinal, documentos como licenciamento, registro e seguro s\u00e3o <strong>essenciais para evitar multas, transtornos legais e assegurar a sua prote\u00e7\u00e3o <\/strong>em casos de imprevistos ou acidentes.&nbsp;<\/p>\n\n\n\n<p>Al\u00e9m disso, a documenta\u00e7\u00e3o em dia tamb\u00e9m facilita processos de compra, venda e <strong><a href=\"https:\/\/www.comprecar.com.br\/blog\/2023\/10\/19\/como-fazer-transferencia-de-veiculos\/\" target=\"_blank\" rel=\"noreferrer noopener\">transfer\u00eancia de ve\u00edculos<\/a><\/strong>, sendo um aspecto fundamental para manter-se dentro das normas estabelecidas.<\/p>\n\n\n\n<h2 class=\"wp-block-heading\">Quais os documentos obrigat\u00f3rios do ve\u00edculo?<\/h2>\n\n\n\n<p>Na sequ\u00eancia, listamos todos os documentos do ve\u00edculo que s\u00e3o obrigat\u00f3rios. Acompanhe.<\/p>\n\n\n\n<h3 class=\"wp-block-heading\">CRLV (Certificado de Registro e Licenciamento de Ve\u00edculos)<\/h3>\n\n\n\n<p>O Certificado de Registro e Licenciamento de Ve\u00edculos (CRLV) \u00e9 essencial para a circula\u00e7\u00e3o legal do autom\u00f3vel em todo o territ\u00f3rio nacional.&nbsp;<\/p>\n\n\n\n<p>Emitido ap\u00f3s o primeiro processo de licenciamento do ve\u00edculo, este documento <strong>registra o n\u00famero do ve\u00edculo (c\u00f3digo Renavam)<\/strong> e \u00e9 emitido conforme as regulamenta\u00e7\u00f5es de cada Estado brasileiro.&nbsp;<\/p>\n\n\n\n<p>Gerenciado pelo CONTRAN e DENATRAN, o CRLV \u00e9 uma documenta\u00e7\u00e3o do ve\u00edculo de porte obrigat\u00f3rio e permite o tr\u00e1fego livre do ve\u00edculo.<\/p>\n\n\n\n<h3 class=\"wp-block-heading\">Carteira Nacional de Habilita\u00e7\u00e3o (CNH)<\/h3>\n\n\n\n<p>A Carteira Nacional de Habilita\u00e7\u00e3o (CNH) \u00e9 o documento que comprova a capacidade de um indiv\u00edduo para operar um ve\u00edculo, portanto, <strong>\u00e9 obrigat\u00f3rio port\u00e1-la ao dirigir.&nbsp;<\/strong><\/p>\n\n\n\n<p>A vers\u00e3o atual da CNH apresenta a fotografia do titular, al\u00e9m dos n\u00fameros de identifica\u00e7\u00e3o do Registro Geral (RG) e do Cadastro de Pessoa F\u00edsica (CPF), <strong>o que permite seu uso como identifica\u00e7\u00e3o em todo o territ\u00f3rio nacional.&nbsp;<\/strong><\/p>\n\n\n\n<p>Vale destacar que qualquer cidad\u00e3o brasileiro, maior de 18 anos, alfabetizado e que possua documento de identidade e CPF pode solicitar a Carteira Nacional de Habilita\u00e7\u00e3o nas categorias A e B (para condu\u00e7\u00e3o de carro e moto).&nbsp;<\/p>\n\n\n\n<p>O processo para ter a CNH deve ser realizado exclusivamente pelo interessado, pois inclui exames m\u00e9dicos e psicol\u00f3gicos, aulas te\u00f3ricas e pr\u00e1ticas, al\u00e9m de avalia\u00e7\u00f5es de conhecimento.<\/p>\n\n\n\n<h3 class=\"wp-block-heading\">Emplacamento<\/h3>\n\n\n\n<p>O processo de emplacamento \u00e9 crucial para ve\u00edculos novos<strong>, pois circular sem placa da concession\u00e1ria \u00e9 uma infra\u00e7\u00e3o grave, <\/strong>sujeita a sete pontos na carteira, multas e apreens\u00e3o do ve\u00edculo em todo o pa\u00eds.&nbsp;<\/p>\n\n\n\n<p>O emplacamento deve ser realizado pelo propriet\u00e1rio no Detran do Estado onde o ve\u00edculo ser\u00e1 registrado, seguindo estas etapas:<\/p>\n\n\n\n<ul class=\"wp-block-list\"><li>Preencher o formul\u00e1rio Renavan no site do Detran do Estado correspondente e imprimir duas vias.<\/li><li>Providenciar a documenta\u00e7\u00e3o necess\u00e1ria, incluindo c\u00f3pias de identidade, CPF ou Carteira Nacional de Habilita\u00e7\u00e3o, comprovante de resid\u00eancia e a primeira via original da nota fiscal da revenda, com decalque do chassi.<\/li><li>Efetuar o pagamento das taxas de lacra\u00e7\u00e3o, registro de ve\u00edculo, IPVA e DPVAT.<\/li><li>Comparecer com os comprovantes e a documenta\u00e7\u00e3o ao posto do Detran para vistoria e emplacamento, onde ser\u00e3o emitidos o Certificado de Registro do Ve\u00edculo (CRV) &#8211; recibo de compra e venda &#8211; e o Certificado de Registro e Licenciamento do Ve\u00edculo (CRLV).<\/li><\/ul>\n\n\n\n<p><strong>Leia tamb\u00e9m:<\/strong> <strong><a href=\"https:\/\/www.comprecar.com.br\/blog\/2023\/08\/23\/melhores-carros-populares\/\" target=\"_blank\" rel=\"noreferrer noopener\">Confira os 9 melhores carros populares no Brasil [Guia completo]<\/a><\/strong><\/p>\n\n\n\n<figure class=\"wp-block-image size-large\"><img loading=\"lazy\" decoding=\"async\" width=\"1024\" height=\"681\" src=\"https:\/\/www.comprecar.com.br\/blog\/wp-content\/uploads\/2024\/01\/quais-documentos-tem-que-pagar-do-veiculo-2023-1024x681.jpg\" alt=\"Quais os documentos obrigat\u00f3rios do ve\u00edculo?\" class=\"wp-image-1161\" srcset=\"https:\/\/www.comprecar.com.br\/blog\/wp-content\/uploads\/2024\/01\/quais-documentos-tem-que-pagar-do-veiculo-2023-1024x681.jpg 1024w, https:\/\/www.comprecar.com.br\/blog\/wp-content\/uploads\/2024\/01\/quais-documentos-tem-que-pagar-do-veiculo-2023-300x199.jpg 300w, https:\/\/www.comprecar.com.br\/blog\/wp-content\/uploads\/2024\/01\/quais-documentos-tem-que-pagar-do-veiculo-2023-768x511.jpg 768w, https:\/\/www.comprecar.com.br\/blog\/wp-content\/uploads\/2024\/01\/quais-documentos-tem-que-pagar-do-veiculo-2023-1200x798.jpg 1200w, https:\/\/www.comprecar.com.br\/blog\/wp-content\/uploads\/2024\/01\/quais-documentos-tem-que-pagar-do-veiculo-2023.jpg 1280w\" sizes=\"auto, (max-width: 1024px) 100vw, 1024px\" \/><\/figure>\n\n\n\n<h3 class=\"wp-block-heading\">Licenciamento<\/h3>\n\n\n\n<p>O Licenciamento \u00e9 essencial para permitir a circula\u00e7\u00e3o legal dos ve\u00edculos em todo o territ\u00f3rio nacional e requer renova\u00e7\u00e3o anual.&nbsp;<\/p>\n\n\n\n<p>Al\u00e9m de garantir as condi\u00e7\u00f5es de seguran\u00e7a do carro, certifica-se de que o ve\u00edculo est\u00e1 em conformidade com as normas de emiss\u00e3o de poluentes e ru\u00eddos estabelecidas.<\/p>\n\n\n\n<h4 class=\"wp-block-heading\">Quando realizar o Licenciamento?<\/h4>\n\n\n\n<p>O prazo para a renova\u00e7\u00e3o varia de acordo com o final da placa do ve\u00edculo, sendo determinado por cada Estado, que disponibiliza uma tabela indicando os per\u00edodos para os ve\u00edculos de cada final de placa efetuarem o licenciamento.<\/p>\n\n\n\n<h4 class=\"wp-block-heading\">Documentos necess\u00e1rios para efetuar o licenciamento:<\/h4>\n\n\n\n<ul class=\"wp-block-list\"><li>Comprovante de Licenciamento do ano anterior.<\/li><li>Pagamento do seguro obrigat\u00f3rio do ano vigente.<\/li><li>Comprovante do pagamento do IPVA do exerc\u00edcio anterior e atual.<\/li><li>Caso haja multas, \u00e9 necess\u00e1rio apresentar o comprovante do pagamento de cada uma delas.<\/li><li>Comprovante do recolhimento da taxa de Licenciamento.<\/li><\/ul>\n\n\n\n<h3 class=\"wp-block-heading\">Taxa de Licenciamento<\/h3>\n\n\n\n<p>A Taxa de Licenciamento destina-se a custear os gastos relacionados \u00e0 emiss\u00e3o da documenta\u00e7\u00e3o do ve\u00edculo.&nbsp;<\/p>\n\n\n\n<p>Cada Estado determina um valor espec\u00edfico para os ve\u00edculos registrados em sua jurisdi\u00e7\u00e3o.&nbsp;<\/p>\n\n\n\n<p>\u00c9 poss\u00edvel verificar a situa\u00e7\u00e3o do seu ve\u00edculo acessando o site do Detran do seu Estado.<\/p>\n\n\n\n<h3 class=\"wp-block-heading\">Renavam (Registro Nacional de Ve\u00edculos Automotores)<\/h3>\n\n\n\n<p>O Registro Nacional de Ve\u00edculos Automotores (Renavam) \u00e9 um c\u00f3digo vinculado a um sistema abrangente que engloba todo o territ\u00f3rio brasileiro, operando por meio de uma base nacional (DENATRAN) integrada \u00e0s bases estaduais (DETRAN).&nbsp;<\/p>\n\n\n\n<p>Essencialmente, o Renavam armazena todas as informa\u00e7\u00f5es relacionadas ao ve\u00edculo, como:<\/p>\n\n\n\n<ul class=\"wp-block-list\"><li>dados de fabrica\u00e7\u00e3o;<\/li><li>emplacamento;<\/li><li>hist\u00f3rico de propriet\u00e1rios;<\/li><li>mudan\u00e7as de localidade;<\/li><li>modifica\u00e7\u00f5es nas caracter\u00edsticas (como altera\u00e7\u00f5es de cor);<\/li><li>motivos em situa\u00e7\u00f5es em que o ve\u00edculo \u00e9 retirado de circula\u00e7\u00e3o.<\/li><\/ul>\n\n\n\n<p>Ressaltamos que <strong>o c\u00f3digo Renavam \u00e9 est\u00e1tico e n\u00e3o pode ser modificado.&nbsp;<\/strong><\/p>\n\n\n\n<p>No mais, com este c\u00f3digo, \u00e9 poss\u00edvel consultar informa\u00e7\u00f5es sobre o IPVA, multas e o Licenciamento do ve\u00edculo, proporcionando uma vis\u00e3o abrangente do hist\u00f3rico e situa\u00e7\u00e3o fiscal do autom\u00f3vel.<\/p>\n\n\n\n<p><strong>Leia tamb\u00e9m:<\/strong> <strong><a href=\"https:\/\/www.comprecar.com.br\/blog\/2023\/07\/19\/trocar-de-carro\/\" target=\"_blank\" rel=\"noreferrer noopener\">Guia definitivo: como trocar de carro de forma inteligente!<\/a><\/strong><\/p>\n\n\n\n<h2 class=\"wp-block-heading\">Perguntas frequentes sobre a documenta\u00e7\u00e3o do ve\u00edculo<\/h2>\n\n\n\n<p>Abaixo, respondemos as principais d\u00favidas sobre documenta\u00e7\u00e3o do ve\u00edculo.<\/p>\n\n\n\n<p><strong>Inserir imagem quais-documentos-tem-que-pagar-do-veiculo-2023<\/strong><\/p>\n\n\n\n<h3 class=\"wp-block-heading\">Como emitir o documento do ve\u00edculo?<\/h3>\n\n\n\n<p>Para emitir o documento do ve\u00edculo online, registre-se por meio do site do Governo Federal e navegue at\u00e9 a se\u00e7\u00e3o &#8220;Ve\u00edculos&#8221;. Em seguida, selecione a op\u00e7\u00e3o &#8220;Baixar CRLV Digital&#8221;.&nbsp;<\/p>\n\n\n\n<p>Se houver mais de um ve\u00edculo, escolha aquele do qual deseja baixar o documento. O Certificado de Registro e Licenciamento de Ve\u00edculo eletr\u00f4nico (CRLV-e) ser\u00e1 ent\u00e3o exibido na tela.<\/p>\n\n\n\n<h3 class=\"wp-block-heading\">Quanto custa para fazer a documenta\u00e7\u00e3o do ve\u00edculo?<\/h3>\n\n\n\n<p>O valor para fazer a documenta\u00e7\u00e3o do seu ve\u00edculo pode variar dependendo do tipo de documenta\u00e7\u00e3o necess\u00e1ria e das taxas cobradas pelos \u00f3rg\u00e3os respons\u00e1veis, como Detran e outros \u00f3rg\u00e3os governamentais.&nbsp;<\/p>\n\n\n\n<p>Essas taxas podem incluir o licenciamento, emplacamento, IPVA, seguro obrigat\u00f3rio (DPVAT), entre outras.<\/p>\n\n\n\n<p><strong><a href=\"https:\/\/www.comprecar.com.br\/carros-usados\" target=\"_blank\" rel=\"noreferrer noopener\">Descubra uma variedade incr\u00edvel de carros usados de qualidade com a Comprecar. Encontre o ve\u00edculo perfeito para voc\u00ea hoje mesmo.<\/a><\/strong><\/p>\n\n\n\n<h2 class=\"wp-block-heading\">Conclus\u00e3o<\/h2>\n\n\n\n<p>A documenta\u00e7\u00e3o do ve\u00edculo \u00e9 um conjunto essencial de registros que garantem a conformidade legal e a seguran\u00e7a ao circular com um autom\u00f3vel.&nbsp;<\/p>\n\n\n\n<p>Desde o Certificado de Registro e Licenciamento de Ve\u00edculos (CRLV) at\u00e9 o Registro Nacional de Ve\u00edculos Automotores (Renavam), cada documento desempenha um papel vital na garantia de uma condu\u00e7\u00e3o dentro das normas estabelecidas.&nbsp;<\/p>\n\n\n\n<p>Portanto, manter essa documenta\u00e7\u00e3o do ve\u00edculo atualizada n\u00e3o s\u00f3 assegura a conformidade legal, mas tamb\u00e9m facilita processos de transfer\u00eancia de propriedade e evita transtornos burocr\u00e1ticos.<\/p>\n\n\n\n<p>No mais, para orienta\u00e7\u00f5es espec\u00edficas sobre a documenta\u00e7\u00e3o do ve\u00edculo, recomendamos que voc\u00ea consulte os \u00f3rg\u00e3os respons\u00e1veis, como o Detran, e siga as diretrizes legais vigentes.<\/p>\n","protected":false},"excerpt":{"rendered":"<p>A documenta\u00e7\u00e3o do ve\u00edculo garante a voc\u00ea regularidade e legalidade do seu autom\u00f3vel perante as leis de tr\u00e2nsito.&nbsp; Por isso, conhecer quais s\u00e3o esses documentos e mant\u00ea-los atualizados \u00e9 crucial para evitar problemas legais, facilitar processos burocr\u00e1ticos e assegurar uma circula\u00e7\u00e3o tranquila pelas vias p\u00fablicas.\u00a0<\/p>\n","protected":false},"author":1,"featured_media":1163,"comment_status":"open","ping_status":"open","sticky":false,"template":"","format":"standard","meta":{"_kad_post_transparent":"","_kad_post_title":"","_kad_post_layout":"","_kad_post_sidebar_id":"","_kad_post_content_style":"","_kad_post_vertical_padding":"","_kad_post_feature":"","_kad_post_feature_position":"","_kad_post_header":false,"_kad_post_footer":false,"_kad_post_classname":"","footnotes":""},"categories":[73],"tags":[],"class_list":["post-1160","post","type-post","status-publish","format-standard","has-post-thumbnail","hentry","category-dicas"],"yoast_head":"<!-- This site is optimized with the Yoast SEO plugin v27.3 - https:\/\/yoast.com\/product\/yoast-seo-wordpress\/ -->\n<title>Documenta\u00e7\u00e3o do ve\u00edculo: tudo o que voc\u00ea precisa saber!<\/title>\n<meta name=\"description\" content=\"A documenta\u00e7\u00e3o do ve\u00edculo garante a voc\u00ea regularidade e legalidade do seu autom\u00f3vel perante as leis de tr\u00e2nsito. Saiba aqui quais portar.\" \/>\n<meta name=\"robots\" content=\"index, follow, max-snippet:-1, max-image-preview:large, max-video-preview:-1\" \/>\n<link rel=\"canonical\" href=\"https:\/\/www.comprecar.com.br\/blog\/documentacao-do-veiculo\/\" \/>\n<meta property=\"og:locale\" content=\"pt_BR\" \/>\n<meta property=\"og:type\" content=\"article\" \/>\n<meta property=\"og:title\" content=\"Documenta\u00e7\u00e3o do ve\u00edculo: tudo o que voc\u00ea precisa saber!\" \/>\n<meta property=\"og:description\" content=\"A documenta\u00e7\u00e3o do ve\u00edculo garante a voc\u00ea regularidade e legalidade do seu autom\u00f3vel perante as leis de tr\u00e2nsito. Saiba aqui quais portar.\" \/>\n<meta property=\"og:url\" content=\"https:\/\/www.comprecar.com.br\/blog\/documentacao-do-veiculo\/\" \/>\n<meta property=\"og:site_name\" content=\"Blog Comprecar: Guia Completo para Comprar, Vender e Cuidar do seu Carro\" \/>\n<meta property=\"article:publisher\" content=\"https:\/\/www.facebook.com\/Comprecar\" \/>\n<meta property=\"article:published_time\" content=\"2024-01-10T22:07:41+00:00\" \/>\n<meta property=\"article:modified_time\" content=\"2024-01-10T22:16:12+00:00\" \/>\n<meta property=\"og:image\" content=\"https:\/\/www.comprecar.com.br\/blog\/wp-content\/uploads\/2024\/01\/documentacao-do-veiculo.jpg\" \/>\n\t<meta property=\"og:image:width\" content=\"1280\" \/>\n\t<meta property=\"og:image:height\" content=\"720\" \/>\n\t<meta property=\"og:image:type\" content=\"image\/jpeg\" \/>\n<meta name=\"author\" content=\"Fred\" \/>\n<meta name=\"twitter:card\" content=\"summary_large_image\" \/>\n<meta name=\"twitter:creator\" content=\"@comprecar\" \/>\n<meta name=\"twitter:site\" content=\"@comprecar\" \/>\n<meta name=\"twitter:label1\" content=\"Escrito por\" \/>\n\t<meta name=\"twitter:data1\" content=\"Fred\" \/>\n\t<meta name=\"twitter:label2\" content=\"Est. tempo de leitura\" \/>\n\t<meta name=\"twitter:data2\" content=\"7 minutos\" \/>\n<script type=\"application\/ld+json\" class=\"yoast-schema-graph\">{\"@context\":\"https:\\\/\\\/schema.org\",\"@graph\":[{\"@type\":\"Article\",\"@id\":\"https:\\\/\\\/www.comprecar.com.br\\\/blog\\\/documentacao-do-veiculo\\\/#article\",\"isPartOf\":{\"@id\":\"https:\\\/\\\/www.comprecar.com.br\\\/blog\\\/documentacao-do-veiculo\\\/\"},\"author\":{\"name\":\"Fred\",\"@id\":\"https:\\\/\\\/www.comprecar.com.br\\\/blog\\\/#\\\/schema\\\/person\\\/005f0c51a8f4069103b2546fb9de78bb\"},\"headline\":\"Guia completo da documenta\u00e7\u00e3o essencial para seu ve\u00edculo\",\"datePublished\":\"2024-01-10T22:07:41+00:00\",\"dateModified\":\"2024-01-10T22:16:12+00:00\",\"mainEntityOfPage\":{\"@id\":\"https:\\\/\\\/www.comprecar.com.br\\\/blog\\\/documentacao-do-veiculo\\\/\"},\"wordCount\":1316,\"commentCount\":0,\"publisher\":{\"@id\":\"https:\\\/\\\/www.comprecar.com.br\\\/blog\\\/#organization\"},\"image\":{\"@id\":\"https:\\\/\\\/www.comprecar.com.br\\\/blog\\\/documentacao-do-veiculo\\\/#primaryimage\"},\"thumbnailUrl\":\"https:\\\/\\\/www.comprecar.com.br\\\/blog\\\/wp-content\\\/uploads\\\/2024\\\/01\\\/documentacao-do-veiculo.jpg\",\"articleSection\":[\"Dicas\"],\"inLanguage\":\"pt-BR\",\"potentialAction\":[{\"@type\":\"CommentAction\",\"name\":\"Comment\",\"target\":[\"https:\\\/\\\/www.comprecar.com.br\\\/blog\\\/documentacao-do-veiculo\\\/#respond\"]}]},{\"@type\":\"WebPage\",\"@id\":\"https:\\\/\\\/www.comprecar.com.br\\\/blog\\\/documentacao-do-veiculo\\\/\",\"url\":\"https:\\\/\\\/www.comprecar.com.br\\\/blog\\\/documentacao-do-veiculo\\\/\",\"name\":\"Documenta\u00e7\u00e3o do ve\u00edculo: tudo o que voc\u00ea precisa saber!\",\"isPartOf\":{\"@id\":\"https:\\\/\\\/www.comprecar.com.br\\\/blog\\\/#website\"},\"primaryImageOfPage\":{\"@id\":\"https:\\\/\\\/www.comprecar.com.br\\\/blog\\\/documentacao-do-veiculo\\\/#primaryimage\"},\"image\":{\"@id\":\"https:\\\/\\\/www.comprecar.com.br\\\/blog\\\/documentacao-do-veiculo\\\/#primaryimage\"},\"thumbnailUrl\":\"https:\\\/\\\/www.comprecar.com.br\\\/blog\\\/wp-content\\\/uploads\\\/2024\\\/01\\\/documentacao-do-veiculo.jpg\",\"datePublished\":\"2024-01-10T22:07:41+00:00\",\"dateModified\":\"2024-01-10T22:16:12+00:00\",\"description\":\"A documenta\u00e7\u00e3o do ve\u00edculo garante a voc\u00ea regularidade e legalidade do seu autom\u00f3vel perante as leis de tr\u00e2nsito. Saiba aqui quais portar.\",\"breadcrumb\":{\"@id\":\"https:\\\/\\\/www.comprecar.com.br\\\/blog\\\/documentacao-do-veiculo\\\/#breadcrumb\"},\"inLanguage\":\"pt-BR\",\"potentialAction\":[{\"@type\":\"ReadAction\",\"target\":[\"https:\\\/\\\/www.comprecar.com.br\\\/blog\\\/documentacao-do-veiculo\\\/\"]}]},{\"@type\":\"ImageObject\",\"inLanguage\":\"pt-BR\",\"@id\":\"https:\\\/\\\/www.comprecar.com.br\\\/blog\\\/documentacao-do-veiculo\\\/#primaryimage\",\"url\":\"https:\\\/\\\/www.comprecar.com.br\\\/blog\\\/wp-content\\\/uploads\\\/2024\\\/01\\\/documentacao-do-veiculo.jpg\",\"contentUrl\":\"https:\\\/\\\/www.comprecar.com.br\\\/blog\\\/wp-content\\\/uploads\\\/2024\\\/01\\\/documentacao-do-veiculo.jpg\",\"width\":1280,\"height\":720,\"caption\":\"Documenta\u00e7\u00e3o do ve\u00edculo: tudo o que voc\u00ea precisa saber\"},{\"@type\":\"BreadcrumbList\",\"@id\":\"https:\\\/\\\/www.comprecar.com.br\\\/blog\\\/documentacao-do-veiculo\\\/#breadcrumb\",\"itemListElement\":[{\"@type\":\"ListItem\",\"position\":1,\"name\":\"In\u00edcio\",\"item\":\"https:\\\/\\\/www.comprecar.com.br\\\/blog\\\/\"},{\"@type\":\"ListItem\",\"position\":2,\"name\":\"Guia completo da documenta\u00e7\u00e3o essencial para seu ve\u00edculo\"}]},{\"@type\":\"WebSite\",\"@id\":\"https:\\\/\\\/www.comprecar.com.br\\\/blog\\\/#website\",\"url\":\"https:\\\/\\\/www.comprecar.com.br\\\/blog\\\/\",\"name\":\"Blog Comprecar: Guia Completo para Comprar, Vender e Cuidar do seu Carro\",\"description\":\"Fique por dentro das \u00faltimas not\u00edcias do mercado, guias de manuten\u00e7\u00e3o e dicas essenciais para comprar ou vender seu ve\u00edculo. Acesse o Blog Comprecar e acelere seu conhecimento!\",\"publisher\":{\"@id\":\"https:\\\/\\\/www.comprecar.com.br\\\/blog\\\/#organization\"},\"potentialAction\":[{\"@type\":\"SearchAction\",\"target\":{\"@type\":\"EntryPoint\",\"urlTemplate\":\"https:\\\/\\\/www.comprecar.com.br\\\/blog\\\/?s={search_term_string}\"},\"query-input\":{\"@type\":\"PropertyValueSpecification\",\"valueRequired\":true,\"valueName\":\"search_term_string\"}}],\"inLanguage\":\"pt-BR\"},{\"@type\":\"Organization\",\"@id\":\"https:\\\/\\\/www.comprecar.com.br\\\/blog\\\/#organization\",\"name\":\"Comprecar\",\"url\":\"https:\\\/\\\/www.comprecar.com.br\\\/blog\\\/\",\"logo\":{\"@type\":\"ImageObject\",\"inLanguage\":\"pt-BR\",\"@id\":\"https:\\\/\\\/www.comprecar.com.br\\\/blog\\\/#\\\/schema\\\/logo\\\/image\\\/\",\"url\":\"https:\\\/\\\/www.comprecar.com.br\\\/blog\\\/wp-content\\\/uploads\\\/2021\\\/02\\\/Logo-comprecar-2020.png\",\"contentUrl\":\"https:\\\/\\\/www.comprecar.com.br\\\/blog\\\/wp-content\\\/uploads\\\/2021\\\/02\\\/Logo-comprecar-2020.png\",\"width\":1896,\"height\":504,\"caption\":\"Comprecar\"},\"image\":{\"@id\":\"https:\\\/\\\/www.comprecar.com.br\\\/blog\\\/#\\\/schema\\\/logo\\\/image\\\/\"},\"sameAs\":[\"https:\\\/\\\/www.facebook.com\\\/Comprecar\",\"https:\\\/\\\/x.com\\\/comprecar\",\"https:\\\/\\\/www.instagram.com\\\/comprecar\"]},{\"@type\":\"Person\",\"@id\":\"https:\\\/\\\/www.comprecar.com.br\\\/blog\\\/#\\\/schema\\\/person\\\/005f0c51a8f4069103b2546fb9de78bb\",\"name\":\"Fred\",\"image\":{\"@type\":\"ImageObject\",\"inLanguage\":\"pt-BR\",\"@id\":\"https:\\\/\\\/secure.gravatar.com\\\/avatar\\\/5d9633b5fd5f086a0d21824763ff62caa933616c7e8525c39357d3ebf950f257?s=96&d=mm&r=g\",\"url\":\"https:\\\/\\\/secure.gravatar.com\\\/avatar\\\/5d9633b5fd5f086a0d21824763ff62caa933616c7e8525c39357d3ebf950f257?s=96&d=mm&r=g\",\"contentUrl\":\"https:\\\/\\\/secure.gravatar.com\\\/avatar\\\/5d9633b5fd5f086a0d21824763ff62caa933616c7e8525c39357d3ebf950f257?s=96&d=mm&r=g\",\"caption\":\"Fred\"},\"description\":\"Fred \u00e9 empres\u00e1rio e atua h\u00e1 mais de duas d\u00e9cadas no mercado automotivo digital. \u00c9 fundador do Comprecar, plataforma criada em 2001 com o objetivo de conectar compradores e vendedores de ve\u00edculos, com forte presen\u00e7a nas cidades do interior do estado de S\u00e3o Paulo. Ao longo de sua trajet\u00f3ria, acumulou experi\u00eancia em marketing digital, tr\u00e1fego pago, SEO e estrat\u00e9gias de convers\u00e3o, sempre com foco em gerar resultados reais para anunciantes \u2014 especialmente na capta\u00e7\u00e3o de leads qualificados. Seu trabalho \u00e9 voltado para transformar o processo de compra e venda de ve\u00edculos em algo mais direto, transparente e eficiente, aproximando pessoas interessadas em negociar. Al\u00e9m da atua\u00e7\u00e3o empresarial, tamb\u00e9m desenvolve conte\u00fados voltados ao universo automotivo, abordando desde oportunidades de compra at\u00e9 an\u00e1lises de mercado, sempre com foco em ajudar o p\u00fablico a tomar decis\u00f5es mais seguras.\",\"sameAs\":[\"https:\\\/\\\/www.comprecar.com.br\",\"https:\\\/\\\/www.instagram.com\\\/fredbittar\\\/\",\"https:\\\/\\\/www.linkedin.com\\\/in\\\/fred-bittar-a0286b30\\\/\"],\"url\":\"https:\\\/\\\/www.comprecar.com.br\\\/blog\\\/author\\\/fred\\\/\"}]}<\/script>\n<!-- \/ Yoast SEO plugin. -->","yoast_head_json":{"title":"Documenta\u00e7\u00e3o do ve\u00edculo: tudo o que voc\u00ea precisa saber!","description":"A documenta\u00e7\u00e3o do ve\u00edculo garante a voc\u00ea regularidade e legalidade do seu autom\u00f3vel perante as leis de tr\u00e2nsito. Saiba aqui quais portar.","robots":{"index":"index","follow":"follow","max-snippet":"max-snippet:-1","max-image-preview":"max-image-preview:large","max-video-preview":"max-video-preview:-1"},"canonical":"https:\/\/www.comprecar.com.br\/blog\/documentacao-do-veiculo\/","og_locale":"pt_BR","og_type":"article","og_title":"Documenta\u00e7\u00e3o do ve\u00edculo: tudo o que voc\u00ea precisa saber!","og_description":"A documenta\u00e7\u00e3o do ve\u00edculo garante a voc\u00ea regularidade e legalidade do seu autom\u00f3vel perante as leis de tr\u00e2nsito. Saiba aqui quais portar.","og_url":"https:\/\/www.comprecar.com.br\/blog\/documentacao-do-veiculo\/","og_site_name":"Blog Comprecar: Guia Completo para Comprar, Vender e Cuidar do seu Carro","article_publisher":"https:\/\/www.facebook.com\/Comprecar","article_published_time":"2024-01-10T22:07:41+00:00","article_modified_time":"2024-01-10T22:16:12+00:00","og_image":[{"width":1280,"height":720,"url":"https:\/\/www.comprecar.com.br\/blog\/wp-content\/uploads\/2024\/01\/documentacao-do-veiculo.jpg","type":"image\/jpeg"}],"author":"Fred","twitter_card":"summary_large_image","twitter_creator":"@comprecar","twitter_site":"@comprecar","twitter_misc":{"Escrito por":"Fred","Est. tempo de leitura":"7 minutos"},"schema":{"@context":"https:\/\/schema.org","@graph":[{"@type":"Article","@id":"https:\/\/www.comprecar.com.br\/blog\/documentacao-do-veiculo\/#article","isPartOf":{"@id":"https:\/\/www.comprecar.com.br\/blog\/documentacao-do-veiculo\/"},"author":{"name":"Fred","@id":"https:\/\/www.comprecar.com.br\/blog\/#\/schema\/person\/005f0c51a8f4069103b2546fb9de78bb"},"headline":"Guia completo da documenta\u00e7\u00e3o essencial para seu ve\u00edculo","datePublished":"2024-01-10T22:07:41+00:00","dateModified":"2024-01-10T22:16:12+00:00","mainEntityOfPage":{"@id":"https:\/\/www.comprecar.com.br\/blog\/documentacao-do-veiculo\/"},"wordCount":1316,"commentCount":0,"publisher":{"@id":"https:\/\/www.comprecar.com.br\/blog\/#organization"},"image":{"@id":"https:\/\/www.comprecar.com.br\/blog\/documentacao-do-veiculo\/#primaryimage"},"thumbnailUrl":"https:\/\/www.comprecar.com.br\/blog\/wp-content\/uploads\/2024\/01\/documentacao-do-veiculo.jpg","articleSection":["Dicas"],"inLanguage":"pt-BR","potentialAction":[{"@type":"CommentAction","name":"Comment","target":["https:\/\/www.comprecar.com.br\/blog\/documentacao-do-veiculo\/#respond"]}]},{"@type":"WebPage","@id":"https:\/\/www.comprecar.com.br\/blog\/documentacao-do-veiculo\/","url":"https:\/\/www.comprecar.com.br\/blog\/documentacao-do-veiculo\/","name":"Documenta\u00e7\u00e3o do ve\u00edculo: tudo o que voc\u00ea precisa saber!","isPartOf":{"@id":"https:\/\/www.comprecar.com.br\/blog\/#website"},"primaryImageOfPage":{"@id":"https:\/\/www.comprecar.com.br\/blog\/documentacao-do-veiculo\/#primaryimage"},"image":{"@id":"https:\/\/www.comprecar.com.br\/blog\/documentacao-do-veiculo\/#primaryimage"},"thumbnailUrl":"https:\/\/www.comprecar.com.br\/blog\/wp-content\/uploads\/2024\/01\/documentacao-do-veiculo.jpg","datePublished":"2024-01-10T22:07:41+00:00","dateModified":"2024-01-10T22:16:12+00:00","description":"A documenta\u00e7\u00e3o do ve\u00edculo garante a voc\u00ea regularidade e legalidade do seu autom\u00f3vel perante as leis de tr\u00e2nsito. Saiba aqui quais portar.","breadcrumb":{"@id":"https:\/\/www.comprecar.com.br\/blog\/documentacao-do-veiculo\/#breadcrumb"},"inLanguage":"pt-BR","potentialAction":[{"@type":"ReadAction","target":["https:\/\/www.comprecar.com.br\/blog\/documentacao-do-veiculo\/"]}]},{"@type":"ImageObject","inLanguage":"pt-BR","@id":"https:\/\/www.comprecar.com.br\/blog\/documentacao-do-veiculo\/#primaryimage","url":"https:\/\/www.comprecar.com.br\/blog\/wp-content\/uploads\/2024\/01\/documentacao-do-veiculo.jpg","contentUrl":"https:\/\/www.comprecar.com.br\/blog\/wp-content\/uploads\/2024\/01\/documentacao-do-veiculo.jpg","width":1280,"height":720,"caption":"Documenta\u00e7\u00e3o do ve\u00edculo: tudo o que voc\u00ea precisa saber"},{"@type":"BreadcrumbList","@id":"https:\/\/www.comprecar.com.br\/blog\/documentacao-do-veiculo\/#breadcrumb","itemListElement":[{"@type":"ListItem","position":1,"name":"In\u00edcio","item":"https:\/\/www.comprecar.com.br\/blog\/"},{"@type":"ListItem","position":2,"name":"Guia completo da documenta\u00e7\u00e3o essencial para seu ve\u00edculo"}]},{"@type":"WebSite","@id":"https:\/\/www.comprecar.com.br\/blog\/#website","url":"https:\/\/www.comprecar.com.br\/blog\/","name":"Blog Comprecar: Guia Completo para Comprar, Vender e Cuidar do seu Carro","description":"Fique por dentro das \u00faltimas not\u00edcias do mercado, guias de manuten\u00e7\u00e3o e dicas essenciais para comprar ou vender seu ve\u00edculo. Acesse o Blog Comprecar e acelere seu conhecimento!","publisher":{"@id":"https:\/\/www.comprecar.com.br\/blog\/#organization"},"potentialAction":[{"@type":"SearchAction","target":{"@type":"EntryPoint","urlTemplate":"https:\/\/www.comprecar.com.br\/blog\/?s={search_term_string}"},"query-input":{"@type":"PropertyValueSpecification","valueRequired":true,"valueName":"search_term_string"}}],"inLanguage":"pt-BR"},{"@type":"Organization","@id":"https:\/\/www.comprecar.com.br\/blog\/#organization","name":"Comprecar","url":"https:\/\/www.comprecar.com.br\/blog\/","logo":{"@type":"ImageObject","inLanguage":"pt-BR","@id":"https:\/\/www.comprecar.com.br\/blog\/#\/schema\/logo\/image\/","url":"https:\/\/www.comprecar.com.br\/blog\/wp-content\/uploads\/2021\/02\/Logo-comprecar-2020.png","contentUrl":"https:\/\/www.comprecar.com.br\/blog\/wp-content\/uploads\/2021\/02\/Logo-comprecar-2020.png","width":1896,"height":504,"caption":"Comprecar"},"image":{"@id":"https:\/\/www.comprecar.com.br\/blog\/#\/schema\/logo\/image\/"},"sameAs":["https:\/\/www.facebook.com\/Comprecar","https:\/\/x.com\/comprecar","https:\/\/www.instagram.com\/comprecar"]},{"@type":"Person","@id":"https:\/\/www.comprecar.com.br\/blog\/#\/schema\/person\/005f0c51a8f4069103b2546fb9de78bb","name":"Fred","image":{"@type":"ImageObject","inLanguage":"pt-BR","@id":"https:\/\/secure.gravatar.com\/avatar\/5d9633b5fd5f086a0d21824763ff62caa933616c7e8525c39357d3ebf950f257?s=96&d=mm&r=g","url":"https:\/\/secure.gravatar.com\/avatar\/5d9633b5fd5f086a0d21824763ff62caa933616c7e8525c39357d3ebf950f257?s=96&d=mm&r=g","contentUrl":"https:\/\/secure.gravatar.com\/avatar\/5d9633b5fd5f086a0d21824763ff62caa933616c7e8525c39357d3ebf950f257?s=96&d=mm&r=g","caption":"Fred"},"description":"Fred \u00e9 empres\u00e1rio e atua h\u00e1 mais de duas d\u00e9cadas no mercado automotivo digital. \u00c9 fundador do Comprecar, plataforma criada em 2001 com o objetivo de conectar compradores e vendedores de ve\u00edculos, com forte presen\u00e7a nas cidades do interior do estado de S\u00e3o Paulo. Ao longo de sua trajet\u00f3ria, acumulou experi\u00eancia em marketing digital, tr\u00e1fego pago, SEO e estrat\u00e9gias de convers\u00e3o, sempre com foco em gerar resultados reais para anunciantes \u2014 especialmente na capta\u00e7\u00e3o de leads qualificados. Seu trabalho \u00e9 voltado para transformar o processo de compra e venda de ve\u00edculos em algo mais direto, transparente e eficiente, aproximando pessoas interessadas em negociar. Al\u00e9m da atua\u00e7\u00e3o empresarial, tamb\u00e9m desenvolve conte\u00fados voltados ao universo automotivo, abordando desde oportunidades de compra at\u00e9 an\u00e1lises de mercado, sempre com foco em ajudar o p\u00fablico a tomar decis\u00f5es mais seguras.","sameAs":["https:\/\/www.comprecar.com.br","https:\/\/www.instagram.com\/fredbittar\/","https:\/\/www.linkedin.com\/in\/fred-bittar-a0286b30\/"],"url":"https:\/\/www.comprecar.com.br\/blog\/author\/fred\/"}]}},"_links":{"self":[{"href":"https:\/\/www.comprecar.com.br\/blog\/wp-json\/wp\/v2\/posts\/1160","targetHints":{"allow":["GET"]}}],"collection":[{"href":"https:\/\/www.comprecar.com.br\/blog\/wp-json\/wp\/v2\/posts"}],"about":[{"href":"https:\/\/www.comprecar.com.br\/blog\/wp-json\/wp\/v2\/types\/post"}],"author":[{"embeddable":true,"href":"https:\/\/www.comprecar.com.br\/blog\/wp-json\/wp\/v2\/users\/1"}],"replies":[{"embeddable":true,"href":"https:\/\/www.comprecar.com.br\/blog\/wp-json\/wp\/v2\/comments?post=1160"}],"version-history":[{"count":2,"href":"https:\/\/www.comprecar.com.br\/blog\/wp-json\/wp\/v2\/posts\/1160\/revisions"}],"predecessor-version":[{"id":1168,"href":"https:\/\/www.comprecar.com.br\/blog\/wp-json\/wp\/v2\/posts\/1160\/revisions\/1168"}],"wp:featuredmedia":[{"embeddable":true,"href":"https:\/\/www.comprecar.com.br\/blog\/wp-json\/wp\/v2\/media\/1163"}],"wp:attachment":[{"href":"https:\/\/www.comprecar.com.br\/blog\/wp-json\/wp\/v2\/media?parent=1160"}],"wp:term":[{"taxonomy":"category","embeddable":true,"href":"https:\/\/www.comprecar.com.br\/blog\/wp-json\/wp\/v2\/categories?post=1160"},{"taxonomy":"post_tag","embeddable":true,"href":"https:\/\/www.comprecar.com.br\/blog\/wp-json\/wp\/v2\/tags?post=1160"}],"curies":[{"name":"wp","href":"https:\/\/api.w.org\/{rel}","templated":true}]}}