{"id":1169,"date":"2024-01-17T13:45:06","date_gmt":"2024-01-17T16:45:06","guid":{"rendered":"https:\/\/www.comprecar.com.br\/blog\/?p=1169"},"modified":"2024-01-17T13:45:07","modified_gmt":"2024-01-17T16:45:07","slug":"manutencao-do-carro","status":"publish","type":"post","link":"https:\/\/www.comprecar.com.br\/blog\/manutencao-do-carro\/","title":{"rendered":"Manuten\u00e7\u00e3o do carro: dicas essenciais para conservar seu ve\u00edculo"},"content":{"rendered":"\n<p>A manuten\u00e7\u00e3o do carro \u00e9 crucial para garantir a seguran\u00e7a, a performance e a durabilidade do ve\u00edculo.<\/p>\n\n\n\n<p>Sabendo disso, preparamos esse texto para dar a voc\u00ea dicas e orienta\u00e7\u00f5es para cuidar adequadamente do seu autom\u00f3vel.<\/p>\n\n\n\n<!--more-->\n\n\n\n<p>Aqui voc\u00ea vai aprender a prevenir problemas mec\u00e2nicos, prolongar sua vida \u00fatil e assegurar viagens mais seguras e tranquilas.&nbsp;<\/p>\n\n\n\n<p>Bora conhecer as principais dicas de manuten\u00e7\u00e3o de carros?&nbsp;<\/p>\n\n\n\n<h2 class=\"wp-block-heading\">7 dicas para manuten\u00e7\u00e3o do carro estar em dia<\/h2>\n\n\n\n<p>Abaixo, apresentamos a voc\u00ea um check list de manuten\u00e7\u00e3o preventiva automotiva.&nbsp;<\/p>\n\n\n\n<h3 class=\"wp-block-heading\">1. Mudan\u00e7a de \u00f3leo e filtro<\/h3>\n\n\n\n<p>A troca regular de \u00f3leo e filtro \u00e9 fundamental para manter o motor do ve\u00edculo funcionando corretamente e uma das principais etapas da manuten\u00e7\u00e3o do carro.<\/p>\n\n\n\n<p>Recomenda-se <strong>seguir o intervalo de troca indicado pelo fabricante do carro, <\/strong>normalmente a cada 5.000 a 8.000 quil\u00f4metros, mas isso pode variar de acordo com o tipo de \u00f3leo e o uso do ve\u00edculo.&nbsp;<\/p>\n\n\n\n<h3 class=\"wp-block-heading\">2. Calibragem dos pneus<\/h3>\n\n\n\n<p>Manter a press\u00e3o correta nos pneus \u00e9 essencial para garantir uma dire\u00e7\u00e3o segura, economia de combust\u00edvel e durabilidade dos pneus.&nbsp;<\/p>\n\n\n\n<p>Por isso, ao fazer a manuten\u00e7\u00e3o do carro, verifique a press\u00e3o dos pneus regularmente, <strong>pelo menos uma vez por m\u00eas, <\/strong>utilizando um medidor de press\u00e3o de pneus confi\u00e1vel.<\/p>\n\n\n\n<p>Lembre-se que a press\u00e3o correta pode ser encontrada no manual do propriet\u00e1rio ou na etiqueta fixada geralmente na porta do motorista ou no compartimento do combust\u00edvel.<\/p>\n\n\n\n<h3 class=\"wp-block-heading\">3. Verifica\u00e7\u00e3o e manuten\u00e7\u00e3o dos fluidos<\/h3>\n\n\n\n<p>Os fluidos s\u00e3o vitais para o funcionamento adequado do ve\u00edculo, logo, s\u00e3o fundamentais quando falamos da manuten\u00e7\u00e3o do carro.<\/p>\n\n\n\n<p>Ent\u00e3o, quando for realizar a manuten\u00e7\u00e3o do carro, verifique regularmente o n\u00edvel e a condi\u00e7\u00e3o do \u00f3leo do motor, fluido de transmiss\u00e3o, l\u00edquido de arrefecimento, fluido de freio e fluido da dire\u00e7\u00e3o hidr\u00e1ulica, se aplic\u00e1vel.&nbsp;<\/p>\n\n\n\n<h3 class=\"wp-block-heading\">4. Revis\u00e3o dos freios e suspens\u00e3o<\/h3>\n\n\n\n<p>A verifica\u00e7\u00e3o peri\u00f3dica dos sistemas de freios e suspens\u00e3o \u00e9 crucial para a seguran\u00e7a do seu ve\u00edculo.&nbsp;<\/p>\n\n\n\n<p>Portanto, verifique regularmente o <strong>estado das pastilhas de freio, discos, tambores e fluido de freio.<\/strong>&nbsp;<\/p>\n\n\n\n<p>Qualquer sinal de desgaste excessivo, barulhos estranhos ao frear ou a sensa\u00e7\u00e3o de pedal esponjoso \u00e9 um indicativo de que uma inspe\u00e7\u00e3o mais detalhada \u00e9 necess\u00e1ria.&nbsp;<\/p>\n\n\n\n<p>Al\u00e9m disso, ao fazer a manuten\u00e7\u00e3o do carro, a suspens\u00e3o deve ser verificada quando h\u00e1 <strong>vazamentos nos amortecedores, folgas nas buchas e componentes desgastados.<\/strong><\/p>\n\n\n\n<p>Isso porque problemas nessa \u00e1rea podem comprometer a estabilidade e o conforto ao dirigir.<\/p>\n\n\n\n<h3 class=\"wp-block-heading\">5. Troca de filtros de ar e combust\u00edvel<\/h3>\n\n\n\n<p>Os filtros de ar e combust\u00edvel desempenham um papel importante no desempenho do motor.&nbsp;<\/p>\n\n\n\n<p>Isso porque o filtro de ar<strong> ret\u00e9m impurezas do ar admitido pelo motor,<\/strong> enquanto o filtro de combust\u00edvel<strong> garante que o combust\u00edvel chegue limpo ao sistema de inje\u00e7\u00e3o ou carburador.&nbsp;<\/strong><\/p>\n\n\n\n<p>Logo, \u00e9 recomendado seguir o intervalo de troca indicado pelo fabricante ou substitu\u00ed-los sempre que estiverem sujos ou obstru\u00eddos.<\/p>\n\n\n\n<p>No mais, tenha em mente que manter esses filtros limpos e funcionando corretamente contribui para a efici\u00eancia do motor e prolonga a vida \u00fatil de outros componentes do ve\u00edculo.<\/p>\n\n\n\n<h3 class=\"wp-block-heading\">6. Inspe\u00e7\u00e3o da bateria e sistema el\u00e9trico<\/h3>\n\n\n\n<p>Entre as curiosidades sobre manuten\u00e7\u00e3o de carros, destacamos a verifica\u00e7\u00e3o peri\u00f3dica do estado da bateria, cabos, bornes e sistema de carga, algo essencial para garantir um funcionamento el\u00e9trico adequado do ve\u00edculo.&nbsp;<\/p>\n\n\n\n<p>Isso significa que voc\u00ea deve certificar-se de que<strong> os cabos est\u00e3o bem conectados e sem corros\u00e3o, <\/strong>al\u00e9m de verificar se a <strong>bateria est\u00e1 livre de vazamentos.&nbsp;<\/strong><\/p>\n\n\n\n<p>No mais, inspecione as luzes do carro, incluindo far\u00f3is, lanternas, luzes de freio e piscas, para garantir que estejam funcionando corretamente.&nbsp;<\/p>\n\n\n\n<p>Nesses casos, problemas el\u00e9tricos podem causar falhas no arranque do ve\u00edculo e afetar outros sistemas importantes.<\/p>\n\n\n\n<h3 class=\"wp-block-heading\">7. Troca da correia dentada<\/h3>\n\n\n\n<p>Essa pe\u00e7a desempenha um papel crucial no funcionamento do motor, sincronizando o movimento entre o virabrequim e o comando de v\u00e1lvulas, portanto, \u00e9 essencial troc\u00e1-la ao fazer a manuten\u00e7\u00e3o do carro.<\/p>\n\n\n\n<p>E o per\u00edodo de troca da correia dentada varia consideravelmente entre os diferentes modelos de carros e motores.&nbsp;<\/p>\n\n\n\n<p>Mas, em geral, a<strong> recomenda\u00e7\u00e3o dos fabricantes \u00e9 realizar essa troca entre 60.000 a 160.000 quil\u00f4metros.<\/strong><\/p>\n\n\n\n<p>Entretanto, \u00e9 crucial verificar as orienta\u00e7\u00f5es espec\u00edficas para o seu ve\u00edculo no manual do propriet\u00e1rio ou com um mec\u00e2nico especializado.<\/p>\n\n\n\n<p>Geralmente, durante a troca da correia dentada, <strong>tamb\u00e9m s\u00e3o substitu\u00eddos outros componentes do sistema,<\/strong> como polias tensoras e guias, para garantir um funcionamento adequado e prevenir problemas futuros.<\/p>\n\n\n\n<p><strong>Leia tamb\u00e9m:<\/strong> <a href=\"https:\/\/www.comprecar.com.br\/blog\/2023\/11\/15\/quilometragem-ideal-para-comprar-um-usado\/\" target=\"_blank\" rel=\"noreferrer noopener\"><strong>Qual a quilometragem ideal para comprar um usado? Descubra!<\/strong><\/a><\/p>\n\n\n\n<figure class=\"wp-block-image size-large\"><img loading=\"lazy\" decoding=\"async\" width=\"1024\" height=\"512\" src=\"https:\/\/www.comprecar.com.br\/blog\/wp-content\/uploads\/2024\/01\/manutencao-de-carros-tabela-1024x512.jpg\" alt=\"Manuten\u00e7\u00e3o do carro: dicas essenciais para conservar seu ve\u00edculo\" class=\"wp-image-1172\" srcset=\"https:\/\/www.comprecar.com.br\/blog\/wp-content\/uploads\/2024\/01\/manutencao-de-carros-tabela-1024x512.jpg 1024w, https:\/\/www.comprecar.com.br\/blog\/wp-content\/uploads\/2024\/01\/manutencao-de-carros-tabela-300x150.jpg 300w, https:\/\/www.comprecar.com.br\/blog\/wp-content\/uploads\/2024\/01\/manutencao-de-carros-tabela-768x384.jpg 768w, https:\/\/www.comprecar.com.br\/blog\/wp-content\/uploads\/2024\/01\/manutencao-de-carros-tabela-1200x600.jpg 1200w, https:\/\/www.comprecar.com.br\/blog\/wp-content\/uploads\/2024\/01\/manutencao-de-carros-tabela.jpg 1280w\" sizes=\"auto, (max-width: 1024px) 100vw, 1024px\" \/><\/figure>\n\n\n\n<h2 class=\"wp-block-heading\">A import\u00e2ncia da manuten\u00e7\u00e3o corretiva e preventiva<\/h2>\n\n\n\n<p>Enquanto a manuten\u00e7\u00e3o preventiva de carro visa evitar problemas antes que eles ocorram, a manuten\u00e7\u00e3o corretiva lida com quest\u00f5es existentes para evitar danos mais s\u00e9rios.&nbsp;<\/p>\n\n\n\n<p>Juntas, essas pr\u00e1ticas asseguram a confiabilidade, a seguran\u00e7a e a longevidade do carro, sendo passos fundamentais da manuten\u00e7\u00e3o do carro.<\/p>\n\n\n\n<p>Entenda mais detalhes sobre cada uma delas!<\/p>\n\n\n\n<h3 class=\"wp-block-heading\">Manuten\u00e7\u00e3o Preventiva<\/h3>\n\n\n\n<ul class=\"wp-block-list\"><li><strong>Previne problemas: <\/strong>envolve inspe\u00e7\u00f5es, substitui\u00e7\u00f5es e ajustes regulares para identificar falhas antes que se tornem s\u00e9rias, evitando quebras inesperadas e gastos excessivos com reparos.<\/li><li><strong>Prolonga a vida \u00fatil:<\/strong> realiza servi\u00e7os como trocas de \u00f3leo, verifica\u00e7\u00e3o de fluidos e inspe\u00e7\u00e3o de componentes, assim \u00e9 poss\u00edvel prolongar a vida \u00fatil do ve\u00edculo e manter seu desempenho ao longo do tempo.<\/li><li><strong>Seguran\u00e7a: <\/strong>antecipa e corrige problemas potenciais para garantir que o ve\u00edculo opere de forma segura.<\/li><\/ul>\n\n\n\n<h3 class=\"wp-block-heading\">Manuten\u00e7\u00e3o Corretiva<\/h3>\n\n\n\n<ul class=\"wp-block-list\"><li><strong>Resolve problemas existentes:<\/strong> corrige falhas j\u00e1 presentes no ve\u00edculo para restaurar o desempenho adequado.<\/li><li><strong>Evita agravamento de danos: <\/strong>a manuten\u00e7\u00e3o corretiva do carro evita que problemas pequenos se transformem em grandes falhas, o que poupa a voc\u00ea tempo e dinheiro.<\/li><\/ul>\n\n\n\n<figure class=\"wp-block-image size-large\"><img loading=\"lazy\" decoding=\"async\" width=\"1024\" height=\"576\" src=\"https:\/\/www.comprecar.com.br\/blog\/wp-content\/uploads\/2024\/01\/manutencao-do-carro-valor-1024x576.jpg\" alt=\"Manuten\u00e7\u00e3o do carro: dicas para um ve\u00edculo sempre em boas condi\u00e7\u00f5es\" class=\"wp-image-1171\" srcset=\"https:\/\/www.comprecar.com.br\/blog\/wp-content\/uploads\/2024\/01\/manutencao-do-carro-valor-1024x576.jpg 1024w, https:\/\/www.comprecar.com.br\/blog\/wp-content\/uploads\/2024\/01\/manutencao-do-carro-valor-300x169.jpg 300w, https:\/\/www.comprecar.com.br\/blog\/wp-content\/uploads\/2024\/01\/manutencao-do-carro-valor-768x432.jpg 768w, https:\/\/www.comprecar.com.br\/blog\/wp-content\/uploads\/2024\/01\/manutencao-do-carro-valor-1200x675.jpg 1200w, https:\/\/www.comprecar.com.br\/blog\/wp-content\/uploads\/2024\/01\/manutencao-do-carro-valor.jpg 1280w\" sizes=\"auto, (max-width: 1024px) 100vw, 1024px\" \/><\/figure>\n\n\n\n<h2 class=\"wp-block-heading\">Entenda os diferenciais de adquirir o seu ve\u00edculo na Comprecar<\/h2>\n\n\n\n<p>A Comprecar \u00e9 uma plataforma reconhecida por sua ampla variedade de op\u00e7\u00f5es e benef\u00edcios para consumidores interessados em comprar um <strong><a href=\"https:\/\/www.comprecar.com.br\/blog\/2023\/08\/09\/carro-novo-ou-usado\/\" target=\"_blank\" rel=\"noreferrer noopener\">carro novo ou usado<\/a><\/strong>.<\/p>\n\n\n\n<p>Nosso diferenciais incluem:<\/p>\n\n\n\n<ul class=\"wp-block-list\"><li><strong>variedade de ve\u00edculos: <\/strong>oferecemos uma ampla gama de op\u00e7\u00f5es para atender \u00e0s diferentes prefer\u00eancias e necessidades dos consumidores.<\/li><li><strong>facilidade de compara\u00e7\u00e3o: <\/strong>permitimos compara\u00e7\u00f5es simples entre modelos, pre\u00e7os e condi\u00e7\u00f5es dos ve\u00edculos, algo que facilita a sua tomada de decis\u00e3o.<\/li><li>transpar\u00eancia e confiabilidade: fornecemos informa\u00e7\u00f5es detalhadas e precisas sobre os carros anunciados, incluindo hist\u00f3rico, caracter\u00edsticas e condi\u00e7\u00f5es reais, o que promove confian\u00e7a durante o processo de compra.<\/li><li><strong>troca inteligente de carro:<\/strong> oferecemos recursos que facilitam a<strong> <a href=\"https:\/\/www.comprecar.com.br\/blog\/2023\/07\/19\/trocar-de-carro\/\" target=\"_blank\" rel=\"noreferrer noopener\">troca de carro<\/a><\/strong>.<\/li><\/ul>\n\n\n\n<p><strong><a href=\"https:\/\/www.comprecar.com.br\/\" target=\"_blank\" rel=\"noreferrer noopener\">V\u00e1rios carros novos e usados, voc\u00ea encontra na Comprecar!<\/a><\/strong><\/p>\n\n\n\n<h2 class=\"wp-block-heading\">Conclus\u00e3o<\/h2>\n\n\n\n<p>Hoje nosso foco era explicar a voc\u00ea quais as manuten\u00e7\u00f5es b\u00e1sicas do carro e o que trocar no carro na manuten\u00e7\u00e3o.<\/p>\n\n\n\n<p>Como voc\u00ea viu, manter a manuten\u00e7\u00e3o do carro \u00e9 fundamental para garantir sua seguran\u00e7a, durabilidade e desempenho.&nbsp;<\/p>\n\n\n\n<p>Por isso, mergulhamos em dicas cruciais para cuidar do seu ve\u00edculo e prevenir problemas mec\u00e2nicos, prolongando sua vida \u00fatil.<\/p>\n\n\n\n<p>Abordamos a import\u00e2ncia da troca de \u00f3leo e filtro, calibragem dos pneus, verifica\u00e7\u00e3o dos fluidos, revis\u00e3o dos freios e suspens\u00e3o, troca de filtros de ar e combust\u00edvel, inspe\u00e7\u00e3o do sistema el\u00e9trico e a relev\u00e2ncia da troca da correia dentada.&nbsp;<\/p>\n\n\n\n<p>Al\u00e9m do mais, <strong>destacamos a distin\u00e7\u00e3o entre a manuten\u00e7\u00e3o preventiva de carro,<\/strong> que evita problemas futuros, <strong>e a corretiva, <\/strong>que soluciona problemas existentes &#8211; ambas fundamentais para garantir a confiabilidade do ve\u00edculo.&nbsp;<\/p>\n\n\n\n<p>Tamb\u00e9m discutimos os benef\u00edcios de <strong>comprar ou trocar de carro com Comprecar, <\/strong>nossa plataforma reconhecida pela ampla variedade de ve\u00edculos, facilidade de compara\u00e7\u00e3o, transpar\u00eancia e recursos para troca inteligente.<\/p>\n\n\n\n<p>N\u00f3s oferecemos a voc\u00ea uma experi\u00eancia completa e confi\u00e1vel na aquisi\u00e7\u00e3o de ve\u00edculos novos ou usados!<\/p>\n","protected":false},"excerpt":{"rendered":"<p>A manuten\u00e7\u00e3o do carro \u00e9 crucial para garantir a seguran\u00e7a, a performance e a durabilidade do ve\u00edculo. Sabendo disso, preparamos esse texto para dar a voc\u00ea dicas e orienta\u00e7\u00f5es para cuidar adequadamente do seu autom\u00f3vel.<\/p>\n","protected":false},"author":1,"featured_media":1170,"comment_status":"open","ping_status":"open","sticky":false,"template":"","format":"standard","meta":{"_kad_post_transparent":"","_kad_post_title":"","_kad_post_layout":"","_kad_post_sidebar_id":"","_kad_post_content_style":"","_kad_post_vertical_padding":"","_kad_post_feature":"","_kad_post_feature_position":"","_kad_post_header":false,"_kad_post_footer":false,"_kad_post_classname":"","footnotes":""},"categories":[73],"tags":[],"class_list":["post-1169","post","type-post","status-publish","format-standard","has-post-thumbnail","hentry","category-dicas"],"yoast_head":"<!-- This site is optimized with the Yoast SEO plugin v27.3 - https:\/\/yoast.com\/product\/yoast-seo-wordpress\/ -->\n<title>Manuten\u00e7\u00e3o do carro: dicas essenciais para conservar seu ve\u00edculo<\/title>\n<meta name=\"description\" content=\"A manuten\u00e7\u00e3o do carro \u00e9 crucial para garantir a seguran\u00e7a, a performance e a durabilidade do ve\u00edculo. Entenda aqui o que precisa ser feito.\" \/>\n<meta name=\"robots\" content=\"index, follow, max-snippet:-1, max-image-preview:large, max-video-preview:-1\" \/>\n<link rel=\"canonical\" href=\"https:\/\/www.comprecar.com.br\/blog\/manutencao-do-carro\/\" \/>\n<meta property=\"og:locale\" content=\"pt_BR\" \/>\n<meta property=\"og:type\" content=\"article\" \/>\n<meta property=\"og:title\" content=\"Manuten\u00e7\u00e3o do carro: dicas essenciais para conservar seu ve\u00edculo\" \/>\n<meta property=\"og:description\" content=\"A manuten\u00e7\u00e3o do carro \u00e9 crucial para garantir a seguran\u00e7a, a performance e a durabilidade do ve\u00edculo. Entenda aqui o que precisa ser feito.\" \/>\n<meta property=\"og:url\" content=\"https:\/\/www.comprecar.com.br\/blog\/manutencao-do-carro\/\" \/>\n<meta property=\"og:site_name\" content=\"Blog Comprecar: Guia Completo para Comprar, Vender e Cuidar do seu Carro\" \/>\n<meta property=\"article:publisher\" content=\"https:\/\/www.facebook.com\/Comprecar\" \/>\n<meta property=\"article:published_time\" content=\"2024-01-17T16:45:06+00:00\" \/>\n<meta property=\"article:modified_time\" content=\"2024-01-17T16:45:07+00:00\" \/>\n<meta property=\"og:image\" content=\"https:\/\/www.comprecar.com.br\/blog\/wp-content\/uploads\/2024\/01\/manutencao-do-carro.jpg\" \/>\n\t<meta property=\"og:image:width\" content=\"1280\" \/>\n\t<meta property=\"og:image:height\" content=\"853\" \/>\n\t<meta property=\"og:image:type\" content=\"image\/jpeg\" \/>\n<meta name=\"author\" content=\"Fred\" \/>\n<meta name=\"twitter:card\" content=\"summary_large_image\" \/>\n<meta name=\"twitter:creator\" content=\"@comprecar\" \/>\n<meta name=\"twitter:site\" content=\"@comprecar\" \/>\n<meta name=\"twitter:label1\" content=\"Escrito por\" \/>\n\t<meta name=\"twitter:data1\" content=\"Fred\" \/>\n\t<meta name=\"twitter:label2\" content=\"Est. tempo de leitura\" \/>\n\t<meta name=\"twitter:data2\" content=\"7 minutos\" \/>\n<script type=\"application\/ld+json\" class=\"yoast-schema-graph\">{\"@context\":\"https:\\\/\\\/schema.org\",\"@graph\":[{\"@type\":\"Article\",\"@id\":\"https:\\\/\\\/www.comprecar.com.br\\\/blog\\\/manutencao-do-carro\\\/#article\",\"isPartOf\":{\"@id\":\"https:\\\/\\\/www.comprecar.com.br\\\/blog\\\/manutencao-do-carro\\\/\"},\"author\":{\"name\":\"Fred\",\"@id\":\"https:\\\/\\\/www.comprecar.com.br\\\/blog\\\/#\\\/schema\\\/person\\\/005f0c51a8f4069103b2546fb9de78bb\"},\"headline\":\"Manuten\u00e7\u00e3o do carro: dicas essenciais para conservar seu ve\u00edculo\",\"datePublished\":\"2024-01-17T16:45:06+00:00\",\"dateModified\":\"2024-01-17T16:45:07+00:00\",\"mainEntityOfPage\":{\"@id\":\"https:\\\/\\\/www.comprecar.com.br\\\/blog\\\/manutencao-do-carro\\\/\"},\"wordCount\":1362,\"commentCount\":0,\"publisher\":{\"@id\":\"https:\\\/\\\/www.comprecar.com.br\\\/blog\\\/#organization\"},\"image\":{\"@id\":\"https:\\\/\\\/www.comprecar.com.br\\\/blog\\\/manutencao-do-carro\\\/#primaryimage\"},\"thumbnailUrl\":\"https:\\\/\\\/www.comprecar.com.br\\\/blog\\\/wp-content\\\/uploads\\\/2024\\\/01\\\/manutencao-do-carro.jpg\",\"articleSection\":[\"Dicas\"],\"inLanguage\":\"pt-BR\",\"potentialAction\":[{\"@type\":\"CommentAction\",\"name\":\"Comment\",\"target\":[\"https:\\\/\\\/www.comprecar.com.br\\\/blog\\\/manutencao-do-carro\\\/#respond\"]}]},{\"@type\":\"WebPage\",\"@id\":\"https:\\\/\\\/www.comprecar.com.br\\\/blog\\\/manutencao-do-carro\\\/\",\"url\":\"https:\\\/\\\/www.comprecar.com.br\\\/blog\\\/manutencao-do-carro\\\/\",\"name\":\"Manuten\u00e7\u00e3o do carro: dicas essenciais para conservar seu ve\u00edculo\",\"isPartOf\":{\"@id\":\"https:\\\/\\\/www.comprecar.com.br\\\/blog\\\/#website\"},\"primaryImageOfPage\":{\"@id\":\"https:\\\/\\\/www.comprecar.com.br\\\/blog\\\/manutencao-do-carro\\\/#primaryimage\"},\"image\":{\"@id\":\"https:\\\/\\\/www.comprecar.com.br\\\/blog\\\/manutencao-do-carro\\\/#primaryimage\"},\"thumbnailUrl\":\"https:\\\/\\\/www.comprecar.com.br\\\/blog\\\/wp-content\\\/uploads\\\/2024\\\/01\\\/manutencao-do-carro.jpg\",\"datePublished\":\"2024-01-17T16:45:06+00:00\",\"dateModified\":\"2024-01-17T16:45:07+00:00\",\"description\":\"A manuten\u00e7\u00e3o do carro \u00e9 crucial para garantir a seguran\u00e7a, a performance e a durabilidade do ve\u00edculo. Entenda aqui o que precisa ser feito.\",\"breadcrumb\":{\"@id\":\"https:\\\/\\\/www.comprecar.com.br\\\/blog\\\/manutencao-do-carro\\\/#breadcrumb\"},\"inLanguage\":\"pt-BR\",\"potentialAction\":[{\"@type\":\"ReadAction\",\"target\":[\"https:\\\/\\\/www.comprecar.com.br\\\/blog\\\/manutencao-do-carro\\\/\"]}]},{\"@type\":\"ImageObject\",\"inLanguage\":\"pt-BR\",\"@id\":\"https:\\\/\\\/www.comprecar.com.br\\\/blog\\\/manutencao-do-carro\\\/#primaryimage\",\"url\":\"https:\\\/\\\/www.comprecar.com.br\\\/blog\\\/wp-content\\\/uploads\\\/2024\\\/01\\\/manutencao-do-carro.jpg\",\"contentUrl\":\"https:\\\/\\\/www.comprecar.com.br\\\/blog\\\/wp-content\\\/uploads\\\/2024\\\/01\\\/manutencao-do-carro.jpg\",\"width\":1280,\"height\":853,\"caption\":\"Manuten\u00e7\u00e3o do carro: dicas essenciais para conservar seu ve\u00edculo\"},{\"@type\":\"BreadcrumbList\",\"@id\":\"https:\\\/\\\/www.comprecar.com.br\\\/blog\\\/manutencao-do-carro\\\/#breadcrumb\",\"itemListElement\":[{\"@type\":\"ListItem\",\"position\":1,\"name\":\"In\u00edcio\",\"item\":\"https:\\\/\\\/www.comprecar.com.br\\\/blog\\\/\"},{\"@type\":\"ListItem\",\"position\":2,\"name\":\"Manuten\u00e7\u00e3o do carro: dicas essenciais para conservar seu ve\u00edculo\"}]},{\"@type\":\"WebSite\",\"@id\":\"https:\\\/\\\/www.comprecar.com.br\\\/blog\\\/#website\",\"url\":\"https:\\\/\\\/www.comprecar.com.br\\\/blog\\\/\",\"name\":\"Blog Comprecar: Guia Completo para Comprar, Vender e Cuidar do seu Carro\",\"description\":\"Fique por dentro das \u00faltimas not\u00edcias do mercado, guias de manuten\u00e7\u00e3o e dicas essenciais para comprar ou vender seu ve\u00edculo. Acesse o Blog Comprecar e acelere seu conhecimento!\",\"publisher\":{\"@id\":\"https:\\\/\\\/www.comprecar.com.br\\\/blog\\\/#organization\"},\"potentialAction\":[{\"@type\":\"SearchAction\",\"target\":{\"@type\":\"EntryPoint\",\"urlTemplate\":\"https:\\\/\\\/www.comprecar.com.br\\\/blog\\\/?s={search_term_string}\"},\"query-input\":{\"@type\":\"PropertyValueSpecification\",\"valueRequired\":true,\"valueName\":\"search_term_string\"}}],\"inLanguage\":\"pt-BR\"},{\"@type\":\"Organization\",\"@id\":\"https:\\\/\\\/www.comprecar.com.br\\\/blog\\\/#organization\",\"name\":\"Comprecar\",\"url\":\"https:\\\/\\\/www.comprecar.com.br\\\/blog\\\/\",\"logo\":{\"@type\":\"ImageObject\",\"inLanguage\":\"pt-BR\",\"@id\":\"https:\\\/\\\/www.comprecar.com.br\\\/blog\\\/#\\\/schema\\\/logo\\\/image\\\/\",\"url\":\"https:\\\/\\\/www.comprecar.com.br\\\/blog\\\/wp-content\\\/uploads\\\/2021\\\/02\\\/Logo-comprecar-2020.png\",\"contentUrl\":\"https:\\\/\\\/www.comprecar.com.br\\\/blog\\\/wp-content\\\/uploads\\\/2021\\\/02\\\/Logo-comprecar-2020.png\",\"width\":1896,\"height\":504,\"caption\":\"Comprecar\"},\"image\":{\"@id\":\"https:\\\/\\\/www.comprecar.com.br\\\/blog\\\/#\\\/schema\\\/logo\\\/image\\\/\"},\"sameAs\":[\"https:\\\/\\\/www.facebook.com\\\/Comprecar\",\"https:\\\/\\\/x.com\\\/comprecar\",\"https:\\\/\\\/www.instagram.com\\\/comprecar\"]},{\"@type\":\"Person\",\"@id\":\"https:\\\/\\\/www.comprecar.com.br\\\/blog\\\/#\\\/schema\\\/person\\\/005f0c51a8f4069103b2546fb9de78bb\",\"name\":\"Fred\",\"image\":{\"@type\":\"ImageObject\",\"inLanguage\":\"pt-BR\",\"@id\":\"https:\\\/\\\/secure.gravatar.com\\\/avatar\\\/5d9633b5fd5f086a0d21824763ff62caa933616c7e8525c39357d3ebf950f257?s=96&d=mm&r=g\",\"url\":\"https:\\\/\\\/secure.gravatar.com\\\/avatar\\\/5d9633b5fd5f086a0d21824763ff62caa933616c7e8525c39357d3ebf950f257?s=96&d=mm&r=g\",\"contentUrl\":\"https:\\\/\\\/secure.gravatar.com\\\/avatar\\\/5d9633b5fd5f086a0d21824763ff62caa933616c7e8525c39357d3ebf950f257?s=96&d=mm&r=g\",\"caption\":\"Fred\"},\"description\":\"Fred \u00e9 empres\u00e1rio e atua h\u00e1 mais de duas d\u00e9cadas no mercado automotivo digital. \u00c9 fundador do Comprecar, plataforma criada em 2001 com o objetivo de conectar compradores e vendedores de ve\u00edculos, com forte presen\u00e7a nas cidades do interior do estado de S\u00e3o Paulo. Ao longo de sua trajet\u00f3ria, acumulou experi\u00eancia em marketing digital, tr\u00e1fego pago, SEO e estrat\u00e9gias de convers\u00e3o, sempre com foco em gerar resultados reais para anunciantes \u2014 especialmente na capta\u00e7\u00e3o de leads qualificados. Seu trabalho \u00e9 voltado para transformar o processo de compra e venda de ve\u00edculos em algo mais direto, transparente e eficiente, aproximando pessoas interessadas em negociar. Al\u00e9m da atua\u00e7\u00e3o empresarial, tamb\u00e9m desenvolve conte\u00fados voltados ao universo automotivo, abordando desde oportunidades de compra at\u00e9 an\u00e1lises de mercado, sempre com foco em ajudar o p\u00fablico a tomar decis\u00f5es mais seguras.\",\"sameAs\":[\"https:\\\/\\\/www.comprecar.com.br\",\"https:\\\/\\\/www.instagram.com\\\/fredbittar\\\/\",\"https:\\\/\\\/www.linkedin.com\\\/in\\\/fred-bittar-a0286b30\\\/\"],\"url\":\"https:\\\/\\\/www.comprecar.com.br\\\/blog\\\/author\\\/fred\\\/\"}]}<\/script>\n<!-- \/ Yoast SEO plugin. -->","yoast_head_json":{"title":"Manuten\u00e7\u00e3o do carro: dicas essenciais para conservar seu ve\u00edculo","description":"A manuten\u00e7\u00e3o do carro \u00e9 crucial para garantir a seguran\u00e7a, a performance e a durabilidade do ve\u00edculo. Entenda aqui o que precisa ser feito.","robots":{"index":"index","follow":"follow","max-snippet":"max-snippet:-1","max-image-preview":"max-image-preview:large","max-video-preview":"max-video-preview:-1"},"canonical":"https:\/\/www.comprecar.com.br\/blog\/manutencao-do-carro\/","og_locale":"pt_BR","og_type":"article","og_title":"Manuten\u00e7\u00e3o do carro: dicas essenciais para conservar seu ve\u00edculo","og_description":"A manuten\u00e7\u00e3o do carro \u00e9 crucial para garantir a seguran\u00e7a, a performance e a durabilidade do ve\u00edculo. Entenda aqui o que precisa ser feito.","og_url":"https:\/\/www.comprecar.com.br\/blog\/manutencao-do-carro\/","og_site_name":"Blog Comprecar: Guia Completo para Comprar, Vender e Cuidar do seu Carro","article_publisher":"https:\/\/www.facebook.com\/Comprecar","article_published_time":"2024-01-17T16:45:06+00:00","article_modified_time":"2024-01-17T16:45:07+00:00","og_image":[{"width":1280,"height":853,"url":"https:\/\/www.comprecar.com.br\/blog\/wp-content\/uploads\/2024\/01\/manutencao-do-carro.jpg","type":"image\/jpeg"}],"author":"Fred","twitter_card":"summary_large_image","twitter_creator":"@comprecar","twitter_site":"@comprecar","twitter_misc":{"Escrito por":"Fred","Est. tempo de leitura":"7 minutos"},"schema":{"@context":"https:\/\/schema.org","@graph":[{"@type":"Article","@id":"https:\/\/www.comprecar.com.br\/blog\/manutencao-do-carro\/#article","isPartOf":{"@id":"https:\/\/www.comprecar.com.br\/blog\/manutencao-do-carro\/"},"author":{"name":"Fred","@id":"https:\/\/www.comprecar.com.br\/blog\/#\/schema\/person\/005f0c51a8f4069103b2546fb9de78bb"},"headline":"Manuten\u00e7\u00e3o do carro: dicas essenciais para conservar seu ve\u00edculo","datePublished":"2024-01-17T16:45:06+00:00","dateModified":"2024-01-17T16:45:07+00:00","mainEntityOfPage":{"@id":"https:\/\/www.comprecar.com.br\/blog\/manutencao-do-carro\/"},"wordCount":1362,"commentCount":0,"publisher":{"@id":"https:\/\/www.comprecar.com.br\/blog\/#organization"},"image":{"@id":"https:\/\/www.comprecar.com.br\/blog\/manutencao-do-carro\/#primaryimage"},"thumbnailUrl":"https:\/\/www.comprecar.com.br\/blog\/wp-content\/uploads\/2024\/01\/manutencao-do-carro.jpg","articleSection":["Dicas"],"inLanguage":"pt-BR","potentialAction":[{"@type":"CommentAction","name":"Comment","target":["https:\/\/www.comprecar.com.br\/blog\/manutencao-do-carro\/#respond"]}]},{"@type":"WebPage","@id":"https:\/\/www.comprecar.com.br\/blog\/manutencao-do-carro\/","url":"https:\/\/www.comprecar.com.br\/blog\/manutencao-do-carro\/","name":"Manuten\u00e7\u00e3o do carro: dicas essenciais para conservar seu ve\u00edculo","isPartOf":{"@id":"https:\/\/www.comprecar.com.br\/blog\/#website"},"primaryImageOfPage":{"@id":"https:\/\/www.comprecar.com.br\/blog\/manutencao-do-carro\/#primaryimage"},"image":{"@id":"https:\/\/www.comprecar.com.br\/blog\/manutencao-do-carro\/#primaryimage"},"thumbnailUrl":"https:\/\/www.comprecar.com.br\/blog\/wp-content\/uploads\/2024\/01\/manutencao-do-carro.jpg","datePublished":"2024-01-17T16:45:06+00:00","dateModified":"2024-01-17T16:45:07+00:00","description":"A manuten\u00e7\u00e3o do carro \u00e9 crucial para garantir a seguran\u00e7a, a performance e a durabilidade do ve\u00edculo. Entenda aqui o que precisa ser feito.","breadcrumb":{"@id":"https:\/\/www.comprecar.com.br\/blog\/manutencao-do-carro\/#breadcrumb"},"inLanguage":"pt-BR","potentialAction":[{"@type":"ReadAction","target":["https:\/\/www.comprecar.com.br\/blog\/manutencao-do-carro\/"]}]},{"@type":"ImageObject","inLanguage":"pt-BR","@id":"https:\/\/www.comprecar.com.br\/blog\/manutencao-do-carro\/#primaryimage","url":"https:\/\/www.comprecar.com.br\/blog\/wp-content\/uploads\/2024\/01\/manutencao-do-carro.jpg","contentUrl":"https:\/\/www.comprecar.com.br\/blog\/wp-content\/uploads\/2024\/01\/manutencao-do-carro.jpg","width":1280,"height":853,"caption":"Manuten\u00e7\u00e3o do carro: dicas essenciais para conservar seu ve\u00edculo"},{"@type":"BreadcrumbList","@id":"https:\/\/www.comprecar.com.br\/blog\/manutencao-do-carro\/#breadcrumb","itemListElement":[{"@type":"ListItem","position":1,"name":"In\u00edcio","item":"https:\/\/www.comprecar.com.br\/blog\/"},{"@type":"ListItem","position":2,"name":"Manuten\u00e7\u00e3o do carro: dicas essenciais para conservar seu ve\u00edculo"}]},{"@type":"WebSite","@id":"https:\/\/www.comprecar.com.br\/blog\/#website","url":"https:\/\/www.comprecar.com.br\/blog\/","name":"Blog Comprecar: Guia Completo para Comprar, Vender e Cuidar do seu Carro","description":"Fique por dentro das \u00faltimas not\u00edcias do mercado, guias de manuten\u00e7\u00e3o e dicas essenciais para comprar ou vender seu ve\u00edculo. Acesse o Blog Comprecar e acelere seu conhecimento!","publisher":{"@id":"https:\/\/www.comprecar.com.br\/blog\/#organization"},"potentialAction":[{"@type":"SearchAction","target":{"@type":"EntryPoint","urlTemplate":"https:\/\/www.comprecar.com.br\/blog\/?s={search_term_string}"},"query-input":{"@type":"PropertyValueSpecification","valueRequired":true,"valueName":"search_term_string"}}],"inLanguage":"pt-BR"},{"@type":"Organization","@id":"https:\/\/www.comprecar.com.br\/blog\/#organization","name":"Comprecar","url":"https:\/\/www.comprecar.com.br\/blog\/","logo":{"@type":"ImageObject","inLanguage":"pt-BR","@id":"https:\/\/www.comprecar.com.br\/blog\/#\/schema\/logo\/image\/","url":"https:\/\/www.comprecar.com.br\/blog\/wp-content\/uploads\/2021\/02\/Logo-comprecar-2020.png","contentUrl":"https:\/\/www.comprecar.com.br\/blog\/wp-content\/uploads\/2021\/02\/Logo-comprecar-2020.png","width":1896,"height":504,"caption":"Comprecar"},"image":{"@id":"https:\/\/www.comprecar.com.br\/blog\/#\/schema\/logo\/image\/"},"sameAs":["https:\/\/www.facebook.com\/Comprecar","https:\/\/x.com\/comprecar","https:\/\/www.instagram.com\/comprecar"]},{"@type":"Person","@id":"https:\/\/www.comprecar.com.br\/blog\/#\/schema\/person\/005f0c51a8f4069103b2546fb9de78bb","name":"Fred","image":{"@type":"ImageObject","inLanguage":"pt-BR","@id":"https:\/\/secure.gravatar.com\/avatar\/5d9633b5fd5f086a0d21824763ff62caa933616c7e8525c39357d3ebf950f257?s=96&d=mm&r=g","url":"https:\/\/secure.gravatar.com\/avatar\/5d9633b5fd5f086a0d21824763ff62caa933616c7e8525c39357d3ebf950f257?s=96&d=mm&r=g","contentUrl":"https:\/\/secure.gravatar.com\/avatar\/5d9633b5fd5f086a0d21824763ff62caa933616c7e8525c39357d3ebf950f257?s=96&d=mm&r=g","caption":"Fred"},"description":"Fred \u00e9 empres\u00e1rio e atua h\u00e1 mais de duas d\u00e9cadas no mercado automotivo digital. \u00c9 fundador do Comprecar, plataforma criada em 2001 com o objetivo de conectar compradores e vendedores de ve\u00edculos, com forte presen\u00e7a nas cidades do interior do estado de S\u00e3o Paulo. Ao longo de sua trajet\u00f3ria, acumulou experi\u00eancia em marketing digital, tr\u00e1fego pago, SEO e estrat\u00e9gias de convers\u00e3o, sempre com foco em gerar resultados reais para anunciantes \u2014 especialmente na capta\u00e7\u00e3o de leads qualificados. Seu trabalho \u00e9 voltado para transformar o processo de compra e venda de ve\u00edculos em algo mais direto, transparente e eficiente, aproximando pessoas interessadas em negociar. Al\u00e9m da atua\u00e7\u00e3o empresarial, tamb\u00e9m desenvolve conte\u00fados voltados ao universo automotivo, abordando desde oportunidades de compra at\u00e9 an\u00e1lises de mercado, sempre com foco em ajudar o p\u00fablico a tomar decis\u00f5es mais seguras.","sameAs":["https:\/\/www.comprecar.com.br","https:\/\/www.instagram.com\/fredbittar\/","https:\/\/www.linkedin.com\/in\/fred-bittar-a0286b30\/"],"url":"https:\/\/www.comprecar.com.br\/blog\/author\/fred\/"}]}},"_links":{"self":[{"href":"https:\/\/www.comprecar.com.br\/blog\/wp-json\/wp\/v2\/posts\/1169","targetHints":{"allow":["GET"]}}],"collection":[{"href":"https:\/\/www.comprecar.com.br\/blog\/wp-json\/wp\/v2\/posts"}],"about":[{"href":"https:\/\/www.comprecar.com.br\/blog\/wp-json\/wp\/v2\/types\/post"}],"author":[{"embeddable":true,"href":"https:\/\/www.comprecar.com.br\/blog\/wp-json\/wp\/v2\/users\/1"}],"replies":[{"embeddable":true,"href":"https:\/\/www.comprecar.com.br\/blog\/wp-json\/wp\/v2\/comments?post=1169"}],"version-history":[{"count":2,"href":"https:\/\/www.comprecar.com.br\/blog\/wp-json\/wp\/v2\/posts\/1169\/revisions"}],"predecessor-version":[{"id":1175,"href":"https:\/\/www.comprecar.com.br\/blog\/wp-json\/wp\/v2\/posts\/1169\/revisions\/1175"}],"wp:featuredmedia":[{"embeddable":true,"href":"https:\/\/www.comprecar.com.br\/blog\/wp-json\/wp\/v2\/media\/1170"}],"wp:attachment":[{"href":"https:\/\/www.comprecar.com.br\/blog\/wp-json\/wp\/v2\/media?parent=1169"}],"wp:term":[{"taxonomy":"category","embeddable":true,"href":"https:\/\/www.comprecar.com.br\/blog\/wp-json\/wp\/v2\/categories?post=1169"},{"taxonomy":"post_tag","embeddable":true,"href":"https:\/\/www.comprecar.com.br\/blog\/wp-json\/wp\/v2\/tags?post=1169"}],"curies":[{"name":"wp","href":"https:\/\/api.w.org\/{rel}","templated":true}]}}