{"id":1198,"date":"2024-03-18T14:17:38","date_gmt":"2024-03-18T17:17:38","guid":{"rendered":"https:\/\/www.comprecar.com.br\/blog\/?p=1198"},"modified":"2024-03-18T14:17:39","modified_gmt":"2024-03-18T17:17:39","slug":"cuidados-no-transito","status":"publish","type":"post","link":"https:\/\/www.comprecar.com.br\/blog\/cuidados-no-transito\/","title":{"rendered":"Cuidados no tr\u00e2nsito: guia de boas pr\u00e1ticas para uma mobilidade segura"},"content":{"rendered":"\n<p>Embora a autoescola nos forne\u00e7a as bases para dirigir com seguran\u00e7a, as diversas situa\u00e7\u00f5es que enfrentamos no dia a dia exigem mais do que conhecimento te\u00f3rico: exigem <strong>cuidados no tr\u00e2nsito<\/strong> \u2013 que nem sempre s\u00e3o de conhecimento de todos.<\/p>\n\n\n\n<!--more-->\n\n\n\n<p>Voc\u00ea sabia que, em m\u00e9dia, <strong>o Brasil registra 45 mil mortes no tr\u00e2nsito por ano<\/strong>, segundo o<strong> <a href=\"https:\/\/www.ipea.gov.br\/portal\/\" target=\"_blank\" rel=\"noreferrer noopener\">Ipea<\/a><\/strong>? Al\u00e9m do preju\u00edzo de R$50 bilh\u00f5es anuais, estamos em terceiro no ranking de pa\u00edses que mais registram esse tipo de \u00f3bito, segundo a Organiza\u00e7\u00e3o Mundial de Sa\u00fade (OMS).\u00a0<\/p>\n\n\n\n<p>Esses dados, al\u00e9m de assustadores, s\u00e3o um reflexo da falta de aten\u00e7\u00e3o e conhecimento sobre um conjunto de boas pr\u00e1ticas que podem, literalmente, salvar vidas.<\/p>\n\n\n\n<p>Neste guia, vamos abordar dicas essenciais para ajudar voc\u00ea a entender como proteger a si mesmo e aos outros no tr\u00e2nsito, seja voc\u00ea um motorista iniciante ou experiente.&nbsp;<\/p>\n\n\n\n<p>Siga a leitura, com aten\u00e7\u00e3o, e confira!<\/p>\n\n\n\n<h2 class=\"wp-block-heading\">Quais s\u00e3o os cuidados que devemos ter no tr\u00e2nsito? 9 dicas<\/h2>\n\n\n\n<p>N\u00f3s sabemos, e voc\u00ea tamb\u00e9m, que a seguran\u00e7a no tr\u00e2nsito \u00e9 um papel compartilhado. Logo, cabe a todos n\u00f3s, seja como motoristas, ciclistas ou pedestres, a pr\u00e1tica constante de atitudes que promovam o bem-estar comum.&nbsp;<\/p>\n\n\n\n<p>Mas, nesse post, vamos focar nos cuidados que s\u00e3o de responsabilidade dos motoristas. Afinal, \u00e9 dele o controle direto de um ve\u00edculo que pode ser perigoso se n\u00e3o for operado com cuidado, oferecendo um grande potencial de dano.&nbsp;<\/p>\n\n\n\n<p>Confira agora os 9 principais cuidados no tr\u00e2nsito para prevenir acidentes, preservar vidas e evitar consequ\u00eancias.&nbsp;<\/p>\n\n\n\n<h3 class=\"wp-block-heading\">1. Use o cinto de seguran\u00e7a<\/h3>\n\n\n\n<p>Seja para ir \u00e0 padaria ou para pegar a estrada, o uso do cinto de seguran\u00e7a \u00e9 obrigat\u00f3rio para todos dentro do carro. Isso tamb\u00e9m vale para beb\u00eas e crian\u00e7as de colo, que devem ser acomodadas corretamente nas cadeirinhas apropriadas.&nbsp;<\/p>\n\n\n\n<p>Dados da Associa\u00e7\u00e3o Brasileira de Medicina do Tr\u00e1fego (Abramet), apontam que o uso de cinto de seguran\u00e7a pode reduzir o risco de morte em 45% para pessoas no banco da frente e 75% para passageiros no banco de tr\u00e1s.<\/p>\n\n\n\n<p>?<strong>Leia tamb\u00e9m:<\/strong> <a href=\"https:\/\/www.comprecar.com.br\/blog\/2024\/03\/06\/carros-mais-seguros\/\" target=\"_blank\" rel=\"noreferrer noopener\">6 carros mais seguros do Brasil + dicas para escolher o seu<\/a><\/p>\n\n\n\n<h3 class=\"wp-block-heading\">2. Respeite as leis de tr\u00e2nsito e limites de velocidade<\/h3>\n\n\n\n<p>Ao volante, respeitar os limites de velocidade n\u00e3o \u00e9 apenas uma quest\u00e3o de cumprir o C\u00f3digo de Tr\u00e2nsito Brasileiro (CTB), mas sim uma medida de dire\u00e7\u00e3o defensiva.&nbsp;<\/p>\n\n\n\n<p>Nisso, a f\u00edsica n\u00e3o deixa d\u00favidas: em uma situa\u00e7\u00e3o de risco, diminuir a velocidade de um carro a 80 km\/h \u00e9 muito mais vi\u00e1vel do que a 150 km\/h. Se ainda assim ocorrerem estragos, eles s\u00e3o potencialmente menores.&nbsp;<\/p>\n\n\n\n<p>Al\u00e9m disso, segundo o artigo 218 do CTB, a penalidade por ultrapassar a velocidade estabelecida varia conforme o excesso:&nbsp;<\/p>\n\n\n\n<ul class=\"wp-block-list\"><li>infra\u00e7\u00f5es m\u00e9dias resultam em multa de R$130,16;&nbsp;<\/li><li>infra\u00e7\u00f5es graves em R$195,23;&nbsp;<\/li><li>infra\u00e7\u00f5es grav\u00edssimas (acima de 50% da velocidade permitida) geram multa de R$880,41 e suspens\u00e3o do direito de dirigir.&nbsp;<\/li><\/ul>\n\n\n\n<h3 class=\"wp-block-heading\">3. Evite \u00e1lcool ou drogas<\/h3>\n\n\n\n<p>Dirigir sob a influ\u00eancia de \u00e1lcool, drogas ou qualquer outra subst\u00e2ncia psicoativa \u00e9 uma atitude extremamente perigosa, considerada infra\u00e7\u00e3o grav\u00edssima e um crime, de acordo com o C\u00f3digo de Tr\u00e2nsito Brasileiro.&nbsp;<\/p>\n\n\n\n<p>O problema com essas subst\u00e2ncias \u00e9 sua capacidade de alterar a capacidade cognitiva e motora do condutor, o que afeta diretamente sua habilidade de controlar o ve\u00edculo com seguran\u00e7a.<\/p>\n\n\n\n<p>Ent\u00e3o, seja respons\u00e1vel e evite o consumo de \u00e1lcool ou drogas antes de dirigir.<\/p>\n\n\n\n<h3 class=\"wp-block-heading\">4. N\u00e3o utilize o celular ao volante<\/h3>\n\n\n\n<div class=\"wp-block-image\"><figure class=\"aligncenter size-full\"><img loading=\"lazy\" decoding=\"async\" width=\"1024\" height=\"683\" src=\"https:\/\/www.comprecar.com.br\/blog\/wp-content\/uploads\/2024\/03\/cuidados-no-transito-celular.jpg\" alt=\"homem dirigindo ao volante\" class=\"wp-image-1200\" srcset=\"https:\/\/www.comprecar.com.br\/blog\/wp-content\/uploads\/2024\/03\/cuidados-no-transito-celular.jpg 1024w, https:\/\/www.comprecar.com.br\/blog\/wp-content\/uploads\/2024\/03\/cuidados-no-transito-celular-300x200.jpg 300w, https:\/\/www.comprecar.com.br\/blog\/wp-content\/uploads\/2024\/03\/cuidados-no-transito-celular-768x512.jpg 768w\" sizes=\"auto, (max-width: 1024px) 100vw, 1024px\" \/><\/figure><\/div>\n\n\n\n<p>J\u00e1 est\u00e1 mais do que comprovado que \u00e9 imposs\u00edvel para o c\u00e9rebro realizar duas tarefas intelectuais de uma vez. Por isso, usar o celular \u00e9 uma distra\u00e7\u00e3o perigosa no tr\u00e2nsito, pois exige a aten\u00e7\u00e3o que \u00e9 necess\u00e1ria para dirigir com seguran\u00e7a.&nbsp;<\/p>\n\n\n\n<p>Ent\u00e3o, a menos que voc\u00ea seja super humano com poderes c\u00f3smicos, sua aten\u00e7\u00e3o precisa estar 100% na estrada. Evite usar o celular e qualquer outro dispositivo que possa tirar sua concentra\u00e7\u00e3o.&nbsp;<\/p>\n\n\n\n<h3 class=\"wp-block-heading\">5. Mantenha o ve\u00edculo em boas condi\u00e7\u00f5es<\/h3>\n\n\n\n<p>Verificar periodicamente se a <a href=\"https:\/\/www.comprecar.com.br\/blog\/2024\/01\/17\/manutencao-do-carro\/\" target=\"_blank\" rel=\"noreferrer noopener\"><strong>manuten\u00e7\u00e3o do carro<\/strong><\/a> est\u00e1 em dias n\u00e3o \u00e9 apenas uma medida para aumentar a vida \u00fatil do ve\u00edculo, mas \u00e9 tamb\u00e9m parte da dire\u00e7\u00e3o defensiva. A manuten\u00e7\u00e3o regular evita falhas mec\u00e2nicas que podem levar a situa\u00e7\u00f5es perigosas de tr\u00e2nsito.\u00a0<\/p>\n\n\n\n<p>Considerando que cada parte do ve\u00edculo tem papel essencial na seguran\u00e7a do tr\u00e2nsito, sempre verifique o funcionamento de freios, far\u00f3is, pneus e outros componentes.&nbsp;<\/p>\n\n\n\n<p>Por falar em pneus, confira o nosso post sobre <a href=\"https:\/\/www.comprecar.com.br\/blog\/2024\/02\/21\/qual-a-melhor-marca-de-pneu-para-carros\/\" target=\"_blank\" rel=\"noreferrer noopener\"><strong>qual a melhor marca de pneu para carros<\/strong><\/a>, de acordo com o INMETRO.\u00a0<\/p>\n\n\n\n<h3 class=\"wp-block-heading\">6. D\u00ea a prefer\u00eancia<\/h3>\n\n\n\n<p>Seja cort\u00eas e paciente no tr\u00e2nsito. Tenha aten\u00e7\u00e3o aos pedestres, ciclistas e outros ve\u00edculos, especialmente em cruzamentos e faixas de pedestres.&nbsp;<\/p>\n\n\n\n<p>Sempre d\u00ea a prefer\u00eancia a quem tem a passagem e demonstre respeito por todos os que compartilham a via.&nbsp;<\/p>\n\n\n\n<h3 class=\"wp-block-heading\">7. Mantenha uma dist\u00e2ncia segura do ve\u00edculo da frente<\/h3>\n\n\n\n<p>Al\u00e9m de respeitar os limites de velocidade, manter uma dist\u00e2ncia segura do ve\u00edculo \u00e0 frente faz com que o condutor tenha tempo h\u00e1bil para reagir em caso de frenagens bruscas ou imprevistos.&nbsp;<\/p>\n\n\n\n<p>O ideal, nesse caso, \u00e9 seguir a regra de dois segundos, mantendo uma dist\u00e2ncia do ve\u00edculo da frente equivalente ao tempo de 2 segundos, contados ap\u00f3s o ve\u00edculo da frente passar por um ponto de refer\u00eancia.<\/p>\n\n\n\n<h3 class=\"wp-block-heading\">8. Boa sinaliza\u00e7\u00e3o<\/h3>\n\n\n\n<p>Sinalizar corretamente todas as a\u00e7\u00f5es no tr\u00e2nsito \u00e9 fundamental para informar aos outros motoristas sobre suas inten\u00e7\u00f5es. Seja mudando de faixa, fazendo uma curva ou parando, o uso correto dos indicadores de dire\u00e7\u00e3o evita mal-entendidos e acidentes.&nbsp;<\/p>\n\n\n\n<p>Vale o lembrete que n\u00e3o utilizar a seta \u00e9 uma infra\u00e7\u00e3o grave, que pode causar 5 pontos na Carteira Nacional de Habilita\u00e7\u00e3o (CNH), de acordo com o CTB.<\/p>\n\n\n\n<h3 class=\"wp-block-heading\">9. Aten\u00e7\u00e3o \u00e0s condi\u00e7\u00f5es clim\u00e1ticas<\/h3>\n\n\n\n<p>Finalmente, ter aten\u00e7\u00e3o \u00e0s condi\u00e7\u00f5es clim\u00e1ticas \u00e9 primordial para uma condu\u00e7\u00e3o segura. Se est\u00e1 chovendo, se tem neblina ou outras condi\u00e7\u00f5es adversas, o ideal \u00e9 adaptar a forma de dirigir.&nbsp;<\/p>\n\n\n\n<p>Isso porque as condi\u00e7\u00f5es clim\u00e1ticas afetam n\u00e3o apenas a visibilidade, mas tamb\u00e9m a ader\u00eancia na pista. Ent\u00e3o, \u00e9 necess\u00e1rio reduzir a velocidade, ter aten\u00e7\u00e3o redobrada, al\u00e9m de usar os far\u00f3is corretamente.<\/p>\n\n\n\n<h2 class=\"wp-block-heading\">Qual a import\u00e2ncia dos cuidados no tr\u00e2nsito?<\/h2>\n\n\n\n<div class=\"wp-block-image\"><figure class=\"aligncenter size-full\"><img loading=\"lazy\" decoding=\"async\" width=\"1024\" height=\"683\" src=\"https:\/\/www.comprecar.com.br\/blog\/wp-content\/uploads\/2024\/03\/cuidados-no-transito-qual.jpg\" alt=\"mulher colocando cinto de seguran\u00e7a\" class=\"wp-image-1201\" srcset=\"https:\/\/www.comprecar.com.br\/blog\/wp-content\/uploads\/2024\/03\/cuidados-no-transito-qual.jpg 1024w, https:\/\/www.comprecar.com.br\/blog\/wp-content\/uploads\/2024\/03\/cuidados-no-transito-qual-300x200.jpg 300w, https:\/\/www.comprecar.com.br\/blog\/wp-content\/uploads\/2024\/03\/cuidados-no-transito-qual-768x512.jpg 768w\" sizes=\"auto, (max-width: 1024px) 100vw, 1024px\" \/><\/figure><\/div>\n\n\n\n<p>Muito al\u00e9m de regras para evitar multas e pontos na carteira de habilita\u00e7\u00e3o, <strong>os cuidados no tr\u00e2nsito s\u00e3o medidas que realmente salvam vidas<\/strong>.&nbsp;<\/p>\n\n\n\n<p>Afinal, os acidentes de tr\u00e2nsito causam milhares de mortes todos os anos, al\u00e9m de ferimentos que podem prejudicar vidas de forma definitiva. Entretanto, muitos desses casos podem ser evitados, a partir da conscientiza\u00e7\u00e3o e da pr\u00e1tica desses h\u00e1bitos de cuidado.&nbsp;<\/p>\n\n\n\n<p>Pense nisso: a vida de quem voc\u00ea ama e a sua podem depender de um ato de responsabilidade.<\/p>\n\n\n\n<p class=\"has-text-align-center\"><a href=\"https:\/\/www.comprecar.com.br\/\" target=\"_blank\" rel=\"noreferrer noopener\"><strong>Passe na Comprecar e encontre seu seminovo ou usado para dirigir com responsabilidade. Acesse o nosso site!<\/strong><\/a><\/p>\n\n\n\n<h2 class=\"wp-block-heading\">Conclus\u00e3o<\/h2>\n\n\n\n<p>Este guia apresenta os cuidados no tr\u00e2nsito que todo condutor deve adotar como h\u00e1bitos, para n\u00e3o s\u00f3 preservar a pr\u00f3pria integridade, mas tamb\u00e9m a de outras pessoas. A responsabilidade \u00e9 individual, mas o efeito \u00e9 coletivo.&nbsp;<\/p>\n\n\n\n<p>As informa\u00e7\u00f5es apresentadas foram retiradas do C\u00f3digo Brasileiro de Tr\u00e2nsito (CTB), institu\u00eddo pela Lei N\u00ba 9.503, de 1997.&nbsp;<\/p>\n\n\n\n<p>Pensando em comprar um carro seminovo ou usado? Acesse o <strong><a href=\"https:\/\/www.comprecar.com.br\/blog\/\" target=\"_blank\" rel=\"noreferrer noopener\">blog da Comprecar<\/a> <\/strong>e se informe sobre o assunto! Aproveite para j\u00e1 conferir um <strong><a href=\"https:\/\/www.comprecar.com.br\/blog\/2023\/10\/04\/carros-que-valem-a-pena-comprar-usados\/\" target=\"_blank\" rel=\"noreferrer noopener\">guia completo de carros que valem a pena comprar usados<\/a>!<\/strong><\/p>\n","protected":false},"excerpt":{"rendered":"<p>Embora a autoescola nos forne\u00e7a as bases para dirigir com seguran\u00e7a, as diversas situa\u00e7\u00f5es que enfrentamos no dia a dia exigem mais do que conhecimento te\u00f3rico: exigem cuidados no tr\u00e2nsito \u2013 que nem sempre s\u00e3o de conhecimento de todos.<\/p>\n","protected":false},"author":1,"featured_media":1199,"comment_status":"open","ping_status":"open","sticky":false,"template":"","format":"standard","meta":{"_kad_post_transparent":"","_kad_post_title":"","_kad_post_layout":"","_kad_post_sidebar_id":"","_kad_post_content_style":"","_kad_post_vertical_padding":"","_kad_post_feature":"","_kad_post_feature_position":"","_kad_post_header":false,"_kad_post_footer":false,"_kad_post_classname":"","footnotes":""},"categories":[73],"tags":[261],"class_list":["post-1198","post","type-post","status-publish","format-standard","has-post-thumbnail","hentry","category-dicas","tag-cuidados-no-transito"],"yoast_head":"<!-- This site is optimized with the Yoast SEO plugin v27.3 - https:\/\/yoast.com\/product\/yoast-seo-wordpress\/ -->\n<title>Cuidados no Tr\u00e2nsito: Pr\u00e1ticas para uma Mobilidade Segura<\/title>\n<meta name=\"description\" content=\"Existem cuidados no tr\u00e2nsito que podem parecer bobos, mas que realmente salvam vidas. Conhe\u00e7a os 9 principais neste guia de boas pr\u00e1ticas da Comprecar!\" \/>\n<meta name=\"robots\" content=\"index, follow, max-snippet:-1, max-image-preview:large, max-video-preview:-1\" \/>\n<link rel=\"canonical\" href=\"https:\/\/www.comprecar.com.br\/blog\/cuidados-no-transito\/\" \/>\n<meta property=\"og:locale\" content=\"pt_BR\" \/>\n<meta property=\"og:type\" content=\"article\" \/>\n<meta property=\"og:title\" content=\"Cuidados no Tr\u00e2nsito: Pr\u00e1ticas para uma Mobilidade Segura\" \/>\n<meta property=\"og:description\" content=\"Existem cuidados no tr\u00e2nsito que podem parecer bobos, mas que realmente salvam vidas. Conhe\u00e7a os 9 principais neste guia de boas pr\u00e1ticas da Comprecar!\" \/>\n<meta property=\"og:url\" content=\"https:\/\/www.comprecar.com.br\/blog\/cuidados-no-transito\/\" \/>\n<meta property=\"og:site_name\" content=\"Blog Comprecar: Guia Completo para Comprar, Vender e Cuidar do seu Carro\" \/>\n<meta property=\"article:publisher\" content=\"https:\/\/www.facebook.com\/Comprecar\" \/>\n<meta property=\"article:published_time\" content=\"2024-03-18T17:17:38+00:00\" \/>\n<meta property=\"article:modified_time\" content=\"2024-03-18T17:17:39+00:00\" \/>\n<meta property=\"og:image\" content=\"https:\/\/www.comprecar.com.br\/blog\/wp-content\/uploads\/2024\/03\/cuidados-no-transito.jpg\" \/>\n\t<meta property=\"og:image:width\" content=\"1024\" \/>\n\t<meta property=\"og:image:height\" content=\"683\" \/>\n\t<meta property=\"og:image:type\" content=\"image\/jpeg\" \/>\n<meta name=\"author\" content=\"Fred\" \/>\n<meta name=\"twitter:card\" content=\"summary_large_image\" \/>\n<meta name=\"twitter:creator\" content=\"@comprecar\" \/>\n<meta name=\"twitter:site\" content=\"@comprecar\" \/>\n<meta name=\"twitter:label1\" content=\"Escrito por\" \/>\n\t<meta name=\"twitter:data1\" content=\"Fred\" \/>\n\t<meta name=\"twitter:label2\" content=\"Est. tempo de leitura\" \/>\n\t<meta name=\"twitter:data2\" content=\"7 minutos\" \/>\n<script type=\"application\/ld+json\" class=\"yoast-schema-graph\">{\"@context\":\"https:\\\/\\\/schema.org\",\"@graph\":[{\"@type\":\"Article\",\"@id\":\"https:\\\/\\\/www.comprecar.com.br\\\/blog\\\/cuidados-no-transito\\\/#article\",\"isPartOf\":{\"@id\":\"https:\\\/\\\/www.comprecar.com.br\\\/blog\\\/cuidados-no-transito\\\/\"},\"author\":{\"name\":\"Fred\",\"@id\":\"https:\\\/\\\/www.comprecar.com.br\\\/blog\\\/#\\\/schema\\\/person\\\/005f0c51a8f4069103b2546fb9de78bb\"},\"headline\":\"Cuidados no tr\u00e2nsito: guia de boas pr\u00e1ticas para uma mobilidade segura\",\"datePublished\":\"2024-03-18T17:17:38+00:00\",\"dateModified\":\"2024-03-18T17:17:39+00:00\",\"mainEntityOfPage\":{\"@id\":\"https:\\\/\\\/www.comprecar.com.br\\\/blog\\\/cuidados-no-transito\\\/\"},\"wordCount\":1326,\"commentCount\":0,\"publisher\":{\"@id\":\"https:\\\/\\\/www.comprecar.com.br\\\/blog\\\/#organization\"},\"image\":{\"@id\":\"https:\\\/\\\/www.comprecar.com.br\\\/blog\\\/cuidados-no-transito\\\/#primaryimage\"},\"thumbnailUrl\":\"https:\\\/\\\/www.comprecar.com.br\\\/blog\\\/wp-content\\\/uploads\\\/2024\\\/03\\\/cuidados-no-transito.jpg\",\"keywords\":[\"Cuidados no tr\u00e2nsito\"],\"articleSection\":[\"Dicas\"],\"inLanguage\":\"pt-BR\",\"potentialAction\":[{\"@type\":\"CommentAction\",\"name\":\"Comment\",\"target\":[\"https:\\\/\\\/www.comprecar.com.br\\\/blog\\\/cuidados-no-transito\\\/#respond\"]}]},{\"@type\":\"WebPage\",\"@id\":\"https:\\\/\\\/www.comprecar.com.br\\\/blog\\\/cuidados-no-transito\\\/\",\"url\":\"https:\\\/\\\/www.comprecar.com.br\\\/blog\\\/cuidados-no-transito\\\/\",\"name\":\"Cuidados no Tr\u00e2nsito: Pr\u00e1ticas para uma Mobilidade Segura\",\"isPartOf\":{\"@id\":\"https:\\\/\\\/www.comprecar.com.br\\\/blog\\\/#website\"},\"primaryImageOfPage\":{\"@id\":\"https:\\\/\\\/www.comprecar.com.br\\\/blog\\\/cuidados-no-transito\\\/#primaryimage\"},\"image\":{\"@id\":\"https:\\\/\\\/www.comprecar.com.br\\\/blog\\\/cuidados-no-transito\\\/#primaryimage\"},\"thumbnailUrl\":\"https:\\\/\\\/www.comprecar.com.br\\\/blog\\\/wp-content\\\/uploads\\\/2024\\\/03\\\/cuidados-no-transito.jpg\",\"datePublished\":\"2024-03-18T17:17:38+00:00\",\"dateModified\":\"2024-03-18T17:17:39+00:00\",\"description\":\"Existem cuidados no tr\u00e2nsito que podem parecer bobos, mas que realmente salvam vidas. Conhe\u00e7a os 9 principais neste guia de boas pr\u00e1ticas da Comprecar!\",\"breadcrumb\":{\"@id\":\"https:\\\/\\\/www.comprecar.com.br\\\/blog\\\/cuidados-no-transito\\\/#breadcrumb\"},\"inLanguage\":\"pt-BR\",\"potentialAction\":[{\"@type\":\"ReadAction\",\"target\":[\"https:\\\/\\\/www.comprecar.com.br\\\/blog\\\/cuidados-no-transito\\\/\"]}]},{\"@type\":\"ImageObject\",\"inLanguage\":\"pt-BR\",\"@id\":\"https:\\\/\\\/www.comprecar.com.br\\\/blog\\\/cuidados-no-transito\\\/#primaryimage\",\"url\":\"https:\\\/\\\/www.comprecar.com.br\\\/blog\\\/wp-content\\\/uploads\\\/2024\\\/03\\\/cuidados-no-transito.jpg\",\"contentUrl\":\"https:\\\/\\\/www.comprecar.com.br\\\/blog\\\/wp-content\\\/uploads\\\/2024\\\/03\\\/cuidados-no-transito.jpg\",\"width\":1024,\"height\":683,\"caption\":\"Cuidados no tr\u00e2nsito\"},{\"@type\":\"BreadcrumbList\",\"@id\":\"https:\\\/\\\/www.comprecar.com.br\\\/blog\\\/cuidados-no-transito\\\/#breadcrumb\",\"itemListElement\":[{\"@type\":\"ListItem\",\"position\":1,\"name\":\"In\u00edcio\",\"item\":\"https:\\\/\\\/www.comprecar.com.br\\\/blog\\\/\"},{\"@type\":\"ListItem\",\"position\":2,\"name\":\"Cuidados no tr\u00e2nsito: guia de boas pr\u00e1ticas para uma mobilidade segura\"}]},{\"@type\":\"WebSite\",\"@id\":\"https:\\\/\\\/www.comprecar.com.br\\\/blog\\\/#website\",\"url\":\"https:\\\/\\\/www.comprecar.com.br\\\/blog\\\/\",\"name\":\"Blog Comprecar: Guia Completo para Comprar, Vender e Cuidar do seu Carro\",\"description\":\"Fique por dentro das \u00faltimas not\u00edcias do mercado, guias de manuten\u00e7\u00e3o e dicas essenciais para comprar ou vender seu ve\u00edculo. Acesse o Blog Comprecar e acelere seu conhecimento!\",\"publisher\":{\"@id\":\"https:\\\/\\\/www.comprecar.com.br\\\/blog\\\/#organization\"},\"potentialAction\":[{\"@type\":\"SearchAction\",\"target\":{\"@type\":\"EntryPoint\",\"urlTemplate\":\"https:\\\/\\\/www.comprecar.com.br\\\/blog\\\/?s={search_term_string}\"},\"query-input\":{\"@type\":\"PropertyValueSpecification\",\"valueRequired\":true,\"valueName\":\"search_term_string\"}}],\"inLanguage\":\"pt-BR\"},{\"@type\":\"Organization\",\"@id\":\"https:\\\/\\\/www.comprecar.com.br\\\/blog\\\/#organization\",\"name\":\"Comprecar\",\"url\":\"https:\\\/\\\/www.comprecar.com.br\\\/blog\\\/\",\"logo\":{\"@type\":\"ImageObject\",\"inLanguage\":\"pt-BR\",\"@id\":\"https:\\\/\\\/www.comprecar.com.br\\\/blog\\\/#\\\/schema\\\/logo\\\/image\\\/\",\"url\":\"https:\\\/\\\/www.comprecar.com.br\\\/blog\\\/wp-content\\\/uploads\\\/2021\\\/02\\\/Logo-comprecar-2020.png\",\"contentUrl\":\"https:\\\/\\\/www.comprecar.com.br\\\/blog\\\/wp-content\\\/uploads\\\/2021\\\/02\\\/Logo-comprecar-2020.png\",\"width\":1896,\"height\":504,\"caption\":\"Comprecar\"},\"image\":{\"@id\":\"https:\\\/\\\/www.comprecar.com.br\\\/blog\\\/#\\\/schema\\\/logo\\\/image\\\/\"},\"sameAs\":[\"https:\\\/\\\/www.facebook.com\\\/Comprecar\",\"https:\\\/\\\/x.com\\\/comprecar\",\"https:\\\/\\\/www.instagram.com\\\/comprecar\"]},{\"@type\":\"Person\",\"@id\":\"https:\\\/\\\/www.comprecar.com.br\\\/blog\\\/#\\\/schema\\\/person\\\/005f0c51a8f4069103b2546fb9de78bb\",\"name\":\"Fred\",\"image\":{\"@type\":\"ImageObject\",\"inLanguage\":\"pt-BR\",\"@id\":\"https:\\\/\\\/secure.gravatar.com\\\/avatar\\\/5d9633b5fd5f086a0d21824763ff62caa933616c7e8525c39357d3ebf950f257?s=96&d=mm&r=g\",\"url\":\"https:\\\/\\\/secure.gravatar.com\\\/avatar\\\/5d9633b5fd5f086a0d21824763ff62caa933616c7e8525c39357d3ebf950f257?s=96&d=mm&r=g\",\"contentUrl\":\"https:\\\/\\\/secure.gravatar.com\\\/avatar\\\/5d9633b5fd5f086a0d21824763ff62caa933616c7e8525c39357d3ebf950f257?s=96&d=mm&r=g\",\"caption\":\"Fred\"},\"description\":\"Fred \u00e9 empres\u00e1rio e atua h\u00e1 mais de duas d\u00e9cadas no mercado automotivo digital. \u00c9 fundador do Comprecar, plataforma criada em 2001 com o objetivo de conectar compradores e vendedores de ve\u00edculos, com forte presen\u00e7a nas cidades do interior do estado de S\u00e3o Paulo. Ao longo de sua trajet\u00f3ria, acumulou experi\u00eancia em marketing digital, tr\u00e1fego pago, SEO e estrat\u00e9gias de convers\u00e3o, sempre com foco em gerar resultados reais para anunciantes \u2014 especialmente na capta\u00e7\u00e3o de leads qualificados. Seu trabalho \u00e9 voltado para transformar o processo de compra e venda de ve\u00edculos em algo mais direto, transparente e eficiente, aproximando pessoas interessadas em negociar. Al\u00e9m da atua\u00e7\u00e3o empresarial, tamb\u00e9m desenvolve conte\u00fados voltados ao universo automotivo, abordando desde oportunidades de compra at\u00e9 an\u00e1lises de mercado, sempre com foco em ajudar o p\u00fablico a tomar decis\u00f5es mais seguras.\",\"sameAs\":[\"https:\\\/\\\/www.comprecar.com.br\",\"https:\\\/\\\/www.instagram.com\\\/fredbittar\\\/\",\"https:\\\/\\\/www.linkedin.com\\\/in\\\/fred-bittar-a0286b30\\\/\"],\"url\":\"https:\\\/\\\/www.comprecar.com.br\\\/blog\\\/author\\\/fred\\\/\"}]}<\/script>\n<!-- \/ Yoast SEO plugin. -->","yoast_head_json":{"title":"Cuidados no Tr\u00e2nsito: Pr\u00e1ticas para uma Mobilidade Segura","description":"Existem cuidados no tr\u00e2nsito que podem parecer bobos, mas que realmente salvam vidas. Conhe\u00e7a os 9 principais neste guia de boas pr\u00e1ticas da Comprecar!","robots":{"index":"index","follow":"follow","max-snippet":"max-snippet:-1","max-image-preview":"max-image-preview:large","max-video-preview":"max-video-preview:-1"},"canonical":"https:\/\/www.comprecar.com.br\/blog\/cuidados-no-transito\/","og_locale":"pt_BR","og_type":"article","og_title":"Cuidados no Tr\u00e2nsito: Pr\u00e1ticas para uma Mobilidade Segura","og_description":"Existem cuidados no tr\u00e2nsito que podem parecer bobos, mas que realmente salvam vidas. Conhe\u00e7a os 9 principais neste guia de boas pr\u00e1ticas da Comprecar!","og_url":"https:\/\/www.comprecar.com.br\/blog\/cuidados-no-transito\/","og_site_name":"Blog Comprecar: Guia Completo para Comprar, Vender e Cuidar do seu Carro","article_publisher":"https:\/\/www.facebook.com\/Comprecar","article_published_time":"2024-03-18T17:17:38+00:00","article_modified_time":"2024-03-18T17:17:39+00:00","og_image":[{"width":1024,"height":683,"url":"https:\/\/www.comprecar.com.br\/blog\/wp-content\/uploads\/2024\/03\/cuidados-no-transito.jpg","type":"image\/jpeg"}],"author":"Fred","twitter_card":"summary_large_image","twitter_creator":"@comprecar","twitter_site":"@comprecar","twitter_misc":{"Escrito por":"Fred","Est. tempo de leitura":"7 minutos"},"schema":{"@context":"https:\/\/schema.org","@graph":[{"@type":"Article","@id":"https:\/\/www.comprecar.com.br\/blog\/cuidados-no-transito\/#article","isPartOf":{"@id":"https:\/\/www.comprecar.com.br\/blog\/cuidados-no-transito\/"},"author":{"name":"Fred","@id":"https:\/\/www.comprecar.com.br\/blog\/#\/schema\/person\/005f0c51a8f4069103b2546fb9de78bb"},"headline":"Cuidados no tr\u00e2nsito: guia de boas pr\u00e1ticas para uma mobilidade segura","datePublished":"2024-03-18T17:17:38+00:00","dateModified":"2024-03-18T17:17:39+00:00","mainEntityOfPage":{"@id":"https:\/\/www.comprecar.com.br\/blog\/cuidados-no-transito\/"},"wordCount":1326,"commentCount":0,"publisher":{"@id":"https:\/\/www.comprecar.com.br\/blog\/#organization"},"image":{"@id":"https:\/\/www.comprecar.com.br\/blog\/cuidados-no-transito\/#primaryimage"},"thumbnailUrl":"https:\/\/www.comprecar.com.br\/blog\/wp-content\/uploads\/2024\/03\/cuidados-no-transito.jpg","keywords":["Cuidados no tr\u00e2nsito"],"articleSection":["Dicas"],"inLanguage":"pt-BR","potentialAction":[{"@type":"CommentAction","name":"Comment","target":["https:\/\/www.comprecar.com.br\/blog\/cuidados-no-transito\/#respond"]}]},{"@type":"WebPage","@id":"https:\/\/www.comprecar.com.br\/blog\/cuidados-no-transito\/","url":"https:\/\/www.comprecar.com.br\/blog\/cuidados-no-transito\/","name":"Cuidados no Tr\u00e2nsito: Pr\u00e1ticas para uma Mobilidade Segura","isPartOf":{"@id":"https:\/\/www.comprecar.com.br\/blog\/#website"},"primaryImageOfPage":{"@id":"https:\/\/www.comprecar.com.br\/blog\/cuidados-no-transito\/#primaryimage"},"image":{"@id":"https:\/\/www.comprecar.com.br\/blog\/cuidados-no-transito\/#primaryimage"},"thumbnailUrl":"https:\/\/www.comprecar.com.br\/blog\/wp-content\/uploads\/2024\/03\/cuidados-no-transito.jpg","datePublished":"2024-03-18T17:17:38+00:00","dateModified":"2024-03-18T17:17:39+00:00","description":"Existem cuidados no tr\u00e2nsito que podem parecer bobos, mas que realmente salvam vidas. Conhe\u00e7a os 9 principais neste guia de boas pr\u00e1ticas da Comprecar!","breadcrumb":{"@id":"https:\/\/www.comprecar.com.br\/blog\/cuidados-no-transito\/#breadcrumb"},"inLanguage":"pt-BR","potentialAction":[{"@type":"ReadAction","target":["https:\/\/www.comprecar.com.br\/blog\/cuidados-no-transito\/"]}]},{"@type":"ImageObject","inLanguage":"pt-BR","@id":"https:\/\/www.comprecar.com.br\/blog\/cuidados-no-transito\/#primaryimage","url":"https:\/\/www.comprecar.com.br\/blog\/wp-content\/uploads\/2024\/03\/cuidados-no-transito.jpg","contentUrl":"https:\/\/www.comprecar.com.br\/blog\/wp-content\/uploads\/2024\/03\/cuidados-no-transito.jpg","width":1024,"height":683,"caption":"Cuidados no tr\u00e2nsito"},{"@type":"BreadcrumbList","@id":"https:\/\/www.comprecar.com.br\/blog\/cuidados-no-transito\/#breadcrumb","itemListElement":[{"@type":"ListItem","position":1,"name":"In\u00edcio","item":"https:\/\/www.comprecar.com.br\/blog\/"},{"@type":"ListItem","position":2,"name":"Cuidados no tr\u00e2nsito: guia de boas pr\u00e1ticas para uma mobilidade segura"}]},{"@type":"WebSite","@id":"https:\/\/www.comprecar.com.br\/blog\/#website","url":"https:\/\/www.comprecar.com.br\/blog\/","name":"Blog Comprecar: Guia Completo para Comprar, Vender e Cuidar do seu Carro","description":"Fique por dentro das \u00faltimas not\u00edcias do mercado, guias de manuten\u00e7\u00e3o e dicas essenciais para comprar ou vender seu ve\u00edculo. Acesse o Blog Comprecar e acelere seu conhecimento!","publisher":{"@id":"https:\/\/www.comprecar.com.br\/blog\/#organization"},"potentialAction":[{"@type":"SearchAction","target":{"@type":"EntryPoint","urlTemplate":"https:\/\/www.comprecar.com.br\/blog\/?s={search_term_string}"},"query-input":{"@type":"PropertyValueSpecification","valueRequired":true,"valueName":"search_term_string"}}],"inLanguage":"pt-BR"},{"@type":"Organization","@id":"https:\/\/www.comprecar.com.br\/blog\/#organization","name":"Comprecar","url":"https:\/\/www.comprecar.com.br\/blog\/","logo":{"@type":"ImageObject","inLanguage":"pt-BR","@id":"https:\/\/www.comprecar.com.br\/blog\/#\/schema\/logo\/image\/","url":"https:\/\/www.comprecar.com.br\/blog\/wp-content\/uploads\/2021\/02\/Logo-comprecar-2020.png","contentUrl":"https:\/\/www.comprecar.com.br\/blog\/wp-content\/uploads\/2021\/02\/Logo-comprecar-2020.png","width":1896,"height":504,"caption":"Comprecar"},"image":{"@id":"https:\/\/www.comprecar.com.br\/blog\/#\/schema\/logo\/image\/"},"sameAs":["https:\/\/www.facebook.com\/Comprecar","https:\/\/x.com\/comprecar","https:\/\/www.instagram.com\/comprecar"]},{"@type":"Person","@id":"https:\/\/www.comprecar.com.br\/blog\/#\/schema\/person\/005f0c51a8f4069103b2546fb9de78bb","name":"Fred","image":{"@type":"ImageObject","inLanguage":"pt-BR","@id":"https:\/\/secure.gravatar.com\/avatar\/5d9633b5fd5f086a0d21824763ff62caa933616c7e8525c39357d3ebf950f257?s=96&d=mm&r=g","url":"https:\/\/secure.gravatar.com\/avatar\/5d9633b5fd5f086a0d21824763ff62caa933616c7e8525c39357d3ebf950f257?s=96&d=mm&r=g","contentUrl":"https:\/\/secure.gravatar.com\/avatar\/5d9633b5fd5f086a0d21824763ff62caa933616c7e8525c39357d3ebf950f257?s=96&d=mm&r=g","caption":"Fred"},"description":"Fred \u00e9 empres\u00e1rio e atua h\u00e1 mais de duas d\u00e9cadas no mercado automotivo digital. \u00c9 fundador do Comprecar, plataforma criada em 2001 com o objetivo de conectar compradores e vendedores de ve\u00edculos, com forte presen\u00e7a nas cidades do interior do estado de S\u00e3o Paulo. Ao longo de sua trajet\u00f3ria, acumulou experi\u00eancia em marketing digital, tr\u00e1fego pago, SEO e estrat\u00e9gias de convers\u00e3o, sempre com foco em gerar resultados reais para anunciantes \u2014 especialmente na capta\u00e7\u00e3o de leads qualificados. Seu trabalho \u00e9 voltado para transformar o processo de compra e venda de ve\u00edculos em algo mais direto, transparente e eficiente, aproximando pessoas interessadas em negociar. Al\u00e9m da atua\u00e7\u00e3o empresarial, tamb\u00e9m desenvolve conte\u00fados voltados ao universo automotivo, abordando desde oportunidades de compra at\u00e9 an\u00e1lises de mercado, sempre com foco em ajudar o p\u00fablico a tomar decis\u00f5es mais seguras.","sameAs":["https:\/\/www.comprecar.com.br","https:\/\/www.instagram.com\/fredbittar\/","https:\/\/www.linkedin.com\/in\/fred-bittar-a0286b30\/"],"url":"https:\/\/www.comprecar.com.br\/blog\/author\/fred\/"}]}},"_links":{"self":[{"href":"https:\/\/www.comprecar.com.br\/blog\/wp-json\/wp\/v2\/posts\/1198","targetHints":{"allow":["GET"]}}],"collection":[{"href":"https:\/\/www.comprecar.com.br\/blog\/wp-json\/wp\/v2\/posts"}],"about":[{"href":"https:\/\/www.comprecar.com.br\/blog\/wp-json\/wp\/v2\/types\/post"}],"author":[{"embeddable":true,"href":"https:\/\/www.comprecar.com.br\/blog\/wp-json\/wp\/v2\/users\/1"}],"replies":[{"embeddable":true,"href":"https:\/\/www.comprecar.com.br\/blog\/wp-json\/wp\/v2\/comments?post=1198"}],"version-history":[{"count":1,"href":"https:\/\/www.comprecar.com.br\/blog\/wp-json\/wp\/v2\/posts\/1198\/revisions"}],"predecessor-version":[{"id":1202,"href":"https:\/\/www.comprecar.com.br\/blog\/wp-json\/wp\/v2\/posts\/1198\/revisions\/1202"}],"wp:featuredmedia":[{"embeddable":true,"href":"https:\/\/www.comprecar.com.br\/blog\/wp-json\/wp\/v2\/media\/1199"}],"wp:attachment":[{"href":"https:\/\/www.comprecar.com.br\/blog\/wp-json\/wp\/v2\/media?parent=1198"}],"wp:term":[{"taxonomy":"category","embeddable":true,"href":"https:\/\/www.comprecar.com.br\/blog\/wp-json\/wp\/v2\/categories?post=1198"},{"taxonomy":"post_tag","embeddable":true,"href":"https:\/\/www.comprecar.com.br\/blog\/wp-json\/wp\/v2\/tags?post=1198"}],"curies":[{"name":"wp","href":"https:\/\/api.w.org\/{rel}","templated":true}]}}