{"id":1291,"date":"2024-12-01T16:42:54","date_gmt":"2024-12-01T19:42:54","guid":{"rendered":"https:\/\/www.comprecar.com.br\/blog\/?p=1291"},"modified":"2024-12-20T16:46:16","modified_gmt":"2024-12-20T19:46:16","slug":"como-ir-de-campinas-para-sao-paulo","status":"publish","type":"post","link":"https:\/\/www.comprecar.com.br\/blog\/como-ir-de-campinas-para-sao-paulo\/","title":{"rendered":"Como ir de Campinas para S\u00e3o Paulo"},"content":{"rendered":"\n<p>Planejando como ir de Campinas para S\u00e3o Paulo? Com tantas op\u00e7\u00f5es, escolher o meio de transporte ideal pode ser mais simples do que parece!&nbsp;<\/p>\n\n\n\n<p>Se voc\u00ea busca conforto, economia, ou apenas quer evitar imprevistos na estrada, aqui voc\u00ea encontrar\u00e1 tudo o que precisa saber para tornar essa viagem r\u00e1pida e tranquila.&nbsp;<\/p>\n\n\n\n<p>Seja por transporte p\u00fablico ou at\u00e9 mesmo com um <a href=\"https:\/\/www.comprecar.com.br\/carros-usados\/campinas\" target=\"_blank\" rel=\"noreferrer noopener\">carro pr\u00f3prio,<\/a> vamos te mostrar como aproveitar ao m\u00e1ximo essa jornada. Continue a leitura disponibilizada pelo<a href=\"https:\/\/www.comprecar.com.br\/\" target=\"_blank\" rel=\"noreferrer noopener\"> CompreCar<\/a> e veja como facilitar seu trajeto at\u00e9 a capital!<\/p>\n\n\n\n<h2 class=\"wp-block-heading\">Como ir de Campinas para S\u00e3o Paulo: melhores op\u00e7\u00f5es\u00a0<\/h2>\n\n\n\n<p>Decidir como ir de Campinas para S\u00e3o Paulo \u00e9 f\u00e1cil. Inclusive h\u00e1 diversas op\u00e7\u00f5es que oferecem diferentes vantagens em termos de custo, conforto e tempo de viagem.<\/p>\n\n\n\n<p>Veja as melhores alternativas para percorrer esse trajeto:<\/p>\n\n\n\n<h3 class=\"wp-block-heading\">1- Como ir de Campinas para S\u00e3o Paulo de \u00f4nibus<\/h3>\n\n\n\n<figure class=\"wp-block-image\"><img decoding=\"async\" src=\"https:\/\/lh7-rt.googleusercontent.com\/docsz\/AD_4nXeFP8Yj6x0rbigVchH-1-UmnrQtrV6D18ArreDhuE3IlhOrfxdE9mI6FxncqMFJS75QKWr5yTGzGfz7o2nogEKtY_OxJ-7eVv1pjofdNq-85cRiUuBckCsgWcWWXGzTQ196z-zT5kqJqm6NhgEeb2BgJ9M?key=Kb1AhQYcjbEV1ij1mBrxwg\" alt=\"Como ir de Campinas para S\u00e3o Paulo (1)\"\/><\/figure>\n\n\n\n<p>N\u00e3o tem carro ou prefere aproveitar a viagem para descansar? No <a href=\"https:\/\/www.clickbus.com.br\/onibus\/campinas-sp\/sao-paulo-tiete-sp\" target=\"_blank\" rel=\"noreferrer noopener\">site ClickBus<\/a>, voc\u00ea encontra v\u00e1rias op\u00e7\u00f5es de \u00f4nibus com sa\u00eddas a partir das 4h20 da manh\u00e3.<\/p>\n\n\n\n<p>Al\u00e9m de garantir seguran\u00e7a de viajar em conjunto com outros passageiros, o desembarque acontece somente no Terminal Tiet\u00ea. Inclusive, os valores s\u00e3o acess\u00edveis e com dura\u00e7\u00e3o de viagem de at\u00e9 2h (claro, isso dependendo do imprevis\u00edvel tr\u00e2nsito da capital paulista).<\/p>\n\n\n\n<h3 class=\"wp-block-heading\">2- Ir de Campinas para S\u00e3o Paulo de carro&nbsp;<\/h3>\n\n\n\n<p>Por fim, o trajeto entre Campinas e S\u00e3o Paulo de carro particular pode ser feito pela Rodovia Anhanguera (SP-330) ou pela Rodovia dos Bandeirantes (SP-348), com dura\u00e7\u00e3o aproximada de 1h30 fora dos hor\u00e1rios de pico.<\/p>\n\n\n\n<h3 class=\"wp-block-heading\">3- Em breve viaje de Campinas para S\u00e3o Paulo de trem<\/h3>\n\n\n\n<p>Futuramente, a forma de <strong>como ir de Campinas para S\u00e3o Paulo <\/strong>passar\u00e1 por mudan\u00e7as. Afinal, est\u00e1 em tr\u00e2mite o <a href=\"https:\/\/g1.globo.com\/sp\/campinas-regiao\/noticia\/2024\/05\/29\/contrato-de-concessao-do-trem-intercidades-entre-campinas-e-sp-e-assinado-nesta-quarta-entenda.ghtml\" target=\"_blank\" rel=\"noreferrer noopener\">projeto do trem<\/a> que far\u00e1 a conex\u00e3o entre essas duas cidades.\u00a0<\/p>\n\n\n\n<p>Engenheiros acreditam que a viagem dure apenas 1h e 4 minutos, comportando mais de 800 passageiros sentados.<\/p>\n\n\n\n<h2 class=\"wp-block-heading\">Precisa comprar ou trocar seu carro para ir de Campinas a S\u00e3o Paulo com muito mais conforto e seguran\u00e7a? No Comprecar voc\u00ea encontra as melhores op\u00e7\u00f5es&nbsp;<\/h2>\n\n\n\n<p>O Comprecar \u00e9 o maior classificado de ve\u00edculos da internet. Por isso, se voc\u00ea precisa trocar seu carro ou comprar um seminovo, aqui voc\u00ea encontra as melhores op\u00e7\u00f5es.&nbsp;<\/p>\n\n\n\n<p>Anunciamos diversos ve\u00edculos e as melhores revendedoras para voc\u00ea ter total seguran\u00e7a ao efetuar sua compra. Acesse agora nosso site <a href=\"https:\/\/www.comprecar.com.br\/\" target=\"_blank\" rel=\"noreferrer noopener\">CompreCar<\/a>! Para mais assuntos como esses e dicas de carros ou viagens, acompanhe <a href=\"https:\/\/www.comprecar.com.br\/blog\/\" target=\"_blank\" rel=\"noreferrer noopener\">nosso blog<\/a>.<\/p>\n\n\n\n<p><\/p>\n","protected":false},"excerpt":{"rendered":"<p>Planejando como ir de Campinas para S\u00e3o Paulo? Com tantas op\u00e7\u00f5es, escolher o meio de transporte ideal pode ser mais simples do que parece!&nbsp; Se voc\u00ea busca conforto, economia, ou apenas quer evitar imprevistos na estrada, aqui voc\u00ea encontrar\u00e1 tudo o que precisa saber para tornar essa viagem r\u00e1pida e tranquila.&nbsp; Seja por transporte p\u00fablico&#8230;<\/p>\n","protected":false},"author":1,"featured_media":1292,"comment_status":"open","ping_status":"open","sticky":false,"template":"","format":"standard","meta":{"_kad_post_transparent":"","_kad_post_title":"","_kad_post_layout":"","_kad_post_sidebar_id":"","_kad_post_content_style":"","_kad_post_vertical_padding":"","_kad_post_feature":"","_kad_post_feature_position":"","_kad_post_header":false,"_kad_post_footer":false,"_kad_post_classname":"","footnotes":""},"categories":[74,73],"tags":[],"class_list":["post-1291","post","type-post","status-publish","format-standard","has-post-thumbnail","hentry","category-carros","category-dicas"],"yoast_head":"<!-- This site is optimized with the Yoast SEO plugin v27.3 - https:\/\/yoast.com\/product\/yoast-seo-wordpress\/ -->\n<title>Como ir de Campinas Para a S\u00e3o Paulo<\/title>\n<meta name=\"description\" content=\"Carro particular, \u00f4nibus ou aplicativo de viagens s\u00e3o os meios de como ir de Campinas para S\u00e3o Paulo. Saiba mais!\" \/>\n<meta name=\"robots\" content=\"index, follow, max-snippet:-1, max-image-preview:large, max-video-preview:-1\" \/>\n<link rel=\"canonical\" href=\"https:\/\/www.comprecar.com.br\/blog\/como-ir-de-campinas-para-sao-paulo\/\" \/>\n<meta property=\"og:locale\" content=\"pt_BR\" \/>\n<meta property=\"og:type\" content=\"article\" \/>\n<meta property=\"og:title\" content=\"Como ir de Campinas Para a S\u00e3o Paulo\" \/>\n<meta property=\"og:description\" content=\"Carro particular, \u00f4nibus ou aplicativo de viagens s\u00e3o os meios de como ir de Campinas para S\u00e3o Paulo. Saiba mais!\" \/>\n<meta property=\"og:url\" content=\"https:\/\/www.comprecar.com.br\/blog\/como-ir-de-campinas-para-sao-paulo\/\" \/>\n<meta property=\"og:site_name\" content=\"Blog Comprecar: Guia Completo para Comprar, Vender e Cuidar do seu Carro\" \/>\n<meta property=\"article:publisher\" content=\"https:\/\/www.facebook.com\/Comprecar\" \/>\n<meta property=\"article:published_time\" content=\"2024-12-01T19:42:54+00:00\" \/>\n<meta property=\"article:modified_time\" content=\"2024-12-20T19:46:16+00:00\" \/>\n<meta property=\"og:image\" content=\"https:\/\/www.comprecar.com.br\/blog\/wp-content\/uploads\/2024\/12\/Como-ir-de-Campinas-Para-a-Sao-Paulo-capa.jpg\" \/>\n\t<meta property=\"og:image:width\" content=\"1200\" \/>\n\t<meta property=\"og:image:height\" content=\"800\" \/>\n\t<meta property=\"og:image:type\" content=\"image\/jpeg\" \/>\n<meta name=\"author\" content=\"Fred\" \/>\n<meta name=\"twitter:card\" content=\"summary_large_image\" \/>\n<meta name=\"twitter:creator\" content=\"@comprecar\" \/>\n<meta name=\"twitter:site\" content=\"@comprecar\" \/>\n<meta name=\"twitter:label1\" content=\"Escrito por\" \/>\n\t<meta name=\"twitter:data1\" content=\"Fred\" \/>\n\t<meta name=\"twitter:label2\" content=\"Est. tempo de leitura\" \/>\n\t<meta name=\"twitter:data2\" content=\"3 minutos\" \/>\n<script type=\"application\/ld+json\" class=\"yoast-schema-graph\">{\"@context\":\"https:\\\/\\\/schema.org\",\"@graph\":[{\"@type\":\"Article\",\"@id\":\"https:\\\/\\\/www.comprecar.com.br\\\/blog\\\/como-ir-de-campinas-para-sao-paulo\\\/#article\",\"isPartOf\":{\"@id\":\"https:\\\/\\\/www.comprecar.com.br\\\/blog\\\/como-ir-de-campinas-para-sao-paulo\\\/\"},\"author\":{\"name\":\"Fred\",\"@id\":\"https:\\\/\\\/www.comprecar.com.br\\\/blog\\\/#\\\/schema\\\/person\\\/005f0c51a8f4069103b2546fb9de78bb\"},\"headline\":\"Como ir de Campinas para S\u00e3o Paulo\",\"datePublished\":\"2024-12-01T19:42:54+00:00\",\"dateModified\":\"2024-12-20T19:46:16+00:00\",\"mainEntityOfPage\":{\"@id\":\"https:\\\/\\\/www.comprecar.com.br\\\/blog\\\/como-ir-de-campinas-para-sao-paulo\\\/\"},\"wordCount\":446,\"commentCount\":0,\"publisher\":{\"@id\":\"https:\\\/\\\/www.comprecar.com.br\\\/blog\\\/#organization\"},\"image\":{\"@id\":\"https:\\\/\\\/www.comprecar.com.br\\\/blog\\\/como-ir-de-campinas-para-sao-paulo\\\/#primaryimage\"},\"thumbnailUrl\":\"https:\\\/\\\/www.comprecar.com.br\\\/blog\\\/wp-content\\\/uploads\\\/2024\\\/12\\\/Como-ir-de-Campinas-Para-a-Sao-Paulo-capa.jpg\",\"articleSection\":[\"Carros\",\"Dicas\"],\"inLanguage\":\"pt-BR\",\"potentialAction\":[{\"@type\":\"CommentAction\",\"name\":\"Comment\",\"target\":[\"https:\\\/\\\/www.comprecar.com.br\\\/blog\\\/como-ir-de-campinas-para-sao-paulo\\\/#respond\"]}]},{\"@type\":\"WebPage\",\"@id\":\"https:\\\/\\\/www.comprecar.com.br\\\/blog\\\/como-ir-de-campinas-para-sao-paulo\\\/\",\"url\":\"https:\\\/\\\/www.comprecar.com.br\\\/blog\\\/como-ir-de-campinas-para-sao-paulo\\\/\",\"name\":\"Como ir de Campinas Para a S\u00e3o Paulo\",\"isPartOf\":{\"@id\":\"https:\\\/\\\/www.comprecar.com.br\\\/blog\\\/#website\"},\"primaryImageOfPage\":{\"@id\":\"https:\\\/\\\/www.comprecar.com.br\\\/blog\\\/como-ir-de-campinas-para-sao-paulo\\\/#primaryimage\"},\"image\":{\"@id\":\"https:\\\/\\\/www.comprecar.com.br\\\/blog\\\/como-ir-de-campinas-para-sao-paulo\\\/#primaryimage\"},\"thumbnailUrl\":\"https:\\\/\\\/www.comprecar.com.br\\\/blog\\\/wp-content\\\/uploads\\\/2024\\\/12\\\/Como-ir-de-Campinas-Para-a-Sao-Paulo-capa.jpg\",\"datePublished\":\"2024-12-01T19:42:54+00:00\",\"dateModified\":\"2024-12-20T19:46:16+00:00\",\"description\":\"Carro particular, \u00f4nibus ou aplicativo de viagens s\u00e3o os meios de como ir de Campinas para S\u00e3o Paulo. Saiba mais!\",\"breadcrumb\":{\"@id\":\"https:\\\/\\\/www.comprecar.com.br\\\/blog\\\/como-ir-de-campinas-para-sao-paulo\\\/#breadcrumb\"},\"inLanguage\":\"pt-BR\",\"potentialAction\":[{\"@type\":\"ReadAction\",\"target\":[\"https:\\\/\\\/www.comprecar.com.br\\\/blog\\\/como-ir-de-campinas-para-sao-paulo\\\/\"]}]},{\"@type\":\"ImageObject\",\"inLanguage\":\"pt-BR\",\"@id\":\"https:\\\/\\\/www.comprecar.com.br\\\/blog\\\/como-ir-de-campinas-para-sao-paulo\\\/#primaryimage\",\"url\":\"https:\\\/\\\/www.comprecar.com.br\\\/blog\\\/wp-content\\\/uploads\\\/2024\\\/12\\\/Como-ir-de-Campinas-Para-a-Sao-Paulo-capa.jpg\",\"contentUrl\":\"https:\\\/\\\/www.comprecar.com.br\\\/blog\\\/wp-content\\\/uploads\\\/2024\\\/12\\\/Como-ir-de-Campinas-Para-a-Sao-Paulo-capa.jpg\",\"width\":1200,\"height\":800,\"caption\":\"Como ir de Campinas para S\u00e3o Paulo (capa)\"},{\"@type\":\"BreadcrumbList\",\"@id\":\"https:\\\/\\\/www.comprecar.com.br\\\/blog\\\/como-ir-de-campinas-para-sao-paulo\\\/#breadcrumb\",\"itemListElement\":[{\"@type\":\"ListItem\",\"position\":1,\"name\":\"In\u00edcio\",\"item\":\"https:\\\/\\\/www.comprecar.com.br\\\/blog\\\/\"},{\"@type\":\"ListItem\",\"position\":2,\"name\":\"Como ir de Campinas para S\u00e3o Paulo\"}]},{\"@type\":\"WebSite\",\"@id\":\"https:\\\/\\\/www.comprecar.com.br\\\/blog\\\/#website\",\"url\":\"https:\\\/\\\/www.comprecar.com.br\\\/blog\\\/\",\"name\":\"Blog Comprecar: Guia Completo para Comprar, Vender e Cuidar do seu Carro\",\"description\":\"Fique por dentro das \u00faltimas not\u00edcias do mercado, guias de manuten\u00e7\u00e3o e dicas essenciais para comprar ou vender seu ve\u00edculo. Acesse o Blog Comprecar e acelere seu conhecimento!\",\"publisher\":{\"@id\":\"https:\\\/\\\/www.comprecar.com.br\\\/blog\\\/#organization\"},\"potentialAction\":[{\"@type\":\"SearchAction\",\"target\":{\"@type\":\"EntryPoint\",\"urlTemplate\":\"https:\\\/\\\/www.comprecar.com.br\\\/blog\\\/?s={search_term_string}\"},\"query-input\":{\"@type\":\"PropertyValueSpecification\",\"valueRequired\":true,\"valueName\":\"search_term_string\"}}],\"inLanguage\":\"pt-BR\"},{\"@type\":\"Organization\",\"@id\":\"https:\\\/\\\/www.comprecar.com.br\\\/blog\\\/#organization\",\"name\":\"Comprecar\",\"url\":\"https:\\\/\\\/www.comprecar.com.br\\\/blog\\\/\",\"logo\":{\"@type\":\"ImageObject\",\"inLanguage\":\"pt-BR\",\"@id\":\"https:\\\/\\\/www.comprecar.com.br\\\/blog\\\/#\\\/schema\\\/logo\\\/image\\\/\",\"url\":\"https:\\\/\\\/www.comprecar.com.br\\\/blog\\\/wp-content\\\/uploads\\\/2021\\\/02\\\/Logo-comprecar-2020.png\",\"contentUrl\":\"https:\\\/\\\/www.comprecar.com.br\\\/blog\\\/wp-content\\\/uploads\\\/2021\\\/02\\\/Logo-comprecar-2020.png\",\"width\":1896,\"height\":504,\"caption\":\"Comprecar\"},\"image\":{\"@id\":\"https:\\\/\\\/www.comprecar.com.br\\\/blog\\\/#\\\/schema\\\/logo\\\/image\\\/\"},\"sameAs\":[\"https:\\\/\\\/www.facebook.com\\\/Comprecar\",\"https:\\\/\\\/x.com\\\/comprecar\",\"https:\\\/\\\/www.instagram.com\\\/comprecar\"]},{\"@type\":\"Person\",\"@id\":\"https:\\\/\\\/www.comprecar.com.br\\\/blog\\\/#\\\/schema\\\/person\\\/005f0c51a8f4069103b2546fb9de78bb\",\"name\":\"Fred\",\"image\":{\"@type\":\"ImageObject\",\"inLanguage\":\"pt-BR\",\"@id\":\"https:\\\/\\\/secure.gravatar.com\\\/avatar\\\/5d9633b5fd5f086a0d21824763ff62caa933616c7e8525c39357d3ebf950f257?s=96&d=mm&r=g\",\"url\":\"https:\\\/\\\/secure.gravatar.com\\\/avatar\\\/5d9633b5fd5f086a0d21824763ff62caa933616c7e8525c39357d3ebf950f257?s=96&d=mm&r=g\",\"contentUrl\":\"https:\\\/\\\/secure.gravatar.com\\\/avatar\\\/5d9633b5fd5f086a0d21824763ff62caa933616c7e8525c39357d3ebf950f257?s=96&d=mm&r=g\",\"caption\":\"Fred\"},\"description\":\"Fred \u00e9 empres\u00e1rio e atua h\u00e1 mais de duas d\u00e9cadas no mercado automotivo digital. \u00c9 fundador do Comprecar, plataforma criada em 2001 com o objetivo de conectar compradores e vendedores de ve\u00edculos, com forte presen\u00e7a nas cidades do interior do estado de S\u00e3o Paulo. Ao longo de sua trajet\u00f3ria, acumulou experi\u00eancia em marketing digital, tr\u00e1fego pago, SEO e estrat\u00e9gias de convers\u00e3o, sempre com foco em gerar resultados reais para anunciantes \u2014 especialmente na capta\u00e7\u00e3o de leads qualificados. Seu trabalho \u00e9 voltado para transformar o processo de compra e venda de ve\u00edculos em algo mais direto, transparente e eficiente, aproximando pessoas interessadas em negociar. Al\u00e9m da atua\u00e7\u00e3o empresarial, tamb\u00e9m desenvolve conte\u00fados voltados ao universo automotivo, abordando desde oportunidades de compra at\u00e9 an\u00e1lises de mercado, sempre com foco em ajudar o p\u00fablico a tomar decis\u00f5es mais seguras.\",\"sameAs\":[\"https:\\\/\\\/www.comprecar.com.br\",\"https:\\\/\\\/www.instagram.com\\\/fredbittar\\\/\",\"https:\\\/\\\/www.linkedin.com\\\/in\\\/fred-bittar-a0286b30\\\/\"],\"url\":\"https:\\\/\\\/www.comprecar.com.br\\\/blog\\\/author\\\/fred\\\/\"}]}<\/script>\n<!-- \/ Yoast SEO plugin. -->","yoast_head_json":{"title":"Como ir de Campinas Para a S\u00e3o Paulo","description":"Carro particular, \u00f4nibus ou aplicativo de viagens s\u00e3o os meios de como ir de Campinas para S\u00e3o Paulo. Saiba mais!","robots":{"index":"index","follow":"follow","max-snippet":"max-snippet:-1","max-image-preview":"max-image-preview:large","max-video-preview":"max-video-preview:-1"},"canonical":"https:\/\/www.comprecar.com.br\/blog\/como-ir-de-campinas-para-sao-paulo\/","og_locale":"pt_BR","og_type":"article","og_title":"Como ir de Campinas Para a S\u00e3o Paulo","og_description":"Carro particular, \u00f4nibus ou aplicativo de viagens s\u00e3o os meios de como ir de Campinas para S\u00e3o Paulo. Saiba mais!","og_url":"https:\/\/www.comprecar.com.br\/blog\/como-ir-de-campinas-para-sao-paulo\/","og_site_name":"Blog Comprecar: Guia Completo para Comprar, Vender e Cuidar do seu Carro","article_publisher":"https:\/\/www.facebook.com\/Comprecar","article_published_time":"2024-12-01T19:42:54+00:00","article_modified_time":"2024-12-20T19:46:16+00:00","og_image":[{"width":1200,"height":800,"url":"https:\/\/www.comprecar.com.br\/blog\/wp-content\/uploads\/2024\/12\/Como-ir-de-Campinas-Para-a-Sao-Paulo-capa.jpg","type":"image\/jpeg"}],"author":"Fred","twitter_card":"summary_large_image","twitter_creator":"@comprecar","twitter_site":"@comprecar","twitter_misc":{"Escrito por":"Fred","Est. tempo de leitura":"3 minutos"},"schema":{"@context":"https:\/\/schema.org","@graph":[{"@type":"Article","@id":"https:\/\/www.comprecar.com.br\/blog\/como-ir-de-campinas-para-sao-paulo\/#article","isPartOf":{"@id":"https:\/\/www.comprecar.com.br\/blog\/como-ir-de-campinas-para-sao-paulo\/"},"author":{"name":"Fred","@id":"https:\/\/www.comprecar.com.br\/blog\/#\/schema\/person\/005f0c51a8f4069103b2546fb9de78bb"},"headline":"Como ir de Campinas para S\u00e3o Paulo","datePublished":"2024-12-01T19:42:54+00:00","dateModified":"2024-12-20T19:46:16+00:00","mainEntityOfPage":{"@id":"https:\/\/www.comprecar.com.br\/blog\/como-ir-de-campinas-para-sao-paulo\/"},"wordCount":446,"commentCount":0,"publisher":{"@id":"https:\/\/www.comprecar.com.br\/blog\/#organization"},"image":{"@id":"https:\/\/www.comprecar.com.br\/blog\/como-ir-de-campinas-para-sao-paulo\/#primaryimage"},"thumbnailUrl":"https:\/\/www.comprecar.com.br\/blog\/wp-content\/uploads\/2024\/12\/Como-ir-de-Campinas-Para-a-Sao-Paulo-capa.jpg","articleSection":["Carros","Dicas"],"inLanguage":"pt-BR","potentialAction":[{"@type":"CommentAction","name":"Comment","target":["https:\/\/www.comprecar.com.br\/blog\/como-ir-de-campinas-para-sao-paulo\/#respond"]}]},{"@type":"WebPage","@id":"https:\/\/www.comprecar.com.br\/blog\/como-ir-de-campinas-para-sao-paulo\/","url":"https:\/\/www.comprecar.com.br\/blog\/como-ir-de-campinas-para-sao-paulo\/","name":"Como ir de Campinas Para a S\u00e3o Paulo","isPartOf":{"@id":"https:\/\/www.comprecar.com.br\/blog\/#website"},"primaryImageOfPage":{"@id":"https:\/\/www.comprecar.com.br\/blog\/como-ir-de-campinas-para-sao-paulo\/#primaryimage"},"image":{"@id":"https:\/\/www.comprecar.com.br\/blog\/como-ir-de-campinas-para-sao-paulo\/#primaryimage"},"thumbnailUrl":"https:\/\/www.comprecar.com.br\/blog\/wp-content\/uploads\/2024\/12\/Como-ir-de-Campinas-Para-a-Sao-Paulo-capa.jpg","datePublished":"2024-12-01T19:42:54+00:00","dateModified":"2024-12-20T19:46:16+00:00","description":"Carro particular, \u00f4nibus ou aplicativo de viagens s\u00e3o os meios de como ir de Campinas para S\u00e3o Paulo. Saiba mais!","breadcrumb":{"@id":"https:\/\/www.comprecar.com.br\/blog\/como-ir-de-campinas-para-sao-paulo\/#breadcrumb"},"inLanguage":"pt-BR","potentialAction":[{"@type":"ReadAction","target":["https:\/\/www.comprecar.com.br\/blog\/como-ir-de-campinas-para-sao-paulo\/"]}]},{"@type":"ImageObject","inLanguage":"pt-BR","@id":"https:\/\/www.comprecar.com.br\/blog\/como-ir-de-campinas-para-sao-paulo\/#primaryimage","url":"https:\/\/www.comprecar.com.br\/blog\/wp-content\/uploads\/2024\/12\/Como-ir-de-Campinas-Para-a-Sao-Paulo-capa.jpg","contentUrl":"https:\/\/www.comprecar.com.br\/blog\/wp-content\/uploads\/2024\/12\/Como-ir-de-Campinas-Para-a-Sao-Paulo-capa.jpg","width":1200,"height":800,"caption":"Como ir de Campinas para S\u00e3o Paulo (capa)"},{"@type":"BreadcrumbList","@id":"https:\/\/www.comprecar.com.br\/blog\/como-ir-de-campinas-para-sao-paulo\/#breadcrumb","itemListElement":[{"@type":"ListItem","position":1,"name":"In\u00edcio","item":"https:\/\/www.comprecar.com.br\/blog\/"},{"@type":"ListItem","position":2,"name":"Como ir de Campinas para S\u00e3o Paulo"}]},{"@type":"WebSite","@id":"https:\/\/www.comprecar.com.br\/blog\/#website","url":"https:\/\/www.comprecar.com.br\/blog\/","name":"Blog Comprecar: Guia Completo para Comprar, Vender e Cuidar do seu Carro","description":"Fique por dentro das \u00faltimas not\u00edcias do mercado, guias de manuten\u00e7\u00e3o e dicas essenciais para comprar ou vender seu ve\u00edculo. Acesse o Blog Comprecar e acelere seu conhecimento!","publisher":{"@id":"https:\/\/www.comprecar.com.br\/blog\/#organization"},"potentialAction":[{"@type":"SearchAction","target":{"@type":"EntryPoint","urlTemplate":"https:\/\/www.comprecar.com.br\/blog\/?s={search_term_string}"},"query-input":{"@type":"PropertyValueSpecification","valueRequired":true,"valueName":"search_term_string"}}],"inLanguage":"pt-BR"},{"@type":"Organization","@id":"https:\/\/www.comprecar.com.br\/blog\/#organization","name":"Comprecar","url":"https:\/\/www.comprecar.com.br\/blog\/","logo":{"@type":"ImageObject","inLanguage":"pt-BR","@id":"https:\/\/www.comprecar.com.br\/blog\/#\/schema\/logo\/image\/","url":"https:\/\/www.comprecar.com.br\/blog\/wp-content\/uploads\/2021\/02\/Logo-comprecar-2020.png","contentUrl":"https:\/\/www.comprecar.com.br\/blog\/wp-content\/uploads\/2021\/02\/Logo-comprecar-2020.png","width":1896,"height":504,"caption":"Comprecar"},"image":{"@id":"https:\/\/www.comprecar.com.br\/blog\/#\/schema\/logo\/image\/"},"sameAs":["https:\/\/www.facebook.com\/Comprecar","https:\/\/x.com\/comprecar","https:\/\/www.instagram.com\/comprecar"]},{"@type":"Person","@id":"https:\/\/www.comprecar.com.br\/blog\/#\/schema\/person\/005f0c51a8f4069103b2546fb9de78bb","name":"Fred","image":{"@type":"ImageObject","inLanguage":"pt-BR","@id":"https:\/\/secure.gravatar.com\/avatar\/5d9633b5fd5f086a0d21824763ff62caa933616c7e8525c39357d3ebf950f257?s=96&d=mm&r=g","url":"https:\/\/secure.gravatar.com\/avatar\/5d9633b5fd5f086a0d21824763ff62caa933616c7e8525c39357d3ebf950f257?s=96&d=mm&r=g","contentUrl":"https:\/\/secure.gravatar.com\/avatar\/5d9633b5fd5f086a0d21824763ff62caa933616c7e8525c39357d3ebf950f257?s=96&d=mm&r=g","caption":"Fred"},"description":"Fred \u00e9 empres\u00e1rio e atua h\u00e1 mais de duas d\u00e9cadas no mercado automotivo digital. \u00c9 fundador do Comprecar, plataforma criada em 2001 com o objetivo de conectar compradores e vendedores de ve\u00edculos, com forte presen\u00e7a nas cidades do interior do estado de S\u00e3o Paulo. Ao longo de sua trajet\u00f3ria, acumulou experi\u00eancia em marketing digital, tr\u00e1fego pago, SEO e estrat\u00e9gias de convers\u00e3o, sempre com foco em gerar resultados reais para anunciantes \u2014 especialmente na capta\u00e7\u00e3o de leads qualificados. Seu trabalho \u00e9 voltado para transformar o processo de compra e venda de ve\u00edculos em algo mais direto, transparente e eficiente, aproximando pessoas interessadas em negociar. Al\u00e9m da atua\u00e7\u00e3o empresarial, tamb\u00e9m desenvolve conte\u00fados voltados ao universo automotivo, abordando desde oportunidades de compra at\u00e9 an\u00e1lises de mercado, sempre com foco em ajudar o p\u00fablico a tomar decis\u00f5es mais seguras.","sameAs":["https:\/\/www.comprecar.com.br","https:\/\/www.instagram.com\/fredbittar\/","https:\/\/www.linkedin.com\/in\/fred-bittar-a0286b30\/"],"url":"https:\/\/www.comprecar.com.br\/blog\/author\/fred\/"}]}},"_links":{"self":[{"href":"https:\/\/www.comprecar.com.br\/blog\/wp-json\/wp\/v2\/posts\/1291","targetHints":{"allow":["GET"]}}],"collection":[{"href":"https:\/\/www.comprecar.com.br\/blog\/wp-json\/wp\/v2\/posts"}],"about":[{"href":"https:\/\/www.comprecar.com.br\/blog\/wp-json\/wp\/v2\/types\/post"}],"author":[{"embeddable":true,"href":"https:\/\/www.comprecar.com.br\/blog\/wp-json\/wp\/v2\/users\/1"}],"replies":[{"embeddable":true,"href":"https:\/\/www.comprecar.com.br\/blog\/wp-json\/wp\/v2\/comments?post=1291"}],"version-history":[{"count":2,"href":"https:\/\/www.comprecar.com.br\/blog\/wp-json\/wp\/v2\/posts\/1291\/revisions"}],"predecessor-version":[{"id":1294,"href":"https:\/\/www.comprecar.com.br\/blog\/wp-json\/wp\/v2\/posts\/1291\/revisions\/1294"}],"wp:featuredmedia":[{"embeddable":true,"href":"https:\/\/www.comprecar.com.br\/blog\/wp-json\/wp\/v2\/media\/1292"}],"wp:attachment":[{"href":"https:\/\/www.comprecar.com.br\/blog\/wp-json\/wp\/v2\/media?parent=1291"}],"wp:term":[{"taxonomy":"category","embeddable":true,"href":"https:\/\/www.comprecar.com.br\/blog\/wp-json\/wp\/v2\/categories?post=1291"},{"taxonomy":"post_tag","embeddable":true,"href":"https:\/\/www.comprecar.com.br\/blog\/wp-json\/wp\/v2\/tags?post=1291"}],"curies":[{"name":"wp","href":"https:\/\/api.w.org\/{rel}","templated":true}]}}