{"id":1825,"date":"2026-08-31T08:00:00","date_gmt":"2026-08-31T11:00:00","guid":{"rendered":"https:\/\/www.comprecar.com.br\/blog\/?p=1825"},"modified":"2026-08-31T08:21:05","modified_gmt":"2026-08-31T11:21:05","slug":"ipva-entenda-o-que-e-como-calcular-e-quando-pagar","status":"publish","type":"post","link":"https:\/\/www.comprecar.com.br\/blog\/ipva-entenda-o-que-e-como-calcular-e-quando-pagar\/","title":{"rendered":"IPVA: o que \u00e9, como calcular e quando pagar"},"content":{"rendered":"\n<p>Saber como calcular IPVA ajuda a planejar os custos do carro, comparar modelos antes da compra e evitar surpresas no in\u00edcio do ano. O c\u00e1lculo b\u00e1sico \u00e9 simples, mas o valor final depende de duas informa\u00e7\u00f5es que mudam conforme o estado: o valor venal adotado para o ve\u00edculo e a al\u00edquota aplic\u00e1vel.<\/p>\n\n\n\n<p>O calend\u00e1rio tamb\u00e9m n\u00e3o \u00e9 nacional. Cada Secretaria da Fazenda define vencimentos, descontos, quantidade de parcelas, meios de pagamento e regras de isen\u00e7\u00e3o. Por isso, uma orienta\u00e7\u00e3o correta precisa combinar a f\u00f3rmula geral com a consulta ao portal oficial do estado em que o ve\u00edculo est\u00e1 registrado.<\/p>\n\n\n\n<p>Neste guia do Blog do Comprecar, voc\u00ea vai entender o que \u00e9 IPVA, de onde vem a base de c\u00e1lculo, como aplicar a al\u00edquota, quando pagar e quais cuidados tomar ao comprar ou vender um ve\u00edculo.<\/p>\n\n\n\n<blockquote class=\"wp-block-quote is-layout-flow wp-block-quote-is-layout-flow\">\n<p>Resposta r\u00e1pida: Como calcular IPVA? Use a f\u00f3rmula: IPVA = valor venal do ve\u00edculo x al\u00edquota do estado. Se o valor venal for R$ 60.000 e a al\u00edquota for 4%, o imposto bruto ser\u00e1 R$ 2.400. Depois, verifique no portal oficial se h\u00e1 desconto para cota \u00fanica, parcelamento, isen\u00e7\u00e3o ou regra espec\u00edfica para o ve\u00edculo.<\/p>\n<\/blockquote>\n\n\n\n<h2 class=\"wp-block-heading\">O que \u00e9 IPVA?<\/h2>\n\n\n\n<p>IPVA \u00e9 a sigla de Imposto sobre a Propriedade de Ve\u00edculos Automotores. Trata-se de<strong> um tributo estadual cobrado<\/strong>, em regra, todos os anos de quem possui ve\u00edculo sujeito \u00e0 tributa\u00e7\u00e3o. O imposto n\u00e3o \u00e9 uma taxa de uso de rodovia e n\u00e3o se confunde com licenciamento, multas ou seguro. Esses itens podem aparecer pr\u00f3ximos no calend\u00e1rio ou na consulta de d\u00e9bitos, mas possuem naturezas e formas de cobran\u00e7a diferentes.<\/p>\n\n\n\n<p>A legisla\u00e7\u00e3o de cada estado define al\u00edquotas, hip\u00f3teses de isen\u00e7\u00e3o, datas, descontos e procedimentos. Por isso, dois carros iguais, do mesmo ano e com o mesmo valor de mercado, podem gerar IPVA diferente quando registrados em estados distintos.<\/p>\n\n\n\n<h2 class=\"wp-block-heading\">Quem precisa pagar o IPVA?<\/h2>\n\n\n\n<p>Em linhas gerais, o imposto \u00e9 devido pelo propriet\u00e1rio do ve\u00edculo na data definida pela legisla\u00e7\u00e3o estadual. Para ve\u00edculos usados, muitos estados consideram a propriedade no in\u00edcio do exerc\u00edcio. Para ve\u00edculos novos, o fato gerador costuma ocorrer na aquisi\u00e7\u00e3o, com c\u00e1lculo baseado no documento fiscal e regras proporcionais previstas pelo estado.<\/p>\n\n\n\n<p>Existem casos de imunidade, isen\u00e7\u00e3o, n\u00e3o incid\u00eancia ou redu\u00e7\u00e3o de al\u00edquota. Pessoas com defici\u00eancia, t\u00e1xis, ve\u00edculos de entidades espec\u00edficas, autom\u00f3veis antigos e ve\u00edculos de determinada tecnologia podem receber tratamento diferente, mas os requisitos variam bastante.<\/p>\n\n\n\n<blockquote class=\"wp-block-quote is-layout-flow wp-block-quote-is-layout-flow\">\n<p>Carro antigo \u00e9 automaticamente isento? N\u00e3o existe uma idade nacional \u00fanica para isen\u00e7\u00e3o de IPVA. Alguns estados concedem o benef\u00edcio ap\u00f3s determinado n\u00famero de anos de fabrica\u00e7\u00e3o; outros usam crit\u00e9rios diferentes. Consulte a Secretaria da Fazenda do estado antes de considerar o ve\u00edculo isento.<\/p>\n<\/blockquote>\n\n\n\n<h2 class=\"wp-block-heading\">Qual \u00e9 a base de c\u00e1lculo do IPVA?<\/h2>\n\n\n\n<p>A base de c\u00e1lculo de um ve\u00edculo usado \u00e9 o valor venal adotado pelo estado para aquele exerc\u00edcio. Esse valor representa uma estimativa oficial de mercado, considerando informa\u00e7\u00f5es como marca, modelo, vers\u00e3o, ano e caracter\u00edsticas do ve\u00edculo.<\/p>\n\n\n\n<p>\u00c9 comum ouvir que o<strong> IPVA \u00e9 calculado diretamente pela Tabela Fipe<\/strong>, mas essa frase simplifica demais. Alguns estados usam tabelas de pre\u00e7os m\u00e9dios elaboradas pela Fipe; outros publicam valores venais com metodologia pr\u00f3pria ou pesquisas contratadas. A refer\u00eancia correta \u00e9 sempre a tabela ou consulta oficial da Secretaria da Fazenda.<\/p>\n\n\n\n<p>O valor venal tamb\u00e9m pode ser diferente do pre\u00e7o pedido em um an\u00fancio. Um ve\u00edculo com avaria, alta quilometragem ou acess\u00f3rios n\u00e3o tem o imposto recalculado automaticamente com base na negocia\u00e7\u00e3o particular.<\/p>\n\n\n\n<h3 class=\"wp-block-heading\">E no ve\u00edculo zero quil\u00f4metro?<\/h3>\n\n\n\n<p>Para ve\u00edculo novo, a base costuma ser o valor da nota fiscal, acrescido de itens que a legisla\u00e7\u00e3o estadual determine. O imposto pode ser proporcional aos meses restantes do ano, conforme as regras locais. O prazo para pagar pode come\u00e7ar poucos dias depois da emiss\u00e3o da nota, por isso a orienta\u00e7\u00e3o deve ser conferida antes da retirada ou do emplacamento.<\/p>\n\n\n\n<h2 class=\"wp-block-heading\">O que \u00e9 a al\u00edquota do IPVA?<\/h2>\n\n\n\n<p>Al\u00edquota \u00e9 o percentual aplicado sobre o valor venal. Cada estado estabelece seus percentuais e pode diferenciar autom\u00f3veis, motocicletas, caminh\u00f5es, \u00f4nibus, utilit\u00e1rios, ve\u00edculos de locadoras, combust\u00edveis e finalidades de uso.<\/p>\n\n\n\n<p>Em 2026, por exemplo, <strong>autom\u00f3veis de passeio comuns podem estar sujeitos a 4% em S\u00e3o Paulo e Minas Gerais<\/strong>, enquanto o Paran\u00e1 passou a aplicar 1,9% a grande parte da frota. Na Bahia, autom\u00f3veis e utilit\u00e1rios n\u00e3o movidos a diesel t\u00eam al\u00edquota de 2,5%, enquanto os movidos a diesel ficam em 3%. As exce\u00e7\u00f5es devem ser verificadas na legisla\u00e7\u00e3o de cada estado.<\/p>\n\n\n\n<figure class=\"wp-block-table\"><table class=\"has-fixed-layout\"><tbody><tr><th>Estado<\/th><th>Exemplo de al\u00edquota em 2026<\/th><th>Observa\u00e7\u00e3o<\/th><\/tr><tr><td>S\u00e3o Paulo<\/td><td>4%<\/td><td>Autom\u00f3veis de passeio; outras categorias t\u00eam percentuais diferentes.<\/td><\/tr><tr><td>Minas Gerais<\/td><td>4%<\/td><td>Autom\u00f3veis, ve\u00edculos de uso misto e utilit\u00e1rios; h\u00e1 al\u00edquotas menores para outras categorias.<\/td><\/tr><tr><td>Paran\u00e1<\/td><td>1,9%<\/td><td>Al\u00edquota aplicada a grande parte da frota a partir do exerc\u00edcio de 2026; algumas categorias ficam em 1%.<\/td><\/tr><tr><td>Bahia<\/td><td>2,5% ou 3%<\/td><td>2,5% para autom\u00f3veis e utilit\u00e1rios de outros combust\u00edveis; 3% para diesel.<\/td><\/tr><\/tbody><\/table><\/figure>\n\n\n\n<p><em>Quadro de refer\u00eancia editorial atualizado em 31\/07\/2026. Al\u00edquotas podem mudar e h\u00e1 exce\u00e7\u00f5es por categoria, combust\u00edvel, finalidade, benef\u00edcio fiscal e exerc\u00edcio.<\/em><\/p>\n\n\n\n<h2 class=\"wp-block-heading\">Como calcular IPVA passo a passo?<\/h2>\n\n\n\n<p>O c\u00e1lculo pode ser feito em quatro etapas;<\/p>\n\n\n\n<p>1. Identifique o estado em que o ve\u00edculo est\u00e1 registrado;<\/p>\n\n\n\n<p>2. Consulte o valor venal oficial do exerc\u00edcio no portal da Secretaria da Fazenda;<\/p>\n\n\n\n<p>3. Confirme a al\u00edquota aplic\u00e1vel ao tipo, combust\u00edvel e uso do ve\u00edculo;<\/p>\n\n\n\n<p>4. Multiplique o valor venal pela al\u00edquota em formato decimal.<\/p>\n\n\n\n<h3 class=\"wp-block-heading\">F\u00f3rmula para calcular o valor do IPVA<\/h3>\n\n\n\n<blockquote class=\"wp-block-quote is-layout-flow wp-block-quote-is-layout-flow\">\n<p>IPVA = valor venal x al\u00edquota<\/p>\n\n\n\n<p>Para converter o percentual: 4% = 0,04; 2,5% = 0,025; 1,9% = 0,019.<\/p>\n\n\n\n<p>O resultado \u00e9 o imposto bruto, antes de desconto de cota \u00fanica, acr\u00e9scimos por atraso ou benef\u00edcios.<\/p>\n<\/blockquote>\n\n\n\n<h3 class=\"wp-block-heading\">Exemplo 1: Chevrolet Onix 2020<\/h3>\n\n\n\n<p>Considere, apenas para fins did\u00e1ticos, que um Chevrolet Onix 2020 tenha valor venal oficial de R$ 60.000 em um estado cuja al\u00edquota para autom\u00f3veis seja 4%.<\/p>\n\n\n\n<ul class=\"wp-block-list\">\n<li>Valor venal: R$ 60.000,00;<\/li>\n\n\n\n<li>Al\u00edquota: 4%, ou 0,04;<\/li>\n\n\n\n<li>C\u00e1lculo: R$ 60.000,00 x 0,04;<\/li>\n\n\n\n<li>IPVA bruto: R$ 2.400,00<\/li>\n<\/ul>\n\n\n\n<h3 class=\"wp-block-heading\">Exemplo 2: Hyundai HB20 2019<\/h3>\n\n\n\n<p>Agora considere um Hyundai HB20 2019 com valor venal hipot\u00e9tico de R$ 55.000 em um estado que cobre 2,5% para a categoria.<\/p>\n\n\n\n<ul class=\"wp-block-list\">\n<li>Valor venal: R$ 55.000,00;<\/li>\n\n\n\n<li>Al\u00edquota: 2,5%, ou 0,025;<\/li>\n\n\n\n<li>C\u00e1lculo: R$ 55.000,00 x 0,025;<\/li>\n\n\n\n<li>IPVA bruto: R$ 1.375,00<\/li>\n<\/ul>\n\n\n\n<h3 class=\"wp-block-heading\">Exemplo 3: mesmo valor, al\u00edquota diferente<\/h3>\n\n\n\n<p>Um carro com valor venal de R$ 60.000 gera R$ 2.400 de IPVA com al\u00edquota de 4%, R$ 1.500 com al\u00edquota de 2,5% e R$ 1.140 com al\u00edquota de 1,9%. Esse comparativo mostra por que n\u00e3o basta conhecer a cota\u00e7\u00e3o do ve\u00edculo: o estado de registro e a categoria fiscal mudam a conta.<\/p>\n\n\n\n<figure class=\"wp-block-table\"><table class=\"has-fixed-layout\"><tbody><tr><th>Valor venal hipot\u00e9tico<\/th><th>Al\u00edquota<\/th><th>IPVA bruto<\/th><\/tr><tr><td>R$ 60.000,00<\/td><td>4%<\/td><td>R$ 2.400,00<\/td><\/tr><tr><td>R$ 60.000,00<\/td><td>2,5%<\/td><td>R$ 1.500,00<\/td><\/tr><tr><td>R$ 60.000,00<\/td><td>1,9%<\/td><td>R$ 1.140,00<\/td><\/tr><\/tbody><\/table><\/figure>\n\n\n\n<p><em>Os valores dos modelos s\u00e3o hipot\u00e9ticos e servem apenas para demonstrar a f\u00f3rmula. Para calcular o imposto real, consulte o valor venal e a al\u00edquota do exerc\u00edcio no estado de registro.<\/em><\/p>\n\n\n\n<h2 class=\"wp-block-heading\">Como calcular o desconto da cota \u00fanica<\/h2>\n\n\n\n<p>Quando o estado oferece desconto para pagamento integral dentro do prazo, primeiro calcule o imposto bruto e depois aplique o percentual de desconto.<\/p>\n\n\n\n<h3 class=\"wp-block-heading\">Exemplo com desconto<\/h3>\n\n\n\n<blockquote class=\"wp-block-quote is-layout-flow wp-block-quote-is-layout-flow\">\n<p>IPVA bruto: R$ 2.400,00<\/p>\n\n\n\n<p>Desconto hipot\u00e9tico: 3%<\/p>\n\n\n\n<p>Valor do desconto: R$ 2.400,00 x 0,03 = R$ 72,00<\/p>\n\n\n\n<p>Cota \u00fanica: R$ 2.400,00 &#8211; R$ 72,00 = R$ 2.328,00<\/p>\n<\/blockquote>\n\n\n\n<p>Compare o desconto com sua disponibilidade financeira. Pagar \u00e0 vista pode reduzir o custo, mas n\u00e3o deve consumir a reserva destinada a despesas essenciais, seguro, manuten\u00e7\u00e3o e emerg\u00eancias.<\/p>\n\n\n\n<h2 class=\"wp-block-heading\">Quando pagar o IPVA?<\/h2>\n\n\n\n<p>O vencimento \u00e9 definido todos os anos por cada estado. <strong>Para ve\u00edculos usados, o calend\u00e1rio costuma come\u00e7ar no in\u00edcio do ano <\/strong>e pode organizar as datas pelo final da placa. A cota \u00fanica, a primeira parcela e as parcelas seguintes podem ter datas diferentes.<\/p>\n\n\n\n<p>N\u00e3o use uma tabela encontrada em publica\u00e7\u00e3o antiga sem verificar o exerc\u00edcio. Calend\u00e1rios, descontos e quantidade de parcelas mudam. A fonte mais segura \u00e9 o portal da Secretaria da Fazenda do estado, acessado por endere\u00e7o oficial.<\/p>\n\n\n\n<figure class=\"wp-block-table\"><table class=\"has-fixed-layout\"><tbody><tr><th>Estado<\/th><th>Exemplo de pagamento em 2026<\/th><th>Leitura correta<\/th><\/tr><tr><td>S\u00e3o Paulo<\/td><td>Cota \u00fanica em janeiro com 3% de desconto para usados.<\/td><td>Datas variam pelo final da placa e pela categoria.<\/td><\/tr><tr><td>Minas Gerais<\/td><td>Cota \u00fanica com 3% de desconto ou tr\u00eas parcelas consecutivas.<\/td><td>H\u00e1 valor m\u00ednimo de parcela e calend\u00e1rio anual.<\/td><\/tr><tr><td>Paran\u00e1<\/td><td>Cota \u00fanica com bonifica\u00e7\u00e3o de at\u00e9 6% ou cinco parcelas.<\/td><td>Regras e datas devem ser conferidas no exerc\u00edcio.<\/td><\/tr><tr><td>Rio de Janeiro<\/td><td>Cota \u00fanica ou tr\u00eas cotas mensais.<\/td><td>Em 2026, o calend\u00e1rio foi distribu\u00eddo por final de placa.<\/td><\/tr><\/tbody><\/table><\/figure>\n\n\n\n<p><em>Exemplos atualizados em 31\/07\/2026. O quadro n\u00e3o substitui o calend\u00e1rio oficial do estado.<\/em><\/p>\n\n\n\n<h3 class=\"wp-block-heading\">Como encontrar a data correta?<\/h3>\n\n\n\n<p>Para encontrar a data correta de pagamento do IPVA, consulte sempre os canais oficiais do seu estado. O calend\u00e1rio pode variar conforme o final da placa, a forma de pagamento escolhida e as regras definidas para cada exerc\u00edcio.<\/p>\n\n\n\n<p>1. Acesse o portal oficial da Secretaria da Fazenda do estado;<\/p>\n\n\n\n<p>2. Procure a \u00e1rea de IPVA do exerc\u00edcio atual;<\/p>\n\n\n\n<p>3. Informe Renavam ou placa apenas em p\u00e1gina oficial e segura;<\/p>\n\n\n\n<p>4. Confira final da placa, cota \u00fanica, parcelas, desconto e banco ou meio autorizado;<\/p>\n\n\n\n<p>5. Antes de pagar, confirme placa, Renavam, exerc\u00edcio, valor e benefici\u00e1rio.<\/p>\n\n\n\n<h3 class=\"wp-block-heading\">Cuidado com golpes no IPVA<\/h3>\n\n\n\n<p>Antes de pagar o IPVA, <strong>\u00e9 importante redobrar a aten\u00e7\u00e3o para n\u00e3o cair em golpes.<\/strong> Criminosos podem criar p\u00e1ginas falsas, enviar links fraudulentos e at\u00e9 oferecer descontos inexistentes para induzir o pagamento a contas indevidas.<\/p>\n\n\n\n<ul class=\"wp-block-list\">\n<li>Evite links recebidos por mensagem, an\u00fancio ou rede social;<\/li>\n\n\n\n<li>Gere a guia ou o QR Code no portal oficial do estado;<\/li>\n\n\n\n<li>Confira o nome e o CNPJ do benefici\u00e1rio antes de concluir o Pix;<\/li>\n\n\n\n<li>Desconfie de descontos maiores do que os divulgados pelo governo.<\/li>\n<\/ul>\n\n\n\n<h2 class=\"wp-block-heading\">Formas de pagamento do IPVA<\/h2>\n\n\n\n<p>Os meios dispon\u00edveis dependem do estado e do exerc\u00edcio. As op\u00e7\u00f5es mais comuns incluem cota \u00fanica, parcelamento oficial, pagamento em rede banc\u00e1ria autorizada e Pix gerado no sistema da Secretaria da Fazenda.<\/p>\n\n\n\n<h3 class=\"wp-block-heading\">Cota \u00fanica<\/h3>\n\n\n\n<p>O pagamento integral pode oferecer desconto quando realizado at\u00e9 a data definida. Em alguns estados, tamb\u00e9m existe uma data posterior para pagamento \u00e0 vista sem desconto.<\/p>\n\n\n\n<h3 class=\"wp-block-heading\">Parcelamento oficial<\/h3>\n\n\n\n<p>O imposto pode ser dividido em parcelas mensais, normalmente sem o desconto da cota \u00fanica. A quantidade de parcelas e o valor m\u00ednimo mudam por estado.<\/p>\n\n\n\n<h3 class=\"wp-block-heading\">Cart\u00e3o de cr\u00e9dito por empresa credenciada<\/h3>\n\n\n\n<p>Alguns estados permitem que empresas credenciadas recebam d\u00e9bitos veiculares por cart\u00e3o. Essa opera\u00e7\u00e3o pode cobrar juros e tarifas pr\u00f3prios. Ela n\u00e3o deve ser confundida com o parcelamento oficial do imposto.<\/p>\n\n\n\n<h3 class=\"wp-block-heading\">Pix e rede banc\u00e1ria<\/h3>\n\n\n\n<p>Quando houver Pix, o QR Code deve ser gerado no ambiente oficial. Em pagamentos com Renavam no banco, confirme se a institui\u00e7\u00e3o est\u00e1 autorizada e se os dados exibidos correspondem ao ve\u00edculo.<\/p>\n\n\n\n<figure class=\"wp-block-image size-full\"><img loading=\"lazy\" decoding=\"async\" width=\"512\" height=\"341\" src=\"https:\/\/www.comprecar.com.br\/blog\/wp-content\/uploads\/2026\/08\/37475788_unnamed_20_.jpg\" alt=\"\" class=\"wp-image-1826\" srcset=\"https:\/\/www.comprecar.com.br\/blog\/wp-content\/uploads\/2026\/08\/37475788_unnamed_20_.jpg 512w, https:\/\/www.comprecar.com.br\/blog\/wp-content\/uploads\/2026\/08\/37475788_unnamed_20_-300x200.jpg 300w\" sizes=\"auto, (max-width: 512px) 100vw, 512px\" \/><\/figure>\n\n\n\n<h2 class=\"wp-block-heading\">O que acontece se o IPVA n\u00e3o for pago?<\/h2>\n\n\n\n<p>O atraso normalmente gera multa e juros conforme a legisla\u00e7\u00e3o estadual. O d\u00e9bito pode ser inscrito em d\u00edvida ativa, protestado ou cobrado judicialmente.<\/p>\n\n\n\n<p>O IPVA n\u00e3o pago tamb\u00e9m impede a regulariza\u00e7\u00e3o do licenciamento anual. <strong>Circular com o ve\u00edculo n\u00e3o licenciado pode gerar infra\u00e7\u00e3o<\/strong>, remo\u00e7\u00e3o e outras consequ\u00eancias previstas na legisla\u00e7\u00e3o de tr\u00e2nsito.<\/p>\n\n\n\n<p>Para entender como regularizar o d\u00e9bito, consulte o guia do Comprecar sobre <a target=\"_blank\" href=\"https:\/\/www.comprecar.com.br\/blog\/como-pagar-ipva-atrasado-em-2026-passo-a-passo-completo\/\" rel=\"noreferrer noopener\">como pagar IPVA atrasado em 2026<\/a>. Antes de fechar qualquer parcelamento, compare encargos e confirme se a baixa ser\u00e1 reconhecida pelo \u00f3rg\u00e3o estadual.<\/p>\n\n\n\n<h2 class=\"wp-block-heading\">IPVA do carro comprado: quem paga?<\/h2>\n\n\n\n<p>Na compra de um usado, a primeira provid\u00eancia \u00e9 consultar se o IPVA do exerc\u00edcio e dos anos anteriores est\u00e1 pago, parcelado ou vencido. D\u00e9bitos vinculados ao ve\u00edculo podem impedir a transfer\u00eancia e precisam ser considerados na negocia\u00e7\u00e3o.<\/p>\n\n\n\n<p>N\u00e3o existe uma regra nacional autom\u00e1ticaque divida o imposto por m\u00eas entre comprador e vendedor. As partes podem combinar, no pre\u00e7o ou no contrato, um reembolso proporcional ao per\u00edodo de uso, mas esse acordo particular n\u00e3o altera sozinho a obriga\u00e7\u00e3o perante o estado.<\/p>\n\n\n\n<p>Se o vendedor j\u00e1 pagou o IPVA do ano, ele pode considerar esse custo na forma\u00e7\u00e3o do pre\u00e7o, mas <strong>o comprador n\u00e3o deve presumir que existe cobran\u00e7a proporcional obrigat\u00f3ria<\/strong>. Se o imposto est\u00e1 em aberto, defina por escrito quem far\u00e1 a quita\u00e7\u00e3o e s\u00f3 conclua a transfer\u00eancia depois de confirmar a baixa.<\/p>\n\n\n\n<p>Consulte tamb\u00e9m o conte\u00fado sobre <a target=\"_blank\" href=\"https:\/\/www.comprecar.com.br\/blog\/comprar-carros-com-dividas\/\" rel=\"noreferrer noopener\">comprar carros com d\u00edvidas<\/a> para entender por que IPVA, multas, licenciamento, gravames e bloqueios devem ser verificados antes do pagamento.<\/p>\n\n\n\n<h2 class=\"wp-block-heading\">IPVA do carro vendido: quais cuidados tomar?<\/h2>\n\n\n\n<p>O vendedor deve informar a situa\u00e7\u00e3o dos d\u00e9bitos, formalizar a venda e fazer a comunica\u00e7\u00e3o ao \u00f3rg\u00e3o de tr\u00e2nsito. Deixar o ve\u00edculo no pr\u00f3prio nome aumenta o risco de cobran\u00e7as, multas e responsabilidades posteriores.<\/p>\n\n\n\n<p>A responsabilidade pelo exerc\u00edcio corrente e pelos anos seguintes depende da legisla\u00e7\u00e3o estadual, da data da transfer\u00eancia e do registro da comunica\u00e7\u00e3o de venda. Por isso, <strong>guarde ATPV-e, contrato, comprovante de pagamento, protocolo de comunica\u00e7\u00e3o e confirma\u00e7\u00e3o da transfer\u00eancia.<\/strong><\/p>\n\n\n\n<p>Veja o passo a passo do Comprecar sobre <a target=\"_blank\" href=\"https:\/\/www.comprecar.com.br\/blog\/como-fazer-transferencia-de-veiculos\/\" rel=\"noreferrer noopener\">como fazer a transfer\u00eancia de ve\u00edculos<\/a> e n\u00e3o entregue o autom\u00f3vel sem confirmar os dados do comprador, o pagamento e a documenta\u00e7\u00e3o necess\u00e1ria.<\/p>\n\n\n\n<blockquote class=\"wp-block-quote is-layout-flow wp-block-quote-is-layout-flow\">\n<p>Cl\u00e1usula \u00fatil na compra e venda: Registre no contrato o valor do ve\u00edculo, a situa\u00e7\u00e3o do IPVA e de outros d\u00e9bitos, quem far\u00e1 cada pagamento e o prazo para transfer\u00eancia. O contrato organiza a rela\u00e7\u00e3o entre as partes, mas n\u00e3o substitui a comunica\u00e7\u00e3o de venda, a transfer\u00eancia nem a legisla\u00e7\u00e3o estadual.<\/p>\n<\/blockquote>\n\n\n\n<h2 class=\"wp-block-heading\">Como consultar IPVA e d\u00e9bitos do ve\u00edculo<\/h2>\n\n\n\n<p>A consulta deve ser feita nos portais oficiais da Secretaria da Fazenda e do \u00f3rg\u00e3o de tr\u00e2nsito. Dependendo do estado, placa e Renavam permitem verificar o imposto do exerc\u00edcio, parcelas, atrasos e situa\u00e7\u00e3o do licenciamento.<\/p>\n\n\n\n<p>1. Tenha em m\u00e3os a placa e o Renavam;<\/p>\n\n\n\n<p>2. Acesse o site oficial da Fazenda estadual;<\/p>\n\n\n\n<p>3. Confira o exerc\u00edcio do IPVA e o status de cada parcela;<\/p>\n\n\n\n<p>4. Consulte tamb\u00e9m multas, licenciamento, gravames e restri\u00e7\u00f5es no \u00f3rg\u00e3o de tr\u00e2nsito;<\/p>\n\n\n\n<p>5. Salve os comprovantes e repita a consulta antes de concluir a compra;<\/p>\n\n\n\n<p>Para uma vis\u00e3o mais ampla dos registros exigidos, leia o guia sobre <a target=\"_blank\" href=\"https:\/\/www.comprecar.com.br\/blog\/documentacao-do-veiculo\/\" rel=\"noreferrer noopener\">documenta\u00e7\u00e3o do ve\u00edculo<\/a> no Blog do Comprecar.<\/p>\n\n\n\n<h2 class=\"wp-block-heading\">Como incluir o IPVA no custo de um carro usado<\/h2>\n\n\n\n<p>O IPVA deve entrar na conta antes da compra. Um carro mais barato pode ter al\u00edquota maior, seguro caro ou manuten\u00e7\u00e3o elevada; outro mais caro pode oferecer custo anual mais previs\u00edvel. <strong>Compare o pacote completo, n\u00e3o apenas o pre\u00e7o anunciado. <\/strong>Monte uma estimativa anual com:<\/p>\n\n\n\n<ul class=\"wp-block-list\">\n<li>IPVA bruto e poss\u00edvel desconto;<\/li>\n\n\n\n<li>Licenciamento;<\/li>\n\n\n\n<li>Seguro ou prote\u00e7\u00e3o contratada;<\/li>\n\n\n\n<li>Manuten\u00e7\u00e3o preventiva;<\/li>\n\n\n\n<li>Pneus e reparos;<\/li>\n\n\n\n<li>Combust\u00edvel ou recarga;<\/li>\n\n\n\n<li>Estacionamento e ped\u00e1gios;<\/li>\n\n\n\n<li>Reserva para imprevistos.<\/li>\n<\/ul>\n\n\n\n<figure class=\"wp-block-image size-full\"><img loading=\"lazy\" decoding=\"async\" width=\"410\" height=\"512\" src=\"https:\/\/www.comprecar.com.br\/blog\/wp-content\/uploads\/2026\/08\/74e7806c_unnamed_12_.png\" alt=\"\" class=\"wp-image-1827\" srcset=\"https:\/\/www.comprecar.com.br\/blog\/wp-content\/uploads\/2026\/08\/74e7806c_unnamed_12_.png 410w, https:\/\/www.comprecar.com.br\/blog\/wp-content\/uploads\/2026\/08\/74e7806c_unnamed_12_-240x300.png 240w\" sizes=\"auto, (max-width: 410px) 100vw, 410px\" \/><\/figure>\n\n\n\n<p>Uma pr\u00e1tica simples \u00e9 dividir os custos anuais por 12 e guardar o valor todos os meses. Assim, o vencimento do imposto deixa de competir com outras despesas do in\u00edcio do ano.<\/p>\n\n\n\n<h3 class=\"wp-block-heading\">Como calcular IPVA de qualquer carro?<\/h3>\n\n\n\n<p>Consulte o valor venal oficial e a al\u00edquota do estado. Multiplique o valor venal pelo percentual em formato decimal. Depois, aplique desconto ou acr\u00e9scimos, se houver.<\/p>\n\n\n\n<h3 class=\"wp-block-heading\">O IPVA \u00e9 calculado pela Tabela Fipe?<\/h3>\n\n\n\n<p>Nem sempre de forma direta. Alguns estados usam pre\u00e7os m\u00e9dios elaborados pela Fipe; outros divulgam valores venais conforme metodologia pr\u00f3pria. A tabela estadual do exerc\u00edcio \u00e9 a refer\u00eancia.<\/p>\n\n\n\n<h3 class=\"wp-block-heading\">Qual \u00e9 a al\u00edquota do IPVA?<\/h3>\n\n\n\n<p>Depende do estado, do tipo de ve\u00edculo, combust\u00edvel, finalidade e poss\u00edveis benef\u00edcios. Para autom\u00f3veis de passeio, h\u00e1 estados com percentuais de 1,9%, 2,5% e 4%, entre outros.<\/p>\n\n\n\n<h3 class=\"wp-block-heading\">Quando vence o IPVA?<\/h3>\n\n\n\n<p>O estado publica um calend\u00e1rio anual, normalmente organizado pelo final da placa. Consulte o exerc\u00edcio atual no portal oficial.<\/p>\n\n\n\n<h3 class=\"wp-block-heading\">\u00c9 melhor pagar \u00e0 vista ou parcelado?<\/h3>\n\n\n\n<p>A cota \u00fanica pode valer a pena quando h\u00e1 desconto e o pagamento n\u00e3o compromete a reserva financeira. O parcelamento distribui o desembolso, mas geralmente n\u00e3o oferece o mesmo desconto.<\/p>\n\n\n\n<h3 class=\"wp-block-heading\">Posso pagar IPVA no cart\u00e3o de cr\u00e9dito?<\/h3>\n\n\n\n<p>Em alguns estados, empresas credenciadas oferecem essa op\u00e7\u00e3o. Verifique juros e tarifas, porque o parcelamento do cart\u00e3o n\u00e3o \u00e9 necessariamente o parcelamento oficial do imposto.<\/p>\n\n\n\n<h3 class=\"wp-block-heading\">O IPVA acompanha o carro ou o propriet\u00e1rio?<\/h3>\n\n\n\n<p>O imposto decorre da propriedade e sua cobran\u00e7a segue a legisla\u00e7\u00e3o estadual. <strong>D\u00e9bitos tamb\u00e9m afetam a regularidade do ve\u00edculo <\/strong>e podem impedir transfer\u00eancia e licenciamento.<\/p>\n\n\n\n<h3 class=\"wp-block-heading\">Quem paga o IPVA quando o carro \u00e9 vendido?<\/h3>\n\n\n\n<p>A obriga\u00e7\u00e3o perante o Estado depende das regras locais, do exerc\u00edcio e dos registros de transfer\u00eancia ou comunica\u00e7\u00e3o de venda. Comprador e vendedor podem negociar um rateio, mas devem formalizar a situa\u00e7\u00e3o.<\/p>\n\n\n\n<h3 class=\"wp-block-heading\">Carro financiado paga IPVA?<\/h3>\n\n\n\n<p>Sim, em regra. A aliena\u00e7\u00e3o fiduci\u00e1ria n\u00e3o elimina o imposto. O comprador deve incluir IPVA, licenciamento e seguro no or\u00e7amento das parcelas.<\/p>\n\n\n\n<h3 class=\"wp-block-heading\">Carro el\u00e9trico ou h\u00edbrido paga IPVA?<\/h3>\n\n\n\n<p>Depende do estado e do exerc\u00edcio. Alguns oferecem isen\u00e7\u00e3o ou redu\u00e7\u00e3o para tecnologias espec\u00edficas; outros aplicam a al\u00edquota normal.<\/p>\n\n\n\n<h3 class=\"wp-block-heading\">O que acontece com IPVA em caso de roubo ou perda total?<\/h3>\n\n\n\n<p>Pode haver dispensa ou restitui\u00e7\u00e3o proporcional conforme a legisla\u00e7\u00e3o estadual e a data do evento. Registre a ocorr\u00eancia e consulte a Fazenda estadual.<\/p>\n\n\n\n<h3 class=\"wp-block-heading\">\u00c9 poss\u00edvel transferir carro com IPVA atrasado?<\/h3>\n\n\n\n<p>Em geral, d\u00e9bitos precisam ser regularizados para concluir a transfer\u00eancia. Consulte o \u00f3rg\u00e3o de tr\u00e2nsito e a Fazenda do estado antes da compra.<\/p>\n\n\n\n<h2 class=\"wp-block-heading\">Mantenha o IPVA em dia e evite problemas<\/h2>\n\n\n\n<p>Agora que voc\u00ea sabe como calcular IPVA, lembre-se da f\u00f3rmula: valor venal do estado multiplicado pela al\u00edquota aplic\u00e1vel. O resultado deve ser conferido no sistema oficial, onde tamb\u00e9m aparecem desconto, parcelas, vencimentos e d\u00e9bitos.<\/p>\n\n\n\n<p>Na compra ou venda de um carro, consulte a situa\u00e7\u00e3o antes de fechar neg\u00f3cio, registre por escrito quem pagar\u00e1 valores pendentes e conclua a transfer\u00eancia e a comunica\u00e7\u00e3o de venda. Isso evita que um imposto previs\u00edvel se transforme em atraso, bloqueio ou conflito entre as partes.<\/p>\n\n\n\n<p>No <a target=\"_blank\" href=\"https:\/\/www.comprecar.com.br\/carros-usados\" rel=\"noreferrer noopener\">Comprecar<\/a>, voc\u00ea encontra ofertas de carros usados para comparar modelo, ano, pre\u00e7o e localiza\u00e7\u00e3o. Continue acompanhando o <a target=\"_blank\" href=\"https:\/\/blog.comprecar.com.br\/blog\/\" rel=\"noreferrer noopener\">Blog do Comprecar<\/a> para acessar guias sobre documenta\u00e7\u00e3o, compra, venda e custos do ve\u00edculo.<\/p>\n","protected":false},"excerpt":{"rendered":"<p>Saiba como funciona o IPVA, aprenda a calcular o valor do imposto e veja quando pagar para evitar juros, multas e outras pend\u00eancias.<\/p>\n","protected":false},"author":12,"featured_media":1828,"comment_status":"open","ping_status":"open","sticky":false,"template":"","format":"standard","meta":{"_kad_post_transparent":"","_kad_post_title":"","_kad_post_layout":"","_kad_post_sidebar_id":"","_kad_post_content_style":"","_kad_post_vertical_padding":"","_kad_post_feature":"","_kad_post_feature_position":"","_kad_post_header":false,"_kad_post_footer":false,"_kad_post_classname":"","footnotes":""},"categories":[73],"tags":[],"class_list":["post-1825","post","type-post","status-publish","format-standard","has-post-thumbnail","hentry","category-dicas"],"yoast_head":"<!-- This site is optimized with the Yoast SEO plugin v27.3 - https:\/\/yoast.com\/product\/yoast-seo-wordpress\/ -->\n<title>IPVA: entenda o que \u00e9, como calcular e quando pagar<\/title>\n<meta name=\"description\" content=\"Saiba como funciona o IPVA, aprenda a calcular o valor do imposto e veja quando pagar para evitar juros, multas e outras pend\u00eancias.\" \/>\n<meta name=\"robots\" content=\"index, follow, max-snippet:-1, max-image-preview:large, max-video-preview:-1\" \/>\n<link rel=\"canonical\" href=\"https:\/\/www.comprecar.com.br\/blog\/ipva-entenda-o-que-e-como-calcular-e-quando-pagar\/\" \/>\n<meta property=\"og:locale\" content=\"pt_BR\" \/>\n<meta property=\"og:type\" content=\"article\" \/>\n<meta property=\"og:title\" content=\"IPVA: entenda o que \u00e9, como calcular e quando pagar\" \/>\n<meta property=\"og:description\" content=\"Saiba como funciona o IPVA, aprenda a calcular o valor do imposto e veja quando pagar para evitar juros, multas e outras pend\u00eancias.\" \/>\n<meta property=\"og:url\" content=\"https:\/\/www.comprecar.com.br\/blog\/ipva-entenda-o-que-e-como-calcular-e-quando-pagar\/\" \/>\n<meta property=\"og:site_name\" content=\"Blog Comprecar: Guia Completo para Comprar, Vender e Cuidar do seu Carro\" \/>\n<meta property=\"article:publisher\" content=\"https:\/\/www.facebook.com\/Comprecar\" \/>\n<meta property=\"article:published_time\" content=\"2026-08-31T11:00:00+00:00\" \/>\n<meta property=\"article:modified_time\" content=\"2026-08-31T11:21:05+00:00\" \/>\n<meta property=\"og:image\" content=\"https:\/\/www.comprecar.com.br\/blog\/wp-content\/uploads\/2026\/08\/c22516c8_unnamed19.jpg\" \/>\n\t<meta property=\"og:image:width\" content=\"512\" \/>\n\t<meta property=\"og:image:height\" content=\"288\" \/>\n\t<meta property=\"og:image:type\" content=\"image\/jpeg\" \/>\n<meta name=\"author\" content=\"Junior Videira\" \/>\n<meta name=\"twitter:card\" content=\"summary_large_image\" \/>\n<meta name=\"twitter:creator\" content=\"@comprecar\" \/>\n<meta name=\"twitter:site\" content=\"@comprecar\" \/>\n<meta name=\"twitter:label1\" content=\"Escrito por\" \/>\n\t<meta name=\"twitter:data1\" content=\"Junior Videira\" \/>\n\t<meta name=\"twitter:label2\" content=\"Est. tempo de leitura\" \/>\n\t<meta name=\"twitter:data2\" content=\"16 minutos\" \/>\n<script type=\"application\/ld+json\" class=\"yoast-schema-graph\">{\"@context\":\"https:\\\/\\\/schema.org\",\"@graph\":[{\"@type\":\"Article\",\"@id\":\"https:\\\/\\\/www.comprecar.com.br\\\/blog\\\/ipva-entenda-o-que-e-como-calcular-e-quando-pagar\\\/#article\",\"isPartOf\":{\"@id\":\"https:\\\/\\\/www.comprecar.com.br\\\/blog\\\/ipva-entenda-o-que-e-como-calcular-e-quando-pagar\\\/\"},\"author\":{\"name\":\"Junior Videira\",\"@id\":\"https:\\\/\\\/www.comprecar.com.br\\\/blog\\\/#\\\/schema\\\/person\\\/4fc4c97387cf6b9eb84aec8d2652f28e\"},\"headline\":\"IPVA: o que \u00e9, como calcular e quando pagar\",\"datePublished\":\"2026-08-31T11:00:00+00:00\",\"dateModified\":\"2026-08-31T11:21:05+00:00\",\"mainEntityOfPage\":{\"@id\":\"https:\\\/\\\/www.comprecar.com.br\\\/blog\\\/ipva-entenda-o-que-e-como-calcular-e-quando-pagar\\\/\"},\"wordCount\":3143,\"commentCount\":0,\"publisher\":{\"@id\":\"https:\\\/\\\/www.comprecar.com.br\\\/blog\\\/#organization\"},\"image\":{\"@id\":\"https:\\\/\\\/www.comprecar.com.br\\\/blog\\\/ipva-entenda-o-que-e-como-calcular-e-quando-pagar\\\/#primaryimage\"},\"thumbnailUrl\":\"https:\\\/\\\/www.comprecar.com.br\\\/blog\\\/wp-content\\\/uploads\\\/2026\\\/08\\\/c22516c8_unnamed19.jpg\",\"articleSection\":[\"Dicas\"],\"inLanguage\":\"pt-BR\",\"potentialAction\":[{\"@type\":\"CommentAction\",\"name\":\"Comment\",\"target\":[\"https:\\\/\\\/www.comprecar.com.br\\\/blog\\\/ipva-entenda-o-que-e-como-calcular-e-quando-pagar\\\/#respond\"]}]},{\"@type\":\"WebPage\",\"@id\":\"https:\\\/\\\/www.comprecar.com.br\\\/blog\\\/ipva-entenda-o-que-e-como-calcular-e-quando-pagar\\\/\",\"url\":\"https:\\\/\\\/www.comprecar.com.br\\\/blog\\\/ipva-entenda-o-que-e-como-calcular-e-quando-pagar\\\/\",\"name\":\"IPVA: entenda o que \u00e9, como calcular e quando pagar\",\"isPartOf\":{\"@id\":\"https:\\\/\\\/www.comprecar.com.br\\\/blog\\\/#website\"},\"primaryImageOfPage\":{\"@id\":\"https:\\\/\\\/www.comprecar.com.br\\\/blog\\\/ipva-entenda-o-que-e-como-calcular-e-quando-pagar\\\/#primaryimage\"},\"image\":{\"@id\":\"https:\\\/\\\/www.comprecar.com.br\\\/blog\\\/ipva-entenda-o-que-e-como-calcular-e-quando-pagar\\\/#primaryimage\"},\"thumbnailUrl\":\"https:\\\/\\\/www.comprecar.com.br\\\/blog\\\/wp-content\\\/uploads\\\/2026\\\/08\\\/c22516c8_unnamed19.jpg\",\"datePublished\":\"2026-08-31T11:00:00+00:00\",\"dateModified\":\"2026-08-31T11:21:05+00:00\",\"description\":\"Saiba como funciona o IPVA, aprenda a calcular o valor do imposto e veja quando pagar para evitar juros, multas e outras pend\u00eancias.\",\"breadcrumb\":{\"@id\":\"https:\\\/\\\/www.comprecar.com.br\\\/blog\\\/ipva-entenda-o-que-e-como-calcular-e-quando-pagar\\\/#breadcrumb\"},\"inLanguage\":\"pt-BR\",\"potentialAction\":[{\"@type\":\"ReadAction\",\"target\":[\"https:\\\/\\\/www.comprecar.com.br\\\/blog\\\/ipva-entenda-o-que-e-como-calcular-e-quando-pagar\\\/\"]}]},{\"@type\":\"ImageObject\",\"inLanguage\":\"pt-BR\",\"@id\":\"https:\\\/\\\/www.comprecar.com.br\\\/blog\\\/ipva-entenda-o-que-e-como-calcular-e-quando-pagar\\\/#primaryimage\",\"url\":\"https:\\\/\\\/www.comprecar.com.br\\\/blog\\\/wp-content\\\/uploads\\\/2026\\\/08\\\/c22516c8_unnamed19.jpg\",\"contentUrl\":\"https:\\\/\\\/www.comprecar.com.br\\\/blog\\\/wp-content\\\/uploads\\\/2026\\\/08\\\/c22516c8_unnamed19.jpg\",\"width\":512,\"height\":288,\"caption\":\"Chaves e documentos de carro sobre uma mesa\"},{\"@type\":\"BreadcrumbList\",\"@id\":\"https:\\\/\\\/www.comprecar.com.br\\\/blog\\\/ipva-entenda-o-que-e-como-calcular-e-quando-pagar\\\/#breadcrumb\",\"itemListElement\":[{\"@type\":\"ListItem\",\"position\":1,\"name\":\"In\u00edcio\",\"item\":\"https:\\\/\\\/www.comprecar.com.br\\\/blog\\\/\"},{\"@type\":\"ListItem\",\"position\":2,\"name\":\"IPVA: o que \u00e9, como calcular e quando pagar\"}]},{\"@type\":\"WebSite\",\"@id\":\"https:\\\/\\\/www.comprecar.com.br\\\/blog\\\/#website\",\"url\":\"https:\\\/\\\/www.comprecar.com.br\\\/blog\\\/\",\"name\":\"Blog Comprecar: Guia Completo para Comprar, Vender e Cuidar do seu Carro\",\"description\":\"Fique por dentro das \u00faltimas not\u00edcias do mercado, guias de manuten\u00e7\u00e3o e dicas essenciais para comprar ou vender seu ve\u00edculo. Acesse o Blog Comprecar e acelere seu conhecimento!\",\"publisher\":{\"@id\":\"https:\\\/\\\/www.comprecar.com.br\\\/blog\\\/#organization\"},\"potentialAction\":[{\"@type\":\"SearchAction\",\"target\":{\"@type\":\"EntryPoint\",\"urlTemplate\":\"https:\\\/\\\/www.comprecar.com.br\\\/blog\\\/?s={search_term_string}\"},\"query-input\":{\"@type\":\"PropertyValueSpecification\",\"valueRequired\":true,\"valueName\":\"search_term_string\"}}],\"inLanguage\":\"pt-BR\"},{\"@type\":\"Organization\",\"@id\":\"https:\\\/\\\/www.comprecar.com.br\\\/blog\\\/#organization\",\"name\":\"Comprecar\",\"url\":\"https:\\\/\\\/www.comprecar.com.br\\\/blog\\\/\",\"logo\":{\"@type\":\"ImageObject\",\"inLanguage\":\"pt-BR\",\"@id\":\"https:\\\/\\\/www.comprecar.com.br\\\/blog\\\/#\\\/schema\\\/logo\\\/image\\\/\",\"url\":\"https:\\\/\\\/www.comprecar.com.br\\\/blog\\\/wp-content\\\/uploads\\\/2021\\\/02\\\/Logo-comprecar-2020.png\",\"contentUrl\":\"https:\\\/\\\/www.comprecar.com.br\\\/blog\\\/wp-content\\\/uploads\\\/2021\\\/02\\\/Logo-comprecar-2020.png\",\"width\":1896,\"height\":504,\"caption\":\"Comprecar\"},\"image\":{\"@id\":\"https:\\\/\\\/www.comprecar.com.br\\\/blog\\\/#\\\/schema\\\/logo\\\/image\\\/\"},\"sameAs\":[\"https:\\\/\\\/www.facebook.com\\\/Comprecar\",\"https:\\\/\\\/x.com\\\/comprecar\",\"https:\\\/\\\/www.instagram.com\\\/comprecar\"]},{\"@type\":\"Person\",\"@id\":\"https:\\\/\\\/www.comprecar.com.br\\\/blog\\\/#\\\/schema\\\/person\\\/4fc4c97387cf6b9eb84aec8d2652f28e\",\"name\":\"Junior Videira\",\"image\":{\"@type\":\"ImageObject\",\"inLanguage\":\"pt-BR\",\"@id\":\"https:\\\/\\\/secure.gravatar.com\\\/avatar\\\/ef11669b26357a061cce3634d6d01cd2383e98d8c87b2985fb0e03c2ba7abb48?s=96&d=mm&r=g\",\"url\":\"https:\\\/\\\/secure.gravatar.com\\\/avatar\\\/ef11669b26357a061cce3634d6d01cd2383e98d8c87b2985fb0e03c2ba7abb48?s=96&d=mm&r=g\",\"contentUrl\":\"https:\\\/\\\/secure.gravatar.com\\\/avatar\\\/ef11669b26357a061cce3634d6d01cd2383e98d8c87b2985fb0e03c2ba7abb48?s=96&d=mm&r=g\",\"caption\":\"Junior Videira\"},\"description\":\"Junior Videira \u00e9 jornalista e criador de conte\u00fado especializado no setor automotivo. Atua com produ\u00e7\u00e3o audiovisual, redes sociais, podcasts, reportagem, webwriting e SEO, desenvolvendo conte\u00fados digitais que unem informa\u00e7\u00e3o e estrat\u00e9gia.\",\"sameAs\":[\"https:\\\/\\\/www.linkedin.com\\\/in\\\/juniorvideira\\\/\"],\"url\":\"https:\\\/\\\/www.comprecar.com.br\\\/blog\\\/author\\\/junior-videira\\\/\"}]}<\/script>\n<!-- \/ Yoast SEO plugin. -->","yoast_head_json":{"title":"IPVA: entenda o que \u00e9, como calcular e quando pagar","description":"Saiba como funciona o IPVA, aprenda a calcular o valor do imposto e veja quando pagar para evitar juros, multas e outras pend\u00eancias.","robots":{"index":"index","follow":"follow","max-snippet":"max-snippet:-1","max-image-preview":"max-image-preview:large","max-video-preview":"max-video-preview:-1"},"canonical":"https:\/\/www.comprecar.com.br\/blog\/ipva-entenda-o-que-e-como-calcular-e-quando-pagar\/","og_locale":"pt_BR","og_type":"article","og_title":"IPVA: entenda o que \u00e9, como calcular e quando pagar","og_description":"Saiba como funciona o IPVA, aprenda a calcular o valor do imposto e veja quando pagar para evitar juros, multas e outras pend\u00eancias.","og_url":"https:\/\/www.comprecar.com.br\/blog\/ipva-entenda-o-que-e-como-calcular-e-quando-pagar\/","og_site_name":"Blog Comprecar: Guia Completo para Comprar, Vender e Cuidar do seu Carro","article_publisher":"https:\/\/www.facebook.com\/Comprecar","article_published_time":"2026-08-31T11:00:00+00:00","article_modified_time":"2026-08-31T11:21:05+00:00","og_image":[{"width":512,"height":288,"url":"https:\/\/www.comprecar.com.br\/blog\/wp-content\/uploads\/2026\/08\/c22516c8_unnamed19.jpg","type":"image\/jpeg"}],"author":"Junior Videira","twitter_card":"summary_large_image","twitter_creator":"@comprecar","twitter_site":"@comprecar","twitter_misc":{"Escrito por":"Junior Videira","Est. tempo de leitura":"16 minutos"},"schema":{"@context":"https:\/\/schema.org","@graph":[{"@type":"Article","@id":"https:\/\/www.comprecar.com.br\/blog\/ipva-entenda-o-que-e-como-calcular-e-quando-pagar\/#article","isPartOf":{"@id":"https:\/\/www.comprecar.com.br\/blog\/ipva-entenda-o-que-e-como-calcular-e-quando-pagar\/"},"author":{"name":"Junior Videira","@id":"https:\/\/www.comprecar.com.br\/blog\/#\/schema\/person\/4fc4c97387cf6b9eb84aec8d2652f28e"},"headline":"IPVA: o que \u00e9, como calcular e quando pagar","datePublished":"2026-08-31T11:00:00+00:00","dateModified":"2026-08-31T11:21:05+00:00","mainEntityOfPage":{"@id":"https:\/\/www.comprecar.com.br\/blog\/ipva-entenda-o-que-e-como-calcular-e-quando-pagar\/"},"wordCount":3143,"commentCount":0,"publisher":{"@id":"https:\/\/www.comprecar.com.br\/blog\/#organization"},"image":{"@id":"https:\/\/www.comprecar.com.br\/blog\/ipva-entenda-o-que-e-como-calcular-e-quando-pagar\/#primaryimage"},"thumbnailUrl":"https:\/\/www.comprecar.com.br\/blog\/wp-content\/uploads\/2026\/08\/c22516c8_unnamed19.jpg","articleSection":["Dicas"],"inLanguage":"pt-BR","potentialAction":[{"@type":"CommentAction","name":"Comment","target":["https:\/\/www.comprecar.com.br\/blog\/ipva-entenda-o-que-e-como-calcular-e-quando-pagar\/#respond"]}]},{"@type":"WebPage","@id":"https:\/\/www.comprecar.com.br\/blog\/ipva-entenda-o-que-e-como-calcular-e-quando-pagar\/","url":"https:\/\/www.comprecar.com.br\/blog\/ipva-entenda-o-que-e-como-calcular-e-quando-pagar\/","name":"IPVA: entenda o que \u00e9, como calcular e quando pagar","isPartOf":{"@id":"https:\/\/www.comprecar.com.br\/blog\/#website"},"primaryImageOfPage":{"@id":"https:\/\/www.comprecar.com.br\/blog\/ipva-entenda-o-que-e-como-calcular-e-quando-pagar\/#primaryimage"},"image":{"@id":"https:\/\/www.comprecar.com.br\/blog\/ipva-entenda-o-que-e-como-calcular-e-quando-pagar\/#primaryimage"},"thumbnailUrl":"https:\/\/www.comprecar.com.br\/blog\/wp-content\/uploads\/2026\/08\/c22516c8_unnamed19.jpg","datePublished":"2026-08-31T11:00:00+00:00","dateModified":"2026-08-31T11:21:05+00:00","description":"Saiba como funciona o IPVA, aprenda a calcular o valor do imposto e veja quando pagar para evitar juros, multas e outras pend\u00eancias.","breadcrumb":{"@id":"https:\/\/www.comprecar.com.br\/blog\/ipva-entenda-o-que-e-como-calcular-e-quando-pagar\/#breadcrumb"},"inLanguage":"pt-BR","potentialAction":[{"@type":"ReadAction","target":["https:\/\/www.comprecar.com.br\/blog\/ipva-entenda-o-que-e-como-calcular-e-quando-pagar\/"]}]},{"@type":"ImageObject","inLanguage":"pt-BR","@id":"https:\/\/www.comprecar.com.br\/blog\/ipva-entenda-o-que-e-como-calcular-e-quando-pagar\/#primaryimage","url":"https:\/\/www.comprecar.com.br\/blog\/wp-content\/uploads\/2026\/08\/c22516c8_unnamed19.jpg","contentUrl":"https:\/\/www.comprecar.com.br\/blog\/wp-content\/uploads\/2026\/08\/c22516c8_unnamed19.jpg","width":512,"height":288,"caption":"Chaves e documentos de carro sobre uma mesa"},{"@type":"BreadcrumbList","@id":"https:\/\/www.comprecar.com.br\/blog\/ipva-entenda-o-que-e-como-calcular-e-quando-pagar\/#breadcrumb","itemListElement":[{"@type":"ListItem","position":1,"name":"In\u00edcio","item":"https:\/\/www.comprecar.com.br\/blog\/"},{"@type":"ListItem","position":2,"name":"IPVA: o que \u00e9, como calcular e quando pagar"}]},{"@type":"WebSite","@id":"https:\/\/www.comprecar.com.br\/blog\/#website","url":"https:\/\/www.comprecar.com.br\/blog\/","name":"Blog Comprecar: Guia Completo para Comprar, Vender e Cuidar do seu Carro","description":"Fique por dentro das \u00faltimas not\u00edcias do mercado, guias de manuten\u00e7\u00e3o e dicas essenciais para comprar ou vender seu ve\u00edculo. Acesse o Blog Comprecar e acelere seu conhecimento!","publisher":{"@id":"https:\/\/www.comprecar.com.br\/blog\/#organization"},"potentialAction":[{"@type":"SearchAction","target":{"@type":"EntryPoint","urlTemplate":"https:\/\/www.comprecar.com.br\/blog\/?s={search_term_string}"},"query-input":{"@type":"PropertyValueSpecification","valueRequired":true,"valueName":"search_term_string"}}],"inLanguage":"pt-BR"},{"@type":"Organization","@id":"https:\/\/www.comprecar.com.br\/blog\/#organization","name":"Comprecar","url":"https:\/\/www.comprecar.com.br\/blog\/","logo":{"@type":"ImageObject","inLanguage":"pt-BR","@id":"https:\/\/www.comprecar.com.br\/blog\/#\/schema\/logo\/image\/","url":"https:\/\/www.comprecar.com.br\/blog\/wp-content\/uploads\/2021\/02\/Logo-comprecar-2020.png","contentUrl":"https:\/\/www.comprecar.com.br\/blog\/wp-content\/uploads\/2021\/02\/Logo-comprecar-2020.png","width":1896,"height":504,"caption":"Comprecar"},"image":{"@id":"https:\/\/www.comprecar.com.br\/blog\/#\/schema\/logo\/image\/"},"sameAs":["https:\/\/www.facebook.com\/Comprecar","https:\/\/x.com\/comprecar","https:\/\/www.instagram.com\/comprecar"]},{"@type":"Person","@id":"https:\/\/www.comprecar.com.br\/blog\/#\/schema\/person\/4fc4c97387cf6b9eb84aec8d2652f28e","name":"Junior Videira","image":{"@type":"ImageObject","inLanguage":"pt-BR","@id":"https:\/\/secure.gravatar.com\/avatar\/ef11669b26357a061cce3634d6d01cd2383e98d8c87b2985fb0e03c2ba7abb48?s=96&d=mm&r=g","url":"https:\/\/secure.gravatar.com\/avatar\/ef11669b26357a061cce3634d6d01cd2383e98d8c87b2985fb0e03c2ba7abb48?s=96&d=mm&r=g","contentUrl":"https:\/\/secure.gravatar.com\/avatar\/ef11669b26357a061cce3634d6d01cd2383e98d8c87b2985fb0e03c2ba7abb48?s=96&d=mm&r=g","caption":"Junior Videira"},"description":"Junior Videira \u00e9 jornalista e criador de conte\u00fado especializado no setor automotivo. Atua com produ\u00e7\u00e3o audiovisual, redes sociais, podcasts, reportagem, webwriting e SEO, desenvolvendo conte\u00fados digitais que unem informa\u00e7\u00e3o e estrat\u00e9gia.","sameAs":["https:\/\/www.linkedin.com\/in\/juniorvideira\/"],"url":"https:\/\/www.comprecar.com.br\/blog\/author\/junior-videira\/"}]}},"_links":{"self":[{"href":"https:\/\/www.comprecar.com.br\/blog\/wp-json\/wp\/v2\/posts\/1825","targetHints":{"allow":["GET"]}}],"collection":[{"href":"https:\/\/www.comprecar.com.br\/blog\/wp-json\/wp\/v2\/posts"}],"about":[{"href":"https:\/\/www.comprecar.com.br\/blog\/wp-json\/wp\/v2\/types\/post"}],"author":[{"embeddable":true,"href":"https:\/\/www.comprecar.com.br\/blog\/wp-json\/wp\/v2\/users\/12"}],"replies":[{"embeddable":true,"href":"https:\/\/www.comprecar.com.br\/blog\/wp-json\/wp\/v2\/comments?post=1825"}],"version-history":[{"count":1,"href":"https:\/\/www.comprecar.com.br\/blog\/wp-json\/wp\/v2\/posts\/1825\/revisions"}],"predecessor-version":[{"id":1829,"href":"https:\/\/www.comprecar.com.br\/blog\/wp-json\/wp\/v2\/posts\/1825\/revisions\/1829"}],"wp:featuredmedia":[{"embeddable":true,"href":"https:\/\/www.comprecar.com.br\/blog\/wp-json\/wp\/v2\/media\/1828"}],"wp:attachment":[{"href":"https:\/\/www.comprecar.com.br\/blog\/wp-json\/wp\/v2\/media?parent=1825"}],"wp:term":[{"taxonomy":"category","embeddable":true,"href":"https:\/\/www.comprecar.com.br\/blog\/wp-json\/wp\/v2\/categories?post=1825"},{"taxonomy":"post_tag","embeddable":true,"href":"https:\/\/www.comprecar.com.br\/blog\/wp-json\/wp\/v2\/tags?post=1825"}],"curies":[{"name":"wp","href":"https:\/\/api.w.org\/{rel}","templated":true}]}}