{"id":191,"date":"2020-10-16T10:39:50","date_gmt":"2020-10-16T13:39:50","guid":{"rendered":"https:\/\/www.comprecar.com.br\/blog\/?p=191"},"modified":"2024-06-26T03:39:11","modified_gmt":"2024-06-26T06:39:11","slug":"qual-a-hora-certa-para-trocar-os-pneus-do-carro","status":"publish","type":"post","link":"https:\/\/www.comprecar.com.br\/blog\/qual-a-hora-certa-para-trocar-os-pneus-do-carro\/","title":{"rendered":"Qual a hora certa para trocar os pneus do carro?"},"content":{"rendered":"\n<p>Existem medidas de seguran\u00e7a que, de t\u00e3o intuitivas, j\u00e1 fazem parte da mem\u00f3ria muscular de muitos motoristas, como usar cintos de seguran\u00e7a e utilizar a seta no momento em que se realiza uma curva.&nbsp;<\/p>\n\n\n\n<!--more-->\n\n\n\n<p>Entretanto, uma medida de seguran\u00e7a menos \u00f3bvia, ainda que t\u00e3o importante quanto as citadas acima, \u00e9 a troca regular dos pneus. Uma das principais raz\u00f5es pelas quais essa pr\u00e1tica \u00e9 negligenciada est\u00e1 na desinforma\u00e7\u00e3o dos condutores, que, por vezes, n\u00e3o sabem da import\u00e2ncia desse processo.&nbsp;<\/p>\n\n\n\n<p>A seguir, compilamos algumas das informa\u00e7\u00f5es mais importantes sobre o momento ideal para troca dos pneus, n\u00e3o deixe de conferir.&nbsp;<\/p>\n\n\n\n<h2 class=\"wp-block-heading\"><strong>Quais os perigos de utilizar pneus avariados?<\/strong><\/h2>\n\n\n\n<p>Um pneu dentro dos padr\u00f5es ideais de conserva\u00e7\u00e3o \u00e9 capaz de proporcionar ader\u00eancia \u00e0s estradas, evitando acidentes diversos, como derrapagens e capotamentos. Quando o jogo de pneus de um carro est\u00e1 bem conservado, o motorista tem mais controle sobre a movimenta\u00e7\u00e3o do ve\u00edculo, sobretudo quando se dirige sob chuva.<\/p>\n\n\n\n<p>O desgaste natural tamb\u00e9m \u00e9 prejudicial, mas n\u00e3o \u00e9 o \u00fanico indicativo de que pneus devem ser trocados. Calombos e outras deforma\u00e7\u00f5es decorrentes de pancadas podem fazer com que o ve\u00edculo perca seu alinhamento e, consequentemente, torne-se mais dif\u00edcil de conduzir.<\/p>\n\n\n\n<p>Al\u00e9m do evidente perigo \u00e0 integridade f\u00edsica de todos os ocupantes do carro, circular com pneus em mau estado de conserva\u00e7\u00e3o tamb\u00e9m \u00e9 uma falta grave, fazendo com que o condutor perca cinco pontos na carteira e pague uma multa de R$ 127,68.&nbsp;<\/p>\n\n\n\n<h2 class=\"wp-block-heading\"><strong>Como saber quando trocar os pneus do carro?<\/strong><\/h2>\n\n\n\n<p>Na hora de analisar se os pneus do seu carro precisam ou n\u00e3o ser trocados, o Tread Water Indicator, que s\u00e3o pequenas estruturas emborrachadas, localizadas nos sulcos dos pneus, \u00e9 o seu maior aliado. Esses sinalizadores t\u00eam 1,6 mm de profundidade e, uma vez atingido seu limite, \u00e9 necess\u00e1ria a realiza\u00e7\u00e3o da troca.&nbsp;<\/p>\n\n\n\n<h3 class=\"wp-block-heading\"><strong>Qual o prazo de validade de um pneu?<\/strong><\/h3>\n\n\n\n<p>Pneus t\u00eam prazo de validade, mesmo que nunca tenham sido usados: cinco anos ap\u00f3s a data de fabrica\u00e7\u00e3o. Voc\u00ea pode observar essa informa\u00e7\u00e3o na lateral de cada pneu, os dois primeiros d\u00edgitos identificam a semana, enquanto os dois \u00faltimos, o ano. Essa informa\u00e7\u00e3o, \u00e9 claro, vale tamb\u00e9m para o estepe.&nbsp;<\/p>\n\n\n\n<h2 class=\"wp-block-heading\"><strong>Como funciona o rod\u00edzio de pneus?&nbsp;<\/strong><\/h2>\n\n\n\n<p>O rod\u00edzio de pneus \u00e9 a pr\u00e1tica caracterizada pela troca dos pneus dianteiros e traseiros. Essa \u00e9 uma <a href=\"https:\/\/www.365inflatable.com.au\/a052005-australia-buy-paw-patrol-jumping-castle.html\" style=\"color: black; text-decoration: none;\">paw patrol jumping castle<\/a> das a\u00e7\u00f5es mais indicadas para aqueles que desejam aumentar a vida \u00fatil dos itens.&nbsp;<\/p>\n\n\n\n<p>O motivo para realiza\u00e7\u00e3o dessa troca \u00e9 promover o desgaste em todos os pneus de maneira homog\u00eanea. O intervalo de tempo ideal para a pr\u00e1tica \u00e9 descrito no manual do ve\u00edculo, mas, em m\u00e9dia, ocorre entre os quil\u00f4metros 5.000 e 7.000.<\/p>\n\n\n\n<h2 class=\"wp-block-heading\"><strong>Quais os c\u00f3digos de velocidade m\u00e1xima dos pneus?<\/strong><\/h2>\n\n\n\n<p>Diferentes pneus t\u00eam diferentes capacidades de velocidade. Essa informa\u00e7\u00e3o \u00e9 indicada na lateral do item, ao lado do \u00edndice de carga m\u00e1xima. Os c\u00f3digos v\u00e3o de K at\u00e9 Y, sendo a velocidade m\u00e1xima de 300 km\/h, cujo c\u00f3digo \u00e9 encontrado apenas em carros esportivos de luxo.&nbsp;<\/p>\n\n\n\n<p>Veja algumas das classifica\u00e7\u00f5es mais comuns na tabela abaixo.&nbsp;<\/p>\n\n\n\n<figure class=\"wp-block-table\"><table><tbody><tr><td>Classifica\u00e7\u00e3o de Velocidade&nbsp;<\/td><td>Velocidade M\u00e1xima<\/td><\/tr><tr><td>K<\/td><td>110 km\/h<\/td><\/tr><tr><td>L<\/td><td>120 km\/h<\/td><\/tr><tr><td>M<\/td><td>130 km\/h<\/td><\/tr><tr><td>N<\/td><td>140 km\/h<\/td><\/tr><tr><td>P<\/td><td>150 km\/h<\/td><\/tr><tr><td>Q<\/td><td>160 km\/h<\/td><\/tr><tr><td>R<\/td><td>170 km\/h<\/td><\/tr><tr><td>S&nbsp;<\/td><td>180 km\/h<\/td><\/tr><tr><td>T<\/td><td>190 km\/h<\/td><\/tr><tr><td>U<\/td><td>200 km\/h<\/td><\/tr><tr><td>H<\/td><td>210 km\/h<\/td><\/tr><tr><td>V<\/td><td>240 km\/h<\/td><\/tr><tr><td>W<\/td><td>270 km\/h<\/td><\/tr><tr><td>Y<\/td><td>300 km\/h<\/td><\/tr><\/tbody><\/table><\/figure>\n\n\n\n<p>O Comprecar \u00e9 um dos maiores sites do Brasil quando o assunto \u00e9 a venda de <a href=\"https:\/\/www.comprecar.com.br\/\">carros usados<\/a>. No site, \u00e9 poss\u00edvel encontrar carros para todos os gostos e or\u00e7amentos: temos carros de at\u00e9 30 mil!<\/p>\n\n\n\n<p>Se voc\u00ea quer <a href=\"https:\/\/www.comprecar.com.br\/blog\/2023\/07\/19\/trocar-de-carro\/\">trocar de carro<\/a> sem passar por dores de cabe\u00e7a, acesse nosso site e navegue pelas nossas op\u00e7\u00f5es.<br><\/p>\n\n\n<figure class=\"wp-block-gallery columns-2 is-cropped\"><\/figure>","protected":false},"excerpt":{"rendered":"<p>Existem medidas de seguran\u00e7a que, de t\u00e3o intuitivas, j\u00e1 fazem parte da mem\u00f3ria muscular de muitos motoristas, como usar cintos de seguran\u00e7a e utilizar a seta no momento em que se realiza uma curva.&nbsp;<\/p>\n","protected":false},"author":1,"featured_media":192,"comment_status":"open","ping_status":"open","sticky":false,"template":"","format":"standard","meta":{"_kad_post_transparent":"","_kad_post_title":"","_kad_post_layout":"","_kad_post_sidebar_id":"","_kad_post_content_style":"","_kad_post_vertical_padding":"","_kad_post_feature":"","_kad_post_feature_position":"","_kad_post_header":false,"_kad_post_footer":false,"_kad_post_classname":"","footnotes":""},"categories":[74,73,76],"tags":[4,65,6],"class_list":["post-191","post","type-post","status-publish","format-standard","has-post-thumbnail","hentry","category-carros","category-dicas","category-limpeza-e-manutencao","tag-compra-e-venda-de-carros","tag-pneus","tag-venda-de-carros-usados"],"yoast_head":"<!-- This site is optimized with the Yoast SEO plugin v27.3 - https:\/\/yoast.com\/product\/yoast-seo-wordpress\/ -->\n<title>Qual a hora certa para trocar os pneus do carro? - Blog Comprecar: Guia Completo para Comprar, Vender e Cuidar do seu Carro<\/title>\n<meta name=\"robots\" content=\"index, follow, max-snippet:-1, max-image-preview:large, max-video-preview:-1\" \/>\n<link rel=\"canonical\" href=\"https:\/\/www.comprecar.com.br\/blog\/qual-a-hora-certa-para-trocar-os-pneus-do-carro\/\" \/>\n<meta property=\"og:locale\" content=\"pt_BR\" \/>\n<meta property=\"og:type\" content=\"article\" \/>\n<meta property=\"og:title\" content=\"Qual a hora certa para trocar os pneus do carro? - Blog Comprecar: Guia Completo para Comprar, Vender e Cuidar do seu Carro\" \/>\n<meta property=\"og:description\" content=\"Existem medidas de seguran\u00e7a que, de t\u00e3o intuitivas, j\u00e1 fazem parte da mem\u00f3ria muscular de muitos motoristas, como usar cintos de seguran\u00e7a e utilizar a seta no momento em que se realiza uma curva.&nbsp;\" \/>\n<meta property=\"og:url\" content=\"https:\/\/www.comprecar.com.br\/blog\/qual-a-hora-certa-para-trocar-os-pneus-do-carro\/\" \/>\n<meta property=\"og:site_name\" content=\"Blog Comprecar: Guia Completo para Comprar, Vender e Cuidar do seu Carro\" \/>\n<meta property=\"article:publisher\" content=\"https:\/\/www.facebook.com\/Comprecar\" \/>\n<meta property=\"article:published_time\" content=\"2020-10-16T13:39:50+00:00\" \/>\n<meta property=\"article:modified_time\" content=\"2024-06-26T06:39:11+00:00\" \/>\n<meta property=\"og:image\" content=\"https:\/\/www.comprecar.com.br\/blog\/wp-content\/uploads\/2020\/10\/PNEUS.jpg\" \/>\n\t<meta property=\"og:image:width\" content=\"1024\" \/>\n\t<meta property=\"og:image:height\" content=\"684\" \/>\n\t<meta property=\"og:image:type\" content=\"image\/jpeg\" \/>\n<meta name=\"author\" content=\"Fred\" \/>\n<meta name=\"twitter:card\" content=\"summary_large_image\" \/>\n<meta name=\"twitter:creator\" content=\"@comprecar\" \/>\n<meta name=\"twitter:site\" content=\"@comprecar\" \/>\n<meta name=\"twitter:label1\" content=\"Escrito por\" \/>\n\t<meta name=\"twitter:data1\" content=\"Fred\" \/>\n\t<meta name=\"twitter:label2\" content=\"Est. tempo de leitura\" \/>\n\t<meta name=\"twitter:data2\" content=\"4 minutos\" \/>\n<script type=\"application\/ld+json\" class=\"yoast-schema-graph\">{\"@context\":\"https:\\\/\\\/schema.org\",\"@graph\":[{\"@type\":\"Article\",\"@id\":\"https:\\\/\\\/www.comprecar.com.br\\\/blog\\\/qual-a-hora-certa-para-trocar-os-pneus-do-carro\\\/#article\",\"isPartOf\":{\"@id\":\"https:\\\/\\\/www.comprecar.com.br\\\/blog\\\/qual-a-hora-certa-para-trocar-os-pneus-do-carro\\\/\"},\"author\":{\"name\":\"Fred\",\"@id\":\"https:\\\/\\\/www.comprecar.com.br\\\/blog\\\/#\\\/schema\\\/person\\\/005f0c51a8f4069103b2546fb9de78bb\"},\"headline\":\"Qual a hora certa para trocar os pneus do carro?\",\"datePublished\":\"2020-10-16T13:39:50+00:00\",\"dateModified\":\"2024-06-26T06:39:11+00:00\",\"mainEntityOfPage\":{\"@id\":\"https:\\\/\\\/www.comprecar.com.br\\\/blog\\\/qual-a-hora-certa-para-trocar-os-pneus-do-carro\\\/\"},\"wordCount\":670,\"commentCount\":0,\"publisher\":{\"@id\":\"https:\\\/\\\/www.comprecar.com.br\\\/blog\\\/#organization\"},\"image\":{\"@id\":\"https:\\\/\\\/www.comprecar.com.br\\\/blog\\\/qual-a-hora-certa-para-trocar-os-pneus-do-carro\\\/#primaryimage\"},\"thumbnailUrl\":\"https:\\\/\\\/www.comprecar.com.br\\\/blog\\\/wp-content\\\/uploads\\\/2020\\\/10\\\/PNEUS.jpg\",\"keywords\":[\"compra e venda de carros\",\"pneus\",\"Venda de carros usados\"],\"articleSection\":[\"Carros\",\"Dicas\",\"Limpeza e Manuten\u00e7\u00e3o\"],\"inLanguage\":\"pt-BR\",\"potentialAction\":[{\"@type\":\"CommentAction\",\"name\":\"Comment\",\"target\":[\"https:\\\/\\\/www.comprecar.com.br\\\/blog\\\/qual-a-hora-certa-para-trocar-os-pneus-do-carro\\\/#respond\"]}]},{\"@type\":\"WebPage\",\"@id\":\"https:\\\/\\\/www.comprecar.com.br\\\/blog\\\/qual-a-hora-certa-para-trocar-os-pneus-do-carro\\\/\",\"url\":\"https:\\\/\\\/www.comprecar.com.br\\\/blog\\\/qual-a-hora-certa-para-trocar-os-pneus-do-carro\\\/\",\"name\":\"Qual a hora certa para trocar os pneus do carro? - Blog Comprecar: Guia Completo para Comprar, Vender e Cuidar do seu Carro\",\"isPartOf\":{\"@id\":\"https:\\\/\\\/www.comprecar.com.br\\\/blog\\\/#website\"},\"primaryImageOfPage\":{\"@id\":\"https:\\\/\\\/www.comprecar.com.br\\\/blog\\\/qual-a-hora-certa-para-trocar-os-pneus-do-carro\\\/#primaryimage\"},\"image\":{\"@id\":\"https:\\\/\\\/www.comprecar.com.br\\\/blog\\\/qual-a-hora-certa-para-trocar-os-pneus-do-carro\\\/#primaryimage\"},\"thumbnailUrl\":\"https:\\\/\\\/www.comprecar.com.br\\\/blog\\\/wp-content\\\/uploads\\\/2020\\\/10\\\/PNEUS.jpg\",\"datePublished\":\"2020-10-16T13:39:50+00:00\",\"dateModified\":\"2024-06-26T06:39:11+00:00\",\"breadcrumb\":{\"@id\":\"https:\\\/\\\/www.comprecar.com.br\\\/blog\\\/qual-a-hora-certa-para-trocar-os-pneus-do-carro\\\/#breadcrumb\"},\"inLanguage\":\"pt-BR\",\"potentialAction\":[{\"@type\":\"ReadAction\",\"target\":[\"https:\\\/\\\/www.comprecar.com.br\\\/blog\\\/qual-a-hora-certa-para-trocar-os-pneus-do-carro\\\/\"]}]},{\"@type\":\"ImageObject\",\"inLanguage\":\"pt-BR\",\"@id\":\"https:\\\/\\\/www.comprecar.com.br\\\/blog\\\/qual-a-hora-certa-para-trocar-os-pneus-do-carro\\\/#primaryimage\",\"url\":\"https:\\\/\\\/www.comprecar.com.br\\\/blog\\\/wp-content\\\/uploads\\\/2020\\\/10\\\/PNEUS.jpg\",\"contentUrl\":\"https:\\\/\\\/www.comprecar.com.br\\\/blog\\\/wp-content\\\/uploads\\\/2020\\\/10\\\/PNEUS.jpg\",\"width\":1024,\"height\":684,\"caption\":\"Qual a hora certa para trocar os pneus do carro?\"},{\"@type\":\"BreadcrumbList\",\"@id\":\"https:\\\/\\\/www.comprecar.com.br\\\/blog\\\/qual-a-hora-certa-para-trocar-os-pneus-do-carro\\\/#breadcrumb\",\"itemListElement\":[{\"@type\":\"ListItem\",\"position\":1,\"name\":\"In\u00edcio\",\"item\":\"https:\\\/\\\/www.comprecar.com.br\\\/blog\\\/\"},{\"@type\":\"ListItem\",\"position\":2,\"name\":\"Qual a hora certa para trocar os pneus do carro?\"}]},{\"@type\":\"WebSite\",\"@id\":\"https:\\\/\\\/www.comprecar.com.br\\\/blog\\\/#website\",\"url\":\"https:\\\/\\\/www.comprecar.com.br\\\/blog\\\/\",\"name\":\"Blog Comprecar: Guia Completo para Comprar, Vender e Cuidar do seu Carro\",\"description\":\"Fique por dentro das \u00faltimas not\u00edcias do mercado, guias de manuten\u00e7\u00e3o e dicas essenciais para comprar ou vender seu ve\u00edculo. Acesse o Blog Comprecar e acelere seu conhecimento!\",\"publisher\":{\"@id\":\"https:\\\/\\\/www.comprecar.com.br\\\/blog\\\/#organization\"},\"potentialAction\":[{\"@type\":\"SearchAction\",\"target\":{\"@type\":\"EntryPoint\",\"urlTemplate\":\"https:\\\/\\\/www.comprecar.com.br\\\/blog\\\/?s={search_term_string}\"},\"query-input\":{\"@type\":\"PropertyValueSpecification\",\"valueRequired\":true,\"valueName\":\"search_term_string\"}}],\"inLanguage\":\"pt-BR\"},{\"@type\":\"Organization\",\"@id\":\"https:\\\/\\\/www.comprecar.com.br\\\/blog\\\/#organization\",\"name\":\"Comprecar\",\"url\":\"https:\\\/\\\/www.comprecar.com.br\\\/blog\\\/\",\"logo\":{\"@type\":\"ImageObject\",\"inLanguage\":\"pt-BR\",\"@id\":\"https:\\\/\\\/www.comprecar.com.br\\\/blog\\\/#\\\/schema\\\/logo\\\/image\\\/\",\"url\":\"https:\\\/\\\/www.comprecar.com.br\\\/blog\\\/wp-content\\\/uploads\\\/2021\\\/02\\\/Logo-comprecar-2020.png\",\"contentUrl\":\"https:\\\/\\\/www.comprecar.com.br\\\/blog\\\/wp-content\\\/uploads\\\/2021\\\/02\\\/Logo-comprecar-2020.png\",\"width\":1896,\"height\":504,\"caption\":\"Comprecar\"},\"image\":{\"@id\":\"https:\\\/\\\/www.comprecar.com.br\\\/blog\\\/#\\\/schema\\\/logo\\\/image\\\/\"},\"sameAs\":[\"https:\\\/\\\/www.facebook.com\\\/Comprecar\",\"https:\\\/\\\/x.com\\\/comprecar\",\"https:\\\/\\\/www.instagram.com\\\/comprecar\"]},{\"@type\":\"Person\",\"@id\":\"https:\\\/\\\/www.comprecar.com.br\\\/blog\\\/#\\\/schema\\\/person\\\/005f0c51a8f4069103b2546fb9de78bb\",\"name\":\"Fred\",\"image\":{\"@type\":\"ImageObject\",\"inLanguage\":\"pt-BR\",\"@id\":\"https:\\\/\\\/secure.gravatar.com\\\/avatar\\\/5d9633b5fd5f086a0d21824763ff62caa933616c7e8525c39357d3ebf950f257?s=96&d=mm&r=g\",\"url\":\"https:\\\/\\\/secure.gravatar.com\\\/avatar\\\/5d9633b5fd5f086a0d21824763ff62caa933616c7e8525c39357d3ebf950f257?s=96&d=mm&r=g\",\"contentUrl\":\"https:\\\/\\\/secure.gravatar.com\\\/avatar\\\/5d9633b5fd5f086a0d21824763ff62caa933616c7e8525c39357d3ebf950f257?s=96&d=mm&r=g\",\"caption\":\"Fred\"},\"description\":\"Fred \u00e9 empres\u00e1rio e atua h\u00e1 mais de duas d\u00e9cadas no mercado automotivo digital. \u00c9 fundador do Comprecar, plataforma criada em 2001 com o objetivo de conectar compradores e vendedores de ve\u00edculos, com forte presen\u00e7a nas cidades do interior do estado de S\u00e3o Paulo. Ao longo de sua trajet\u00f3ria, acumulou experi\u00eancia em marketing digital, tr\u00e1fego pago, SEO e estrat\u00e9gias de convers\u00e3o, sempre com foco em gerar resultados reais para anunciantes \u2014 especialmente na capta\u00e7\u00e3o de leads qualificados. Seu trabalho \u00e9 voltado para transformar o processo de compra e venda de ve\u00edculos em algo mais direto, transparente e eficiente, aproximando pessoas interessadas em negociar. Al\u00e9m da atua\u00e7\u00e3o empresarial, tamb\u00e9m desenvolve conte\u00fados voltados ao universo automotivo, abordando desde oportunidades de compra at\u00e9 an\u00e1lises de mercado, sempre com foco em ajudar o p\u00fablico a tomar decis\u00f5es mais seguras.\",\"sameAs\":[\"https:\\\/\\\/www.comprecar.com.br\",\"https:\\\/\\\/www.instagram.com\\\/fredbittar\\\/\",\"https:\\\/\\\/www.linkedin.com\\\/in\\\/fred-bittar-a0286b30\\\/\"],\"url\":\"https:\\\/\\\/www.comprecar.com.br\\\/blog\\\/author\\\/fred\\\/\"}]}<\/script>\n<!-- \/ Yoast SEO plugin. -->","yoast_head_json":{"title":"Qual a hora certa para trocar os pneus do carro? - Blog Comprecar: Guia Completo para Comprar, Vender e Cuidar do seu Carro","robots":{"index":"index","follow":"follow","max-snippet":"max-snippet:-1","max-image-preview":"max-image-preview:large","max-video-preview":"max-video-preview:-1"},"canonical":"https:\/\/www.comprecar.com.br\/blog\/qual-a-hora-certa-para-trocar-os-pneus-do-carro\/","og_locale":"pt_BR","og_type":"article","og_title":"Qual a hora certa para trocar os pneus do carro? - Blog Comprecar: Guia Completo para Comprar, Vender e Cuidar do seu Carro","og_description":"Existem medidas de seguran\u00e7a que, de t\u00e3o intuitivas, j\u00e1 fazem parte da mem\u00f3ria muscular de muitos motoristas, como usar cintos de seguran\u00e7a e utilizar a seta no momento em que se realiza uma curva.&nbsp;","og_url":"https:\/\/www.comprecar.com.br\/blog\/qual-a-hora-certa-para-trocar-os-pneus-do-carro\/","og_site_name":"Blog Comprecar: Guia Completo para Comprar, Vender e Cuidar do seu Carro","article_publisher":"https:\/\/www.facebook.com\/Comprecar","article_published_time":"2020-10-16T13:39:50+00:00","article_modified_time":"2024-06-26T06:39:11+00:00","og_image":[{"width":1024,"height":684,"url":"https:\/\/www.comprecar.com.br\/blog\/wp-content\/uploads\/2020\/10\/PNEUS.jpg","type":"image\/jpeg"}],"author":"Fred","twitter_card":"summary_large_image","twitter_creator":"@comprecar","twitter_site":"@comprecar","twitter_misc":{"Escrito por":"Fred","Est. tempo de leitura":"4 minutos"},"schema":{"@context":"https:\/\/schema.org","@graph":[{"@type":"Article","@id":"https:\/\/www.comprecar.com.br\/blog\/qual-a-hora-certa-para-trocar-os-pneus-do-carro\/#article","isPartOf":{"@id":"https:\/\/www.comprecar.com.br\/blog\/qual-a-hora-certa-para-trocar-os-pneus-do-carro\/"},"author":{"name":"Fred","@id":"https:\/\/www.comprecar.com.br\/blog\/#\/schema\/person\/005f0c51a8f4069103b2546fb9de78bb"},"headline":"Qual a hora certa para trocar os pneus do carro?","datePublished":"2020-10-16T13:39:50+00:00","dateModified":"2024-06-26T06:39:11+00:00","mainEntityOfPage":{"@id":"https:\/\/www.comprecar.com.br\/blog\/qual-a-hora-certa-para-trocar-os-pneus-do-carro\/"},"wordCount":670,"commentCount":0,"publisher":{"@id":"https:\/\/www.comprecar.com.br\/blog\/#organization"},"image":{"@id":"https:\/\/www.comprecar.com.br\/blog\/qual-a-hora-certa-para-trocar-os-pneus-do-carro\/#primaryimage"},"thumbnailUrl":"https:\/\/www.comprecar.com.br\/blog\/wp-content\/uploads\/2020\/10\/PNEUS.jpg","keywords":["compra e venda de carros","pneus","Venda de carros usados"],"articleSection":["Carros","Dicas","Limpeza e Manuten\u00e7\u00e3o"],"inLanguage":"pt-BR","potentialAction":[{"@type":"CommentAction","name":"Comment","target":["https:\/\/www.comprecar.com.br\/blog\/qual-a-hora-certa-para-trocar-os-pneus-do-carro\/#respond"]}]},{"@type":"WebPage","@id":"https:\/\/www.comprecar.com.br\/blog\/qual-a-hora-certa-para-trocar-os-pneus-do-carro\/","url":"https:\/\/www.comprecar.com.br\/blog\/qual-a-hora-certa-para-trocar-os-pneus-do-carro\/","name":"Qual a hora certa para trocar os pneus do carro? - Blog Comprecar: Guia Completo para Comprar, Vender e Cuidar do seu Carro","isPartOf":{"@id":"https:\/\/www.comprecar.com.br\/blog\/#website"},"primaryImageOfPage":{"@id":"https:\/\/www.comprecar.com.br\/blog\/qual-a-hora-certa-para-trocar-os-pneus-do-carro\/#primaryimage"},"image":{"@id":"https:\/\/www.comprecar.com.br\/blog\/qual-a-hora-certa-para-trocar-os-pneus-do-carro\/#primaryimage"},"thumbnailUrl":"https:\/\/www.comprecar.com.br\/blog\/wp-content\/uploads\/2020\/10\/PNEUS.jpg","datePublished":"2020-10-16T13:39:50+00:00","dateModified":"2024-06-26T06:39:11+00:00","breadcrumb":{"@id":"https:\/\/www.comprecar.com.br\/blog\/qual-a-hora-certa-para-trocar-os-pneus-do-carro\/#breadcrumb"},"inLanguage":"pt-BR","potentialAction":[{"@type":"ReadAction","target":["https:\/\/www.comprecar.com.br\/blog\/qual-a-hora-certa-para-trocar-os-pneus-do-carro\/"]}]},{"@type":"ImageObject","inLanguage":"pt-BR","@id":"https:\/\/www.comprecar.com.br\/blog\/qual-a-hora-certa-para-trocar-os-pneus-do-carro\/#primaryimage","url":"https:\/\/www.comprecar.com.br\/blog\/wp-content\/uploads\/2020\/10\/PNEUS.jpg","contentUrl":"https:\/\/www.comprecar.com.br\/blog\/wp-content\/uploads\/2020\/10\/PNEUS.jpg","width":1024,"height":684,"caption":"Qual a hora certa para trocar os pneus do carro?"},{"@type":"BreadcrumbList","@id":"https:\/\/www.comprecar.com.br\/blog\/qual-a-hora-certa-para-trocar-os-pneus-do-carro\/#breadcrumb","itemListElement":[{"@type":"ListItem","position":1,"name":"In\u00edcio","item":"https:\/\/www.comprecar.com.br\/blog\/"},{"@type":"ListItem","position":2,"name":"Qual a hora certa para trocar os pneus do carro?"}]},{"@type":"WebSite","@id":"https:\/\/www.comprecar.com.br\/blog\/#website","url":"https:\/\/www.comprecar.com.br\/blog\/","name":"Blog Comprecar: Guia Completo para Comprar, Vender e Cuidar do seu Carro","description":"Fique por dentro das \u00faltimas not\u00edcias do mercado, guias de manuten\u00e7\u00e3o e dicas essenciais para comprar ou vender seu ve\u00edculo. Acesse o Blog Comprecar e acelere seu conhecimento!","publisher":{"@id":"https:\/\/www.comprecar.com.br\/blog\/#organization"},"potentialAction":[{"@type":"SearchAction","target":{"@type":"EntryPoint","urlTemplate":"https:\/\/www.comprecar.com.br\/blog\/?s={search_term_string}"},"query-input":{"@type":"PropertyValueSpecification","valueRequired":true,"valueName":"search_term_string"}}],"inLanguage":"pt-BR"},{"@type":"Organization","@id":"https:\/\/www.comprecar.com.br\/blog\/#organization","name":"Comprecar","url":"https:\/\/www.comprecar.com.br\/blog\/","logo":{"@type":"ImageObject","inLanguage":"pt-BR","@id":"https:\/\/www.comprecar.com.br\/blog\/#\/schema\/logo\/image\/","url":"https:\/\/www.comprecar.com.br\/blog\/wp-content\/uploads\/2021\/02\/Logo-comprecar-2020.png","contentUrl":"https:\/\/www.comprecar.com.br\/blog\/wp-content\/uploads\/2021\/02\/Logo-comprecar-2020.png","width":1896,"height":504,"caption":"Comprecar"},"image":{"@id":"https:\/\/www.comprecar.com.br\/blog\/#\/schema\/logo\/image\/"},"sameAs":["https:\/\/www.facebook.com\/Comprecar","https:\/\/x.com\/comprecar","https:\/\/www.instagram.com\/comprecar"]},{"@type":"Person","@id":"https:\/\/www.comprecar.com.br\/blog\/#\/schema\/person\/005f0c51a8f4069103b2546fb9de78bb","name":"Fred","image":{"@type":"ImageObject","inLanguage":"pt-BR","@id":"https:\/\/secure.gravatar.com\/avatar\/5d9633b5fd5f086a0d21824763ff62caa933616c7e8525c39357d3ebf950f257?s=96&d=mm&r=g","url":"https:\/\/secure.gravatar.com\/avatar\/5d9633b5fd5f086a0d21824763ff62caa933616c7e8525c39357d3ebf950f257?s=96&d=mm&r=g","contentUrl":"https:\/\/secure.gravatar.com\/avatar\/5d9633b5fd5f086a0d21824763ff62caa933616c7e8525c39357d3ebf950f257?s=96&d=mm&r=g","caption":"Fred"},"description":"Fred \u00e9 empres\u00e1rio e atua h\u00e1 mais de duas d\u00e9cadas no mercado automotivo digital. \u00c9 fundador do Comprecar, plataforma criada em 2001 com o objetivo de conectar compradores e vendedores de ve\u00edculos, com forte presen\u00e7a nas cidades do interior do estado de S\u00e3o Paulo. Ao longo de sua trajet\u00f3ria, acumulou experi\u00eancia em marketing digital, tr\u00e1fego pago, SEO e estrat\u00e9gias de convers\u00e3o, sempre com foco em gerar resultados reais para anunciantes \u2014 especialmente na capta\u00e7\u00e3o de leads qualificados. Seu trabalho \u00e9 voltado para transformar o processo de compra e venda de ve\u00edculos em algo mais direto, transparente e eficiente, aproximando pessoas interessadas em negociar. Al\u00e9m da atua\u00e7\u00e3o empresarial, tamb\u00e9m desenvolve conte\u00fados voltados ao universo automotivo, abordando desde oportunidades de compra at\u00e9 an\u00e1lises de mercado, sempre com foco em ajudar o p\u00fablico a tomar decis\u00f5es mais seguras.","sameAs":["https:\/\/www.comprecar.com.br","https:\/\/www.instagram.com\/fredbittar\/","https:\/\/www.linkedin.com\/in\/fred-bittar-a0286b30\/"],"url":"https:\/\/www.comprecar.com.br\/blog\/author\/fred\/"}]}},"_links":{"self":[{"href":"https:\/\/www.comprecar.com.br\/blog\/wp-json\/wp\/v2\/posts\/191","targetHints":{"allow":["GET"]}}],"collection":[{"href":"https:\/\/www.comprecar.com.br\/blog\/wp-json\/wp\/v2\/posts"}],"about":[{"href":"https:\/\/www.comprecar.com.br\/blog\/wp-json\/wp\/v2\/types\/post"}],"author":[{"embeddable":true,"href":"https:\/\/www.comprecar.com.br\/blog\/wp-json\/wp\/v2\/users\/1"}],"replies":[{"embeddable":true,"href":"https:\/\/www.comprecar.com.br\/blog\/wp-json\/wp\/v2\/comments?post=191"}],"version-history":[{"count":8,"href":"https:\/\/www.comprecar.com.br\/blog\/wp-json\/wp\/v2\/posts\/191\/revisions"}],"predecessor-version":[{"id":1249,"href":"https:\/\/www.comprecar.com.br\/blog\/wp-json\/wp\/v2\/posts\/191\/revisions\/1249"}],"wp:featuredmedia":[{"embeddable":true,"href":"https:\/\/www.comprecar.com.br\/blog\/wp-json\/wp\/v2\/media\/192"}],"wp:attachment":[{"href":"https:\/\/www.comprecar.com.br\/blog\/wp-json\/wp\/v2\/media?parent=191"}],"wp:term":[{"taxonomy":"category","embeddable":true,"href":"https:\/\/www.comprecar.com.br\/blog\/wp-json\/wp\/v2\/categories?post=191"},{"taxonomy":"post_tag","embeddable":true,"href":"https:\/\/www.comprecar.com.br\/blog\/wp-json\/wp\/v2\/tags?post=191"}],"curies":[{"name":"wp","href":"https:\/\/api.w.org\/{rel}","templated":true}]}}