{"id":362,"date":"2021-02-11T15:25:06","date_gmt":"2021-02-11T18:25:06","guid":{"rendered":"https:\/\/www.comprecar.com.br\/blog\/?p=362"},"modified":"2021-05-24T13:34:32","modified_gmt":"2021-05-24T16:34:32","slug":"o-que-e-e-como-consultar-o-renach","status":"publish","type":"post","link":"https:\/\/www.comprecar.com.br\/blog\/o-que-e-e-como-consultar-o-renach\/","title":{"rendered":"O que \u00e9 e como consultar o Renach?"},"content":{"rendered":"\n<p>Motoristas habilitados precisam saber o que \u00e9 o Renach e, ainda mais importante, como consult\u00e1-lo.<br><\/p>\n\n\n\n<!--more-->\n\n\n\n<p>Apesar disso, o assunto ainda \u00e9 um t\u00f3pico que gera muitas d\u00favidas entre motoristas, mesmo os mais experientes. Pensando nisso, preparamos um artigo com todos os principais pontos que voc\u00ea deve atentar-se em rela\u00e7\u00e3o ao Renach.&nbsp;<br><\/p>\n\n\n\n<p>N\u00e3o deixe de acompanhar o texto at\u00e9 o fim para entender o que \u00e9 Renach, como consult\u00e1-lo e para que ele serve.\u00a0<br><\/p>\n\n\n\n<h2 class=\"wp-block-heading\"><strong>O que \u00e9 Renach?<\/strong><\/h2>\n\n\n\n<p>O Registro Nacional de Carteiras de Habilita\u00e7\u00e3o (Renach) \u00e9 um registro que comporta todas as informa\u00e7\u00f5es sobre motoristas do Brasil, funcionando como um hist\u00f3rico desde o in\u00edcio da habilita\u00e7\u00e3o at\u00e9 os dias atuais.&nbsp;<br><\/p>\n\n\n\n<p>O Renach tem informa\u00e7\u00f5es como troca de categorias, penalidades e multas aplicadas, renova\u00e7\u00e3o da carteira, permiss\u00e3o para dirigir internacionalmente, suspens\u00e3o do direito de dirigir e muito mais.&nbsp;<br><\/p>\n\n\n\n<p>Todos esses dados fazem parte do Departamento Nacional de Tr\u00e2nsito (Denatran), mas tamb\u00e9m podem ser acessados por meio das bases estaduais.<br><\/p>\n\n\n\n<h2 class=\"wp-block-heading\"><strong>Para que serve o Renach?<\/strong><\/h2>\n\n\n\n<p>O Renach tem o objetivo de centralizar as informa\u00e7\u00f5es sobre motoristas de todo o Pa\u00eds e facilitar o acesso a informa\u00e7\u00f5es, assim como proporcionar uma consulta r\u00e1pida e eficiente.&nbsp;<br><\/p>\n\n\n\n<p>Por isso, pode-se dizer que o papel do Renach \u00e9 fazer com que \u00f3rg\u00e3os de tr\u00e2nsito possam fazer uma fiscaliza\u00e7\u00e3o mais eficiente, promovendo mais seguran\u00e7a no tr\u00e2nsito.&nbsp;<br><\/p>\n\n\n\n<p>Todo condutor recebe um n\u00famero de registro pessoal e intransfer\u00edvel no momento em que entrega documentos para realiza\u00e7\u00e3o da carteira de habilita\u00e7\u00e3o.&nbsp;<br><\/p>\n\n\n\n<h2 class=\"wp-block-heading\"><strong>Como encontrar o Renach na sua CNH?<\/strong><\/h2>\n\n\n\n<p>O primeiro passo para consultar o Renach \u00e9 saber onde ele se localiza: na lateral da Carteira Nacional de Habilita\u00e7\u00e3o, ao lado da assinatura do emissor.&nbsp;<\/p>\n\n\n\n<figure class=\"wp-block-image size-large\"><img loading=\"lazy\" decoding=\"async\" width=\"700\" height=\"289\" src=\"https:\/\/www.comprecar.com.br\/blog\/wp-content\/uploads\/2021\/02\/Renach-1.jpg\" alt=\"\" class=\"wp-image-364\" srcset=\"https:\/\/www.comprecar.com.br\/blog\/wp-content\/uploads\/2021\/02\/Renach-1.jpg 700w, https:\/\/www.comprecar.com.br\/blog\/wp-content\/uploads\/2021\/02\/Renach-1-300x124.jpg 300w\" sizes=\"auto, (max-width: 700px) 100vw, 700px\" \/><\/figure>\n\n\n\n<p>Esse \u00e9 um documento de emiss\u00e3o federal, mas motoristas n\u00e3o podem consultar o Renach apenas com o n\u00famero do CPF. Entenda no t\u00f3pico abaixo quais os procedimentos necess\u00e1rios para consultar as informa\u00e7\u00f5es do Renach.<br><\/p>\n\n\n\n<h2 class=\"wp-block-heading\"><strong>Como consultar o Renach?<\/strong><\/h2>\n\n\n\n<p>Para consultar as informa\u00e7\u00f5es contidas em seu Registro Nacional de Carteiras de Habilita\u00e7\u00e3o, voc\u00ea deve acessar o site do Detran de seu estado. Voc\u00ea tamb\u00e9m pode fazer a consulta presencialmente no pr\u00f3prio posto de atendimento do Detran, ou em um Poupatempo, um programa de presta\u00e7\u00e3o de servi\u00e7os presente em v\u00e1rios estados.&nbsp;<br><\/p>\n\n\n\n<p>Nem todas as informa\u00e7\u00f5es est\u00e3o acess\u00edveis para o motorista, mas alguns dados importantes podem ser observados, tais como a pontua\u00e7\u00e3o registrada na carteira.&nbsp;<br><\/p>\n\n\n\n<p>Existem, ainda, alguns estados que n\u00e3o utilizam o Renach na consulta de informa\u00e7\u00f5es sobre a carteira de motorista. Em casos como esse, o pr\u00f3prio n\u00famero de registro da habilita\u00e7\u00e3o \u00e9 usado como forma de checagem.&nbsp;<br><\/p>\n\n\n\n<h2 class=\"wp-block-heading\"><strong>Quais \u00f3rg\u00e3os podem consultar o Renach?<\/strong><\/h2>\n\n\n\n<p>O Detran, o Denatran e outros \u00f3rg\u00e3os s\u00e3o os respons\u00e1veis por manter e atualizar todas as informa\u00e7\u00f5es contidas no Renach. Esses, entretanto, n\u00e3o s\u00e3o os \u00fanicos \u00f3rg\u00e3os que t\u00eam acesso \u00e0s informa\u00e7\u00f5es contidas nele.&nbsp;<\/p>\n\n\n\n<p>Entenda quais s\u00e3o as institui\u00e7\u00f5es que t\u00eam acesso \u00e0s informa\u00e7\u00f5es do Renach abaixo:&nbsp;<br><\/p>\n\n\n\n<ul class=\"wp-block-list\"><li>Conselho Nacional de Tr\u00e2nsito (Contran);<\/li><li>Conselhos Estaduais de Tr\u00e2nsito (Cetrans);<\/li><li>Conselho de Tr\u00e2nsito do Distrito Federal (Contrandife);<\/li><li>Departamento Estadual de Tr\u00e2nsito (Detran);<\/li><li>Junta Administrativa de Recursos de Infra\u00e7\u00f5es (JARI);<\/li><li>Departamento de Estradas de Rodagem (DER);<\/li><li>Pol\u00edcia Rodovi\u00e1ria Federal (PRF);<\/li><li>Pol\u00edcia Militar (PM);<\/li><li>Departamento Nacional de Tr\u00e2nsito (Denatran);<\/li><li>E diversos \u00f3rg\u00e3os municipais de tr\u00e2nsito.<\/li><\/ul>\n\n\n\n<h2 class=\"wp-block-heading\"><strong>Procurando carros usados? Conhe\u00e7a o Comprecar!<\/strong><\/h2>\n\n\n\n<p>O Comprecar \u00e9 um dos maiores sites de classificados de <a href=\"https:\/\/www.comprecar.com.br\/carros-usados\" target=\"_blank\" rel=\"noreferrer noopener\" aria-label=\" (abre numa nova aba)\">carros usados<\/a> do Brasil! Em nosso site temos uma grande variedade de carros usados \u00e0 venda, variando em pre\u00e7o, modelo e muito mais.&nbsp;<br><\/p>\n\n\n\n<p>Todas as principais concession\u00e1rias e <a href=\"https:\/\/www.comprecar.com.br\" target=\"_blank\" rel=\"noreferrer noopener\" aria-label=\"lojas de carros usados (abre numa nova aba)\">lojas de carros usados<\/a> de S\u00e3o Paulo e regi\u00e3o utilizam o Comprecar. Visite nosso site e conhe\u00e7a nossas ofertas de carros usados e seminovos.<br><\/p>\n","protected":false},"excerpt":{"rendered":"<p>Motoristas habilitados precisam saber o que \u00e9 o Renach e, ainda mais importante, como consult\u00e1-lo.<\/p>\n","protected":false},"author":1,"featured_media":363,"comment_status":"open","ping_status":"open","sticky":false,"template":"","format":"standard","meta":{"_kad_post_transparent":"","_kad_post_title":"","_kad_post_layout":"","_kad_post_sidebar_id":"","_kad_post_content_style":"","_kad_post_vertical_padding":"","_kad_post_feature":"","_kad_post_feature_position":"","_kad_post_header":false,"_kad_post_footer":false,"_kad_post_classname":"","footnotes":""},"categories":[73],"tags":[82,50,85],"class_list":["post-362","post","type-post","status-publish","format-standard","has-post-thumbnail","hentry","category-dicas","tag-carro-a-venda","tag-carro-usado","tag-renach"],"yoast_head":"<!-- This site is optimized with the Yoast SEO plugin v27.3 - https:\/\/yoast.com\/product\/yoast-seo-wordpress\/ -->\n<title>O que \u00e9 e como consultar o Renach? - Blog Comprecar: Guia Completo para Comprar, Vender e Cuidar do seu Carro<\/title>\n<meta name=\"robots\" content=\"index, follow, max-snippet:-1, max-image-preview:large, max-video-preview:-1\" \/>\n<link rel=\"canonical\" href=\"https:\/\/www.comprecar.com.br\/blog\/o-que-e-e-como-consultar-o-renach\/\" \/>\n<meta property=\"og:locale\" content=\"pt_BR\" \/>\n<meta property=\"og:type\" content=\"article\" \/>\n<meta property=\"og:title\" content=\"O que \u00e9 e como consultar o Renach? - Blog Comprecar: Guia Completo para Comprar, Vender e Cuidar do seu Carro\" \/>\n<meta property=\"og:description\" content=\"Motoristas habilitados precisam saber o que \u00e9 o Renach e, ainda mais importante, como consult\u00e1-lo.\" \/>\n<meta property=\"og:url\" content=\"https:\/\/www.comprecar.com.br\/blog\/o-que-e-e-como-consultar-o-renach\/\" \/>\n<meta property=\"og:site_name\" content=\"Blog Comprecar: Guia Completo para Comprar, Vender e Cuidar do seu Carro\" \/>\n<meta property=\"article:publisher\" content=\"https:\/\/www.facebook.com\/Comprecar\" \/>\n<meta property=\"article:published_time\" content=\"2021-02-11T18:25:06+00:00\" \/>\n<meta property=\"article:modified_time\" content=\"2021-05-24T16:34:32+00:00\" \/>\n<meta property=\"og:image\" content=\"https:\/\/www.comprecar.com.br\/blog\/wp-content\/uploads\/2021\/02\/Renach.jpg\" \/>\n\t<meta property=\"og:image:width\" content=\"1024\" \/>\n\t<meta property=\"og:image:height\" content=\"583\" \/>\n\t<meta property=\"og:image:type\" content=\"image\/jpeg\" \/>\n<meta name=\"author\" content=\"Fred\" \/>\n<meta name=\"twitter:card\" content=\"summary_large_image\" \/>\n<meta name=\"twitter:creator\" content=\"@comprecar\" \/>\n<meta name=\"twitter:site\" content=\"@comprecar\" \/>\n<meta name=\"twitter:label1\" content=\"Escrito por\" \/>\n\t<meta name=\"twitter:data1\" content=\"Fred\" \/>\n\t<meta name=\"twitter:label2\" content=\"Est. tempo de leitura\" \/>\n\t<meta name=\"twitter:data2\" content=\"3 minutos\" \/>\n<script type=\"application\/ld+json\" class=\"yoast-schema-graph\">{\"@context\":\"https:\\\/\\\/schema.org\",\"@graph\":[{\"@type\":\"Article\",\"@id\":\"https:\\\/\\\/www.comprecar.com.br\\\/blog\\\/o-que-e-e-como-consultar-o-renach\\\/#article\",\"isPartOf\":{\"@id\":\"https:\\\/\\\/www.comprecar.com.br\\\/blog\\\/o-que-e-e-como-consultar-o-renach\\\/\"},\"author\":{\"name\":\"Fred\",\"@id\":\"https:\\\/\\\/www.comprecar.com.br\\\/blog\\\/#\\\/schema\\\/person\\\/005f0c51a8f4069103b2546fb9de78bb\"},\"headline\":\"O que \u00e9 e como consultar o Renach?\",\"datePublished\":\"2021-02-11T18:25:06+00:00\",\"dateModified\":\"2021-05-24T16:34:32+00:00\",\"mainEntityOfPage\":{\"@id\":\"https:\\\/\\\/www.comprecar.com.br\\\/blog\\\/o-que-e-e-como-consultar-o-renach\\\/\"},\"wordCount\":688,\"commentCount\":0,\"publisher\":{\"@id\":\"https:\\\/\\\/www.comprecar.com.br\\\/blog\\\/#organization\"},\"image\":{\"@id\":\"https:\\\/\\\/www.comprecar.com.br\\\/blog\\\/o-que-e-e-como-consultar-o-renach\\\/#primaryimage\"},\"thumbnailUrl\":\"https:\\\/\\\/www.comprecar.com.br\\\/blog\\\/wp-content\\\/uploads\\\/2021\\\/02\\\/Renach.jpg\",\"keywords\":[\"carro a venda\",\"Carro usado\",\"Renach\"],\"articleSection\":[\"Dicas\"],\"inLanguage\":\"pt-BR\",\"potentialAction\":[{\"@type\":\"CommentAction\",\"name\":\"Comment\",\"target\":[\"https:\\\/\\\/www.comprecar.com.br\\\/blog\\\/o-que-e-e-como-consultar-o-renach\\\/#respond\"]}]},{\"@type\":\"WebPage\",\"@id\":\"https:\\\/\\\/www.comprecar.com.br\\\/blog\\\/o-que-e-e-como-consultar-o-renach\\\/\",\"url\":\"https:\\\/\\\/www.comprecar.com.br\\\/blog\\\/o-que-e-e-como-consultar-o-renach\\\/\",\"name\":\"O que \u00e9 e como consultar o Renach? - Blog Comprecar: Guia Completo para Comprar, Vender e Cuidar do seu Carro\",\"isPartOf\":{\"@id\":\"https:\\\/\\\/www.comprecar.com.br\\\/blog\\\/#website\"},\"primaryImageOfPage\":{\"@id\":\"https:\\\/\\\/www.comprecar.com.br\\\/blog\\\/o-que-e-e-como-consultar-o-renach\\\/#primaryimage\"},\"image\":{\"@id\":\"https:\\\/\\\/www.comprecar.com.br\\\/blog\\\/o-que-e-e-como-consultar-o-renach\\\/#primaryimage\"},\"thumbnailUrl\":\"https:\\\/\\\/www.comprecar.com.br\\\/blog\\\/wp-content\\\/uploads\\\/2021\\\/02\\\/Renach.jpg\",\"datePublished\":\"2021-02-11T18:25:06+00:00\",\"dateModified\":\"2021-05-24T16:34:32+00:00\",\"breadcrumb\":{\"@id\":\"https:\\\/\\\/www.comprecar.com.br\\\/blog\\\/o-que-e-e-como-consultar-o-renach\\\/#breadcrumb\"},\"inLanguage\":\"pt-BR\",\"potentialAction\":[{\"@type\":\"ReadAction\",\"target\":[\"https:\\\/\\\/www.comprecar.com.br\\\/blog\\\/o-que-e-e-como-consultar-o-renach\\\/\"]}]},{\"@type\":\"ImageObject\",\"inLanguage\":\"pt-BR\",\"@id\":\"https:\\\/\\\/www.comprecar.com.br\\\/blog\\\/o-que-e-e-como-consultar-o-renach\\\/#primaryimage\",\"url\":\"https:\\\/\\\/www.comprecar.com.br\\\/blog\\\/wp-content\\\/uploads\\\/2021\\\/02\\\/Renach.jpg\",\"contentUrl\":\"https:\\\/\\\/www.comprecar.com.br\\\/blog\\\/wp-content\\\/uploads\\\/2021\\\/02\\\/Renach.jpg\",\"width\":1024,\"height\":583,\"caption\":\"o que \u00e9 Renach\"},{\"@type\":\"BreadcrumbList\",\"@id\":\"https:\\\/\\\/www.comprecar.com.br\\\/blog\\\/o-que-e-e-como-consultar-o-renach\\\/#breadcrumb\",\"itemListElement\":[{\"@type\":\"ListItem\",\"position\":1,\"name\":\"In\u00edcio\",\"item\":\"https:\\\/\\\/www.comprecar.com.br\\\/blog\\\/\"},{\"@type\":\"ListItem\",\"position\":2,\"name\":\"O que \u00e9 e como consultar o Renach?\"}]},{\"@type\":\"WebSite\",\"@id\":\"https:\\\/\\\/www.comprecar.com.br\\\/blog\\\/#website\",\"url\":\"https:\\\/\\\/www.comprecar.com.br\\\/blog\\\/\",\"name\":\"Blog Comprecar: Guia Completo para Comprar, Vender e Cuidar do seu Carro\",\"description\":\"Fique por dentro das \u00faltimas not\u00edcias do mercado, guias de manuten\u00e7\u00e3o e dicas essenciais para comprar ou vender seu ve\u00edculo. Acesse o Blog Comprecar e acelere seu conhecimento!\",\"publisher\":{\"@id\":\"https:\\\/\\\/www.comprecar.com.br\\\/blog\\\/#organization\"},\"potentialAction\":[{\"@type\":\"SearchAction\",\"target\":{\"@type\":\"EntryPoint\",\"urlTemplate\":\"https:\\\/\\\/www.comprecar.com.br\\\/blog\\\/?s={search_term_string}\"},\"query-input\":{\"@type\":\"PropertyValueSpecification\",\"valueRequired\":true,\"valueName\":\"search_term_string\"}}],\"inLanguage\":\"pt-BR\"},{\"@type\":\"Organization\",\"@id\":\"https:\\\/\\\/www.comprecar.com.br\\\/blog\\\/#organization\",\"name\":\"Comprecar\",\"url\":\"https:\\\/\\\/www.comprecar.com.br\\\/blog\\\/\",\"logo\":{\"@type\":\"ImageObject\",\"inLanguage\":\"pt-BR\",\"@id\":\"https:\\\/\\\/www.comprecar.com.br\\\/blog\\\/#\\\/schema\\\/logo\\\/image\\\/\",\"url\":\"https:\\\/\\\/www.comprecar.com.br\\\/blog\\\/wp-content\\\/uploads\\\/2021\\\/02\\\/Logo-comprecar-2020.png\",\"contentUrl\":\"https:\\\/\\\/www.comprecar.com.br\\\/blog\\\/wp-content\\\/uploads\\\/2021\\\/02\\\/Logo-comprecar-2020.png\",\"width\":1896,\"height\":504,\"caption\":\"Comprecar\"},\"image\":{\"@id\":\"https:\\\/\\\/www.comprecar.com.br\\\/blog\\\/#\\\/schema\\\/logo\\\/image\\\/\"},\"sameAs\":[\"https:\\\/\\\/www.facebook.com\\\/Comprecar\",\"https:\\\/\\\/x.com\\\/comprecar\",\"https:\\\/\\\/www.instagram.com\\\/comprecar\"]},{\"@type\":\"Person\",\"@id\":\"https:\\\/\\\/www.comprecar.com.br\\\/blog\\\/#\\\/schema\\\/person\\\/005f0c51a8f4069103b2546fb9de78bb\",\"name\":\"Fred\",\"image\":{\"@type\":\"ImageObject\",\"inLanguage\":\"pt-BR\",\"@id\":\"https:\\\/\\\/secure.gravatar.com\\\/avatar\\\/5d9633b5fd5f086a0d21824763ff62caa933616c7e8525c39357d3ebf950f257?s=96&d=mm&r=g\",\"url\":\"https:\\\/\\\/secure.gravatar.com\\\/avatar\\\/5d9633b5fd5f086a0d21824763ff62caa933616c7e8525c39357d3ebf950f257?s=96&d=mm&r=g\",\"contentUrl\":\"https:\\\/\\\/secure.gravatar.com\\\/avatar\\\/5d9633b5fd5f086a0d21824763ff62caa933616c7e8525c39357d3ebf950f257?s=96&d=mm&r=g\",\"caption\":\"Fred\"},\"description\":\"Fred \u00e9 empres\u00e1rio e atua h\u00e1 mais de duas d\u00e9cadas no mercado automotivo digital. \u00c9 fundador do Comprecar, plataforma criada em 2001 com o objetivo de conectar compradores e vendedores de ve\u00edculos, com forte presen\u00e7a nas cidades do interior do estado de S\u00e3o Paulo. Ao longo de sua trajet\u00f3ria, acumulou experi\u00eancia em marketing digital, tr\u00e1fego pago, SEO e estrat\u00e9gias de convers\u00e3o, sempre com foco em gerar resultados reais para anunciantes \u2014 especialmente na capta\u00e7\u00e3o de leads qualificados. Seu trabalho \u00e9 voltado para transformar o processo de compra e venda de ve\u00edculos em algo mais direto, transparente e eficiente, aproximando pessoas interessadas em negociar. Al\u00e9m da atua\u00e7\u00e3o empresarial, tamb\u00e9m desenvolve conte\u00fados voltados ao universo automotivo, abordando desde oportunidades de compra at\u00e9 an\u00e1lises de mercado, sempre com foco em ajudar o p\u00fablico a tomar decis\u00f5es mais seguras.\",\"sameAs\":[\"https:\\\/\\\/www.comprecar.com.br\",\"https:\\\/\\\/www.instagram.com\\\/fredbittar\\\/\",\"https:\\\/\\\/www.linkedin.com\\\/in\\\/fred-bittar-a0286b30\\\/\"],\"url\":\"https:\\\/\\\/www.comprecar.com.br\\\/blog\\\/author\\\/fred\\\/\"}]}<\/script>\n<!-- \/ Yoast SEO plugin. -->","yoast_head_json":{"title":"O que \u00e9 e como consultar o Renach? - Blog Comprecar: Guia Completo para Comprar, Vender e Cuidar do seu Carro","robots":{"index":"index","follow":"follow","max-snippet":"max-snippet:-1","max-image-preview":"max-image-preview:large","max-video-preview":"max-video-preview:-1"},"canonical":"https:\/\/www.comprecar.com.br\/blog\/o-que-e-e-como-consultar-o-renach\/","og_locale":"pt_BR","og_type":"article","og_title":"O que \u00e9 e como consultar o Renach? - Blog Comprecar: Guia Completo para Comprar, Vender e Cuidar do seu Carro","og_description":"Motoristas habilitados precisam saber o que \u00e9 o Renach e, ainda mais importante, como consult\u00e1-lo.","og_url":"https:\/\/www.comprecar.com.br\/blog\/o-que-e-e-como-consultar-o-renach\/","og_site_name":"Blog Comprecar: Guia Completo para Comprar, Vender e Cuidar do seu Carro","article_publisher":"https:\/\/www.facebook.com\/Comprecar","article_published_time":"2021-02-11T18:25:06+00:00","article_modified_time":"2021-05-24T16:34:32+00:00","og_image":[{"width":1024,"height":583,"url":"https:\/\/www.comprecar.com.br\/blog\/wp-content\/uploads\/2021\/02\/Renach.jpg","type":"image\/jpeg"}],"author":"Fred","twitter_card":"summary_large_image","twitter_creator":"@comprecar","twitter_site":"@comprecar","twitter_misc":{"Escrito por":"Fred","Est. tempo de leitura":"3 minutos"},"schema":{"@context":"https:\/\/schema.org","@graph":[{"@type":"Article","@id":"https:\/\/www.comprecar.com.br\/blog\/o-que-e-e-como-consultar-o-renach\/#article","isPartOf":{"@id":"https:\/\/www.comprecar.com.br\/blog\/o-que-e-e-como-consultar-o-renach\/"},"author":{"name":"Fred","@id":"https:\/\/www.comprecar.com.br\/blog\/#\/schema\/person\/005f0c51a8f4069103b2546fb9de78bb"},"headline":"O que \u00e9 e como consultar o Renach?","datePublished":"2021-02-11T18:25:06+00:00","dateModified":"2021-05-24T16:34:32+00:00","mainEntityOfPage":{"@id":"https:\/\/www.comprecar.com.br\/blog\/o-que-e-e-como-consultar-o-renach\/"},"wordCount":688,"commentCount":0,"publisher":{"@id":"https:\/\/www.comprecar.com.br\/blog\/#organization"},"image":{"@id":"https:\/\/www.comprecar.com.br\/blog\/o-que-e-e-como-consultar-o-renach\/#primaryimage"},"thumbnailUrl":"https:\/\/www.comprecar.com.br\/blog\/wp-content\/uploads\/2021\/02\/Renach.jpg","keywords":["carro a venda","Carro usado","Renach"],"articleSection":["Dicas"],"inLanguage":"pt-BR","potentialAction":[{"@type":"CommentAction","name":"Comment","target":["https:\/\/www.comprecar.com.br\/blog\/o-que-e-e-como-consultar-o-renach\/#respond"]}]},{"@type":"WebPage","@id":"https:\/\/www.comprecar.com.br\/blog\/o-que-e-e-como-consultar-o-renach\/","url":"https:\/\/www.comprecar.com.br\/blog\/o-que-e-e-como-consultar-o-renach\/","name":"O que \u00e9 e como consultar o Renach? - Blog Comprecar: Guia Completo para Comprar, Vender e Cuidar do seu Carro","isPartOf":{"@id":"https:\/\/www.comprecar.com.br\/blog\/#website"},"primaryImageOfPage":{"@id":"https:\/\/www.comprecar.com.br\/blog\/o-que-e-e-como-consultar-o-renach\/#primaryimage"},"image":{"@id":"https:\/\/www.comprecar.com.br\/blog\/o-que-e-e-como-consultar-o-renach\/#primaryimage"},"thumbnailUrl":"https:\/\/www.comprecar.com.br\/blog\/wp-content\/uploads\/2021\/02\/Renach.jpg","datePublished":"2021-02-11T18:25:06+00:00","dateModified":"2021-05-24T16:34:32+00:00","breadcrumb":{"@id":"https:\/\/www.comprecar.com.br\/blog\/o-que-e-e-como-consultar-o-renach\/#breadcrumb"},"inLanguage":"pt-BR","potentialAction":[{"@type":"ReadAction","target":["https:\/\/www.comprecar.com.br\/blog\/o-que-e-e-como-consultar-o-renach\/"]}]},{"@type":"ImageObject","inLanguage":"pt-BR","@id":"https:\/\/www.comprecar.com.br\/blog\/o-que-e-e-como-consultar-o-renach\/#primaryimage","url":"https:\/\/www.comprecar.com.br\/blog\/wp-content\/uploads\/2021\/02\/Renach.jpg","contentUrl":"https:\/\/www.comprecar.com.br\/blog\/wp-content\/uploads\/2021\/02\/Renach.jpg","width":1024,"height":583,"caption":"o que \u00e9 Renach"},{"@type":"BreadcrumbList","@id":"https:\/\/www.comprecar.com.br\/blog\/o-que-e-e-como-consultar-o-renach\/#breadcrumb","itemListElement":[{"@type":"ListItem","position":1,"name":"In\u00edcio","item":"https:\/\/www.comprecar.com.br\/blog\/"},{"@type":"ListItem","position":2,"name":"O que \u00e9 e como consultar o Renach?"}]},{"@type":"WebSite","@id":"https:\/\/www.comprecar.com.br\/blog\/#website","url":"https:\/\/www.comprecar.com.br\/blog\/","name":"Blog Comprecar: Guia Completo para Comprar, Vender e Cuidar do seu Carro","description":"Fique por dentro das \u00faltimas not\u00edcias do mercado, guias de manuten\u00e7\u00e3o e dicas essenciais para comprar ou vender seu ve\u00edculo. Acesse o Blog Comprecar e acelere seu conhecimento!","publisher":{"@id":"https:\/\/www.comprecar.com.br\/blog\/#organization"},"potentialAction":[{"@type":"SearchAction","target":{"@type":"EntryPoint","urlTemplate":"https:\/\/www.comprecar.com.br\/blog\/?s={search_term_string}"},"query-input":{"@type":"PropertyValueSpecification","valueRequired":true,"valueName":"search_term_string"}}],"inLanguage":"pt-BR"},{"@type":"Organization","@id":"https:\/\/www.comprecar.com.br\/blog\/#organization","name":"Comprecar","url":"https:\/\/www.comprecar.com.br\/blog\/","logo":{"@type":"ImageObject","inLanguage":"pt-BR","@id":"https:\/\/www.comprecar.com.br\/blog\/#\/schema\/logo\/image\/","url":"https:\/\/www.comprecar.com.br\/blog\/wp-content\/uploads\/2021\/02\/Logo-comprecar-2020.png","contentUrl":"https:\/\/www.comprecar.com.br\/blog\/wp-content\/uploads\/2021\/02\/Logo-comprecar-2020.png","width":1896,"height":504,"caption":"Comprecar"},"image":{"@id":"https:\/\/www.comprecar.com.br\/blog\/#\/schema\/logo\/image\/"},"sameAs":["https:\/\/www.facebook.com\/Comprecar","https:\/\/x.com\/comprecar","https:\/\/www.instagram.com\/comprecar"]},{"@type":"Person","@id":"https:\/\/www.comprecar.com.br\/blog\/#\/schema\/person\/005f0c51a8f4069103b2546fb9de78bb","name":"Fred","image":{"@type":"ImageObject","inLanguage":"pt-BR","@id":"https:\/\/secure.gravatar.com\/avatar\/5d9633b5fd5f086a0d21824763ff62caa933616c7e8525c39357d3ebf950f257?s=96&d=mm&r=g","url":"https:\/\/secure.gravatar.com\/avatar\/5d9633b5fd5f086a0d21824763ff62caa933616c7e8525c39357d3ebf950f257?s=96&d=mm&r=g","contentUrl":"https:\/\/secure.gravatar.com\/avatar\/5d9633b5fd5f086a0d21824763ff62caa933616c7e8525c39357d3ebf950f257?s=96&d=mm&r=g","caption":"Fred"},"description":"Fred \u00e9 empres\u00e1rio e atua h\u00e1 mais de duas d\u00e9cadas no mercado automotivo digital. \u00c9 fundador do Comprecar, plataforma criada em 2001 com o objetivo de conectar compradores e vendedores de ve\u00edculos, com forte presen\u00e7a nas cidades do interior do estado de S\u00e3o Paulo. Ao longo de sua trajet\u00f3ria, acumulou experi\u00eancia em marketing digital, tr\u00e1fego pago, SEO e estrat\u00e9gias de convers\u00e3o, sempre com foco em gerar resultados reais para anunciantes \u2014 especialmente na capta\u00e7\u00e3o de leads qualificados. Seu trabalho \u00e9 voltado para transformar o processo de compra e venda de ve\u00edculos em algo mais direto, transparente e eficiente, aproximando pessoas interessadas em negociar. Al\u00e9m da atua\u00e7\u00e3o empresarial, tamb\u00e9m desenvolve conte\u00fados voltados ao universo automotivo, abordando desde oportunidades de compra at\u00e9 an\u00e1lises de mercado, sempre com foco em ajudar o p\u00fablico a tomar decis\u00f5es mais seguras.","sameAs":["https:\/\/www.comprecar.com.br","https:\/\/www.instagram.com\/fredbittar\/","https:\/\/www.linkedin.com\/in\/fred-bittar-a0286b30\/"],"url":"https:\/\/www.comprecar.com.br\/blog\/author\/fred\/"}]}},"_links":{"self":[{"href":"https:\/\/www.comprecar.com.br\/blog\/wp-json\/wp\/v2\/posts\/362","targetHints":{"allow":["GET"]}}],"collection":[{"href":"https:\/\/www.comprecar.com.br\/blog\/wp-json\/wp\/v2\/posts"}],"about":[{"href":"https:\/\/www.comprecar.com.br\/blog\/wp-json\/wp\/v2\/types\/post"}],"author":[{"embeddable":true,"href":"https:\/\/www.comprecar.com.br\/blog\/wp-json\/wp\/v2\/users\/1"}],"replies":[{"embeddable":true,"href":"https:\/\/www.comprecar.com.br\/blog\/wp-json\/wp\/v2\/comments?post=362"}],"version-history":[{"count":5,"href":"https:\/\/www.comprecar.com.br\/blog\/wp-json\/wp\/v2\/posts\/362\/revisions"}],"predecessor-version":[{"id":496,"href":"https:\/\/www.comprecar.com.br\/blog\/wp-json\/wp\/v2\/posts\/362\/revisions\/496"}],"wp:featuredmedia":[{"embeddable":true,"href":"https:\/\/www.comprecar.com.br\/blog\/wp-json\/wp\/v2\/media\/363"}],"wp:attachment":[{"href":"https:\/\/www.comprecar.com.br\/blog\/wp-json\/wp\/v2\/media?parent=362"}],"wp:term":[{"taxonomy":"category","embeddable":true,"href":"https:\/\/www.comprecar.com.br\/blog\/wp-json\/wp\/v2\/categories?post=362"},{"taxonomy":"post_tag","embeddable":true,"href":"https:\/\/www.comprecar.com.br\/blog\/wp-json\/wp\/v2\/tags?post=362"}],"curies":[{"name":"wp","href":"https:\/\/api.w.org\/{rel}","templated":true}]}}