{"id":436,"date":"2021-03-30T11:03:39","date_gmt":"2021-03-30T14:03:39","guid":{"rendered":"https:\/\/www.comprecar.com.br\/blog\/?p=436"},"modified":"2024-06-26T04:26:18","modified_gmt":"2024-06-26T07:26:18","slug":"transferencia-de-veiculo-guia-definitivo-para-evitar-dores-de-cabeca","status":"publish","type":"post","link":"https:\/\/www.comprecar.com.br\/blog\/transferencia-de-veiculo-guia-definitivo-para-evitar-dores-de-cabeca\/","title":{"rendered":"Transfer\u00eancia de ve\u00edculo: guia definitivo para evitar dores de cabe\u00e7a"},"content":{"rendered":"\n<p>Vender ou comprar um ve\u00edculo \u00e9 um momento muito animador para ambas as partes envolvidas na transa\u00e7\u00e3o, mas toda essa anima\u00e7\u00e3o pode ir por \u00e1gua abaixo quando percebemos a tamanha burocracia envolvida em todo o processo.&nbsp;<\/p>\n\n\n\n<!--more-->\n\n\n\n<p>Como somos um <a href=\"https:\/\/www.comprecar.com.br\/\" target=\"_blank\" rel=\"noreferrer noopener\" aria-label=\" (abre numa nova aba)\">site de venda de carros<\/a> especializado no assunto, preparamos um artigo especial, explicando tudo que h\u00e1 para saber sobre transfer\u00eancia de ve\u00edculo, processo de compra e venda e mais.&nbsp;<\/p>\n\n\n\n<p>Se voc\u00ea quer aprender com a nossa experi\u00eancia e evitar dores de cabe\u00e7a na hora de transferir a propriedade de um carro, confira as informa\u00e7\u00f5es que destacamos nos pr\u00f3ximos t\u00f3picos. Boa leitura!&nbsp;<\/p>\n\n\n\n<h2 class=\"wp-block-heading\"><strong>Onde fazer a transfer\u00eancia de documento de carro?<\/strong><\/h2>\n\n\n\n<p>Durante a transfer\u00eancia do carro, o primeiro lugar a ser visitado \u00e9 o cart\u00f3rio. L\u00e1, o vendedor e o comprador do ve\u00edculo far\u00e3o a autentica\u00e7\u00e3o de suas respectivas assinaturas no Certificado de Registro do Ve\u00edculo (CRV).<\/p>\n\n\n\n<p>Ent\u00e3o, basta que o comprador agende uma vistoria no posto do Detran de sua regi\u00e3o. Para que a transfer\u00eancia seja completa, o comprador tamb\u00e9m precisa procurar o Centro de Registro de Ve\u00edculos Automotores (CRVA) de sua cidade em at\u00e9 trinta dias ap\u00f3s a compra.&nbsp;<\/p>\n\n\n\n<h2 class=\"wp-block-heading\"><strong>Quais s\u00e3o os documentos necess\u00e1rios para realizar a transfer\u00eancia de um ve\u00edculo?<\/strong><\/h2>\n\n\n\n<p>Para que a transfer\u00eancia do ve\u00edculo seja completa, s\u00e3o necess\u00e1rios os seguintes documentos:&nbsp;<\/p>\n\n\n\n<ul class=\"wp-block-list\"><li>Certificado de Registro e Licenciamento de Ve\u00edculo (CRLV);<\/li><li>Documentos de comprova\u00e7\u00e3o da quita\u00e7\u00e3o de impostos e taxas;<\/li><li>Decalque do chassi do carro;<\/li><li>Comprovante de resid\u00eancia;<\/li><li>C\u00f3pia da carteira de identidade e CPF;<\/li><li>Comprovante de pagamento da taxa de transfer\u00eancia;<\/li><li>Comprovante de pagamento da taxa de emiss\u00e3o do novo CRV;<\/li><li>Formul\u00e1rio do Renavam preenchido;<\/li><li>Certificado de Registro de Ve\u00edculo (CRV).<\/li><\/ul>\n\n\n\n<p>Vale lembrar que a firma do antigo propriet\u00e1rio precisa estar reconhecida em cart\u00f3rio em todos os documentos fornecidos por ele.&nbsp;<\/p>\n\n\n\n<h2 class=\"wp-block-heading\"><strong>Passo a passo para realizar a transfer\u00eancia do ve\u00edculo<\/strong><\/h2>\n\n\n\n<p>Realizar uma transfer\u00eancia de ve\u00edculo \u00e9 um processo cheio de passos, mas todos eles s\u00e3o bem simples. Veja, nos t\u00f3picos a seguir, a explica\u00e7\u00e3o aprofundada de cada um deles.&nbsp;<\/p>\n\n\n\n<h3 class=\"wp-block-heading\"><strong>Preencha o recibo de compra e venda<\/strong><\/h3>\n\n\n\n<p>O Certificado de Registro de Ve\u00edculo (CRV) \u00e9 um documento importante porque funciona como uma identifica\u00e7\u00e3o para os ve\u00edculos, como se fosse uma identidade.<\/p>\n\n\n\n<p>Nesse documento, consta o Renavam, e ele cont\u00e9m um espa\u00e7o para a Autoriza\u00e7\u00e3o para Transfer\u00eancia de Propriedade do Ve\u00edculo (ATPV), que deve ser assinada. Nesse espa\u00e7o, precisam conter informa\u00e7\u00f5es como o valor de negocia\u00e7\u00e3o do ve\u00edculo, nome completo do comprador, seu RG e CPF. Al\u00e9m disso, \u00e9 importante <a href=\"https:\/\/www.365inflatable.co.uk\/a077002-uk-buy-paw-patrol-playzone.html\" style=\"color: black; text-decoration: none;\">paw patrol playzone<\/a> constar a data de negocia\u00e7\u00e3o, endere\u00e7o e local da transfer\u00eancia.&nbsp;<\/p>\n\n\n\n<h3 class=\"wp-block-heading\"><strong>Reconhecimento de firma das assinaturas no verso do CRV<\/strong><\/h3>\n\n\n\n<p>Todas as assinaturas \u2013 tanto as do vendedor, como as do comprador \u2013 devem ser autenticadas em cart\u00f3rio para que a transfer\u00eancia seja v\u00e1lida.&nbsp;<\/p>\n\n\n\n<h3 class=\"wp-block-heading\"><strong>Fa\u00e7a o pagamento da taxa de transfer\u00eancia<\/strong><\/h3>\n\n\n\n<p>O C\u00f3digo de Tr\u00e2nsito Brasileiro (CTB) prev\u00ea o pagamento de uma taxa em todas as negocia\u00e7\u00f5es de transfer\u00eancia de ve\u00edculos. O valor dessa taxa varia de acordo com a localidade, por isso, motoristas devem pag\u00e1-la por meio de uma guia gerada pelo Detran.&nbsp;<\/p>\n\n\n\n<h3 class=\"wp-block-heading\"><strong>Fa\u00e7a a vistoria no Detran<\/strong><\/h3>\n\n\n\n<p>A vistoria \u00e9 um passo importante em qualquer transa\u00e7\u00e3o de transfer\u00eancia veicular. Esse procedimento visa analisar as condi\u00e7\u00f5es gerais do ve\u00edculo, a presen\u00e7a dos itens obrigat\u00f3rios de seguran\u00e7a, regulamenta\u00e7\u00e3o dos documentos e mais.&nbsp;<\/p>\n\n\n\n<h3 class=\"wp-block-heading\"><strong>Separe os documentos necess\u00e1rios e fa\u00e7a a transfer\u00eancia<\/strong><\/h3>\n\n\n\n<p>Prepare todos os documentos mencionados no t\u00f3pico acima para apresenta\u00e7\u00e3o no Detran. Com eles em m\u00e3os, solicite a transfer\u00eancia do ve\u00edculo e a emiss\u00e3o do novo CRV e CRLV.&nbsp;<\/p>\n\n\n\n<p>Todo o processo de transfer\u00eancia deve levar, em m\u00e9dia, vinte dias \u00fateis, mas esse per\u00edodo pode variar de acordo com a sua regi\u00e3o. Toda a documenta\u00e7\u00e3o ser\u00e1 entregue na casa do novo propriet\u00e1rio dentro desse per\u00edodo.<\/p>\n\n\n\n<p>Pronto para realizar a transfer\u00eancia do seu novo carro? Continue navegando pelo blog do Comprecar para ler mais dicas sobre o assunto.<br><\/p>\n","protected":false},"excerpt":{"rendered":"<p>Vender ou comprar um ve\u00edculo \u00e9 um momento muito animador para ambas as partes envolvidas na transa\u00e7\u00e3o, mas toda essa anima\u00e7\u00e3o pode ir por \u00e1gua abaixo quando percebemos a tamanha burocracia envolvida em todo o processo.&nbsp;<\/p>\n","protected":false},"author":1,"featured_media":437,"comment_status":"open","ping_status":"open","sticky":false,"template":"","format":"standard","meta":{"_kad_post_transparent":"","_kad_post_title":"","_kad_post_layout":"","_kad_post_sidebar_id":"","_kad_post_content_style":"","_kad_post_vertical_padding":"","_kad_post_feature":"","_kad_post_feature_position":"","_kad_post_header":false,"_kad_post_footer":false,"_kad_post_classname":"","footnotes":""},"categories":[74],"tags":[93],"class_list":["post-436","post","type-post","status-publish","format-standard","has-post-thumbnail","hentry","category-carros","tag-transferencia-de-veiculo"],"yoast_head":"<!-- This site is optimized with the Yoast SEO plugin v27.3 - https:\/\/yoast.com\/product\/yoast-seo-wordpress\/ -->\n<title>Transfer\u00eancia de ve\u00edculo: guia definitivo para evitar dores de cabe\u00e7a - Blog Comprecar: Guia Completo para Comprar, Vender e Cuidar do seu Carro<\/title>\n<meta name=\"robots\" content=\"index, follow, max-snippet:-1, max-image-preview:large, max-video-preview:-1\" \/>\n<link rel=\"canonical\" href=\"https:\/\/www.comprecar.com.br\/blog\/transferencia-de-veiculo-guia-definitivo-para-evitar-dores-de-cabeca\/\" \/>\n<meta property=\"og:locale\" content=\"pt_BR\" \/>\n<meta property=\"og:type\" content=\"article\" \/>\n<meta property=\"og:title\" content=\"Transfer\u00eancia de ve\u00edculo: guia definitivo para evitar dores de cabe\u00e7a - Blog Comprecar: Guia Completo para Comprar, Vender e Cuidar do seu Carro\" \/>\n<meta property=\"og:description\" content=\"Vender ou comprar um ve\u00edculo \u00e9 um momento muito animador para ambas as partes envolvidas na transa\u00e7\u00e3o, mas toda essa anima\u00e7\u00e3o pode ir por \u00e1gua abaixo quando percebemos a tamanha burocracia envolvida em todo o processo.&nbsp;\" \/>\n<meta property=\"og:url\" content=\"https:\/\/www.comprecar.com.br\/blog\/transferencia-de-veiculo-guia-definitivo-para-evitar-dores-de-cabeca\/\" \/>\n<meta property=\"og:site_name\" content=\"Blog Comprecar: Guia Completo para Comprar, Vender e Cuidar do seu Carro\" \/>\n<meta property=\"article:publisher\" content=\"https:\/\/www.facebook.com\/Comprecar\" \/>\n<meta property=\"article:published_time\" content=\"2021-03-30T14:03:39+00:00\" \/>\n<meta property=\"article:modified_time\" content=\"2024-06-26T07:26:18+00:00\" \/>\n<meta property=\"og:image\" content=\"https:\/\/www.comprecar.com.br\/blog\/wp-content\/uploads\/2021\/03\/carro.jpg\" \/>\n\t<meta property=\"og:image:width\" content=\"1024\" \/>\n\t<meta property=\"og:image:height\" content=\"684\" \/>\n\t<meta property=\"og:image:type\" content=\"image\/jpeg\" \/>\n<meta name=\"author\" content=\"Fred\" \/>\n<meta name=\"twitter:card\" content=\"summary_large_image\" \/>\n<meta name=\"twitter:creator\" content=\"@comprecar\" \/>\n<meta name=\"twitter:site\" content=\"@comprecar\" \/>\n<meta name=\"twitter:label1\" content=\"Escrito por\" \/>\n\t<meta name=\"twitter:data1\" content=\"Fred\" \/>\n\t<meta name=\"twitter:label2\" content=\"Est. tempo de leitura\" \/>\n\t<meta name=\"twitter:data2\" content=\"4 minutos\" \/>\n<script type=\"application\/ld+json\" class=\"yoast-schema-graph\">{\"@context\":\"https:\\\/\\\/schema.org\",\"@graph\":[{\"@type\":\"Article\",\"@id\":\"https:\\\/\\\/www.comprecar.com.br\\\/blog\\\/transferencia-de-veiculo-guia-definitivo-para-evitar-dores-de-cabeca\\\/#article\",\"isPartOf\":{\"@id\":\"https:\\\/\\\/www.comprecar.com.br\\\/blog\\\/transferencia-de-veiculo-guia-definitivo-para-evitar-dores-de-cabeca\\\/\"},\"author\":{\"name\":\"Fred\",\"@id\":\"https:\\\/\\\/www.comprecar.com.br\\\/blog\\\/#\\\/schema\\\/person\\\/005f0c51a8f4069103b2546fb9de78bb\"},\"headline\":\"Transfer\u00eancia de ve\u00edculo: guia definitivo para evitar dores de cabe\u00e7a\",\"datePublished\":\"2021-03-30T14:03:39+00:00\",\"dateModified\":\"2024-06-26T07:26:18+00:00\",\"mainEntityOfPage\":{\"@id\":\"https:\\\/\\\/www.comprecar.com.br\\\/blog\\\/transferencia-de-veiculo-guia-definitivo-para-evitar-dores-de-cabeca\\\/\"},\"wordCount\":757,\"commentCount\":0,\"publisher\":{\"@id\":\"https:\\\/\\\/www.comprecar.com.br\\\/blog\\\/#organization\"},\"image\":{\"@id\":\"https:\\\/\\\/www.comprecar.com.br\\\/blog\\\/transferencia-de-veiculo-guia-definitivo-para-evitar-dores-de-cabeca\\\/#primaryimage\"},\"thumbnailUrl\":\"https:\\\/\\\/www.comprecar.com.br\\\/blog\\\/wp-content\\\/uploads\\\/2021\\\/03\\\/carro.jpg\",\"keywords\":[\"Transfer\u00eancia de ve\u00edculo\"],\"articleSection\":[\"Carros\"],\"inLanguage\":\"pt-BR\",\"potentialAction\":[{\"@type\":\"CommentAction\",\"name\":\"Comment\",\"target\":[\"https:\\\/\\\/www.comprecar.com.br\\\/blog\\\/transferencia-de-veiculo-guia-definitivo-para-evitar-dores-de-cabeca\\\/#respond\"]}]},{\"@type\":\"WebPage\",\"@id\":\"https:\\\/\\\/www.comprecar.com.br\\\/blog\\\/transferencia-de-veiculo-guia-definitivo-para-evitar-dores-de-cabeca\\\/\",\"url\":\"https:\\\/\\\/www.comprecar.com.br\\\/blog\\\/transferencia-de-veiculo-guia-definitivo-para-evitar-dores-de-cabeca\\\/\",\"name\":\"Transfer\u00eancia de ve\u00edculo: guia definitivo para evitar dores de cabe\u00e7a - Blog Comprecar: Guia Completo para Comprar, Vender e Cuidar do seu Carro\",\"isPartOf\":{\"@id\":\"https:\\\/\\\/www.comprecar.com.br\\\/blog\\\/#website\"},\"primaryImageOfPage\":{\"@id\":\"https:\\\/\\\/www.comprecar.com.br\\\/blog\\\/transferencia-de-veiculo-guia-definitivo-para-evitar-dores-de-cabeca\\\/#primaryimage\"},\"image\":{\"@id\":\"https:\\\/\\\/www.comprecar.com.br\\\/blog\\\/transferencia-de-veiculo-guia-definitivo-para-evitar-dores-de-cabeca\\\/#primaryimage\"},\"thumbnailUrl\":\"https:\\\/\\\/www.comprecar.com.br\\\/blog\\\/wp-content\\\/uploads\\\/2021\\\/03\\\/carro.jpg\",\"datePublished\":\"2021-03-30T14:03:39+00:00\",\"dateModified\":\"2024-06-26T07:26:18+00:00\",\"breadcrumb\":{\"@id\":\"https:\\\/\\\/www.comprecar.com.br\\\/blog\\\/transferencia-de-veiculo-guia-definitivo-para-evitar-dores-de-cabeca\\\/#breadcrumb\"},\"inLanguage\":\"pt-BR\",\"potentialAction\":[{\"@type\":\"ReadAction\",\"target\":[\"https:\\\/\\\/www.comprecar.com.br\\\/blog\\\/transferencia-de-veiculo-guia-definitivo-para-evitar-dores-de-cabeca\\\/\"]}]},{\"@type\":\"ImageObject\",\"inLanguage\":\"pt-BR\",\"@id\":\"https:\\\/\\\/www.comprecar.com.br\\\/blog\\\/transferencia-de-veiculo-guia-definitivo-para-evitar-dores-de-cabeca\\\/#primaryimage\",\"url\":\"https:\\\/\\\/www.comprecar.com.br\\\/blog\\\/wp-content\\\/uploads\\\/2021\\\/03\\\/carro.jpg\",\"contentUrl\":\"https:\\\/\\\/www.comprecar.com.br\\\/blog\\\/wp-content\\\/uploads\\\/2021\\\/03\\\/carro.jpg\",\"width\":1024,\"height\":684,\"caption\":\"carro\"},{\"@type\":\"BreadcrumbList\",\"@id\":\"https:\\\/\\\/www.comprecar.com.br\\\/blog\\\/transferencia-de-veiculo-guia-definitivo-para-evitar-dores-de-cabeca\\\/#breadcrumb\",\"itemListElement\":[{\"@type\":\"ListItem\",\"position\":1,\"name\":\"In\u00edcio\",\"item\":\"https:\\\/\\\/www.comprecar.com.br\\\/blog\\\/\"},{\"@type\":\"ListItem\",\"position\":2,\"name\":\"Transfer\u00eancia de ve\u00edculo: guia definitivo para evitar dores de cabe\u00e7a\"}]},{\"@type\":\"WebSite\",\"@id\":\"https:\\\/\\\/www.comprecar.com.br\\\/blog\\\/#website\",\"url\":\"https:\\\/\\\/www.comprecar.com.br\\\/blog\\\/\",\"name\":\"Blog Comprecar: Guia Completo para Comprar, Vender e Cuidar do seu Carro\",\"description\":\"Fique por dentro das \u00faltimas not\u00edcias do mercado, guias de manuten\u00e7\u00e3o e dicas essenciais para comprar ou vender seu ve\u00edculo. Acesse o Blog Comprecar e acelere seu conhecimento!\",\"publisher\":{\"@id\":\"https:\\\/\\\/www.comprecar.com.br\\\/blog\\\/#organization\"},\"potentialAction\":[{\"@type\":\"SearchAction\",\"target\":{\"@type\":\"EntryPoint\",\"urlTemplate\":\"https:\\\/\\\/www.comprecar.com.br\\\/blog\\\/?s={search_term_string}\"},\"query-input\":{\"@type\":\"PropertyValueSpecification\",\"valueRequired\":true,\"valueName\":\"search_term_string\"}}],\"inLanguage\":\"pt-BR\"},{\"@type\":\"Organization\",\"@id\":\"https:\\\/\\\/www.comprecar.com.br\\\/blog\\\/#organization\",\"name\":\"Comprecar\",\"url\":\"https:\\\/\\\/www.comprecar.com.br\\\/blog\\\/\",\"logo\":{\"@type\":\"ImageObject\",\"inLanguage\":\"pt-BR\",\"@id\":\"https:\\\/\\\/www.comprecar.com.br\\\/blog\\\/#\\\/schema\\\/logo\\\/image\\\/\",\"url\":\"https:\\\/\\\/www.comprecar.com.br\\\/blog\\\/wp-content\\\/uploads\\\/2021\\\/02\\\/Logo-comprecar-2020.png\",\"contentUrl\":\"https:\\\/\\\/www.comprecar.com.br\\\/blog\\\/wp-content\\\/uploads\\\/2021\\\/02\\\/Logo-comprecar-2020.png\",\"width\":1896,\"height\":504,\"caption\":\"Comprecar\"},\"image\":{\"@id\":\"https:\\\/\\\/www.comprecar.com.br\\\/blog\\\/#\\\/schema\\\/logo\\\/image\\\/\"},\"sameAs\":[\"https:\\\/\\\/www.facebook.com\\\/Comprecar\",\"https:\\\/\\\/x.com\\\/comprecar\",\"https:\\\/\\\/www.instagram.com\\\/comprecar\"]},{\"@type\":\"Person\",\"@id\":\"https:\\\/\\\/www.comprecar.com.br\\\/blog\\\/#\\\/schema\\\/person\\\/005f0c51a8f4069103b2546fb9de78bb\",\"name\":\"Fred\",\"image\":{\"@type\":\"ImageObject\",\"inLanguage\":\"pt-BR\",\"@id\":\"https:\\\/\\\/secure.gravatar.com\\\/avatar\\\/5d9633b5fd5f086a0d21824763ff62caa933616c7e8525c39357d3ebf950f257?s=96&d=mm&r=g\",\"url\":\"https:\\\/\\\/secure.gravatar.com\\\/avatar\\\/5d9633b5fd5f086a0d21824763ff62caa933616c7e8525c39357d3ebf950f257?s=96&d=mm&r=g\",\"contentUrl\":\"https:\\\/\\\/secure.gravatar.com\\\/avatar\\\/5d9633b5fd5f086a0d21824763ff62caa933616c7e8525c39357d3ebf950f257?s=96&d=mm&r=g\",\"caption\":\"Fred\"},\"description\":\"Fred \u00e9 empres\u00e1rio e atua h\u00e1 mais de duas d\u00e9cadas no mercado automotivo digital. \u00c9 fundador do Comprecar, plataforma criada em 2001 com o objetivo de conectar compradores e vendedores de ve\u00edculos, com forte presen\u00e7a nas cidades do interior do estado de S\u00e3o Paulo. Ao longo de sua trajet\u00f3ria, acumulou experi\u00eancia em marketing digital, tr\u00e1fego pago, SEO e estrat\u00e9gias de convers\u00e3o, sempre com foco em gerar resultados reais para anunciantes \u2014 especialmente na capta\u00e7\u00e3o de leads qualificados. Seu trabalho \u00e9 voltado para transformar o processo de compra e venda de ve\u00edculos em algo mais direto, transparente e eficiente, aproximando pessoas interessadas em negociar. Al\u00e9m da atua\u00e7\u00e3o empresarial, tamb\u00e9m desenvolve conte\u00fados voltados ao universo automotivo, abordando desde oportunidades de compra at\u00e9 an\u00e1lises de mercado, sempre com foco em ajudar o p\u00fablico a tomar decis\u00f5es mais seguras.\",\"sameAs\":[\"https:\\\/\\\/www.comprecar.com.br\",\"https:\\\/\\\/www.instagram.com\\\/fredbittar\\\/\",\"https:\\\/\\\/www.linkedin.com\\\/in\\\/fred-bittar-a0286b30\\\/\"],\"url\":\"https:\\\/\\\/www.comprecar.com.br\\\/blog\\\/author\\\/fred\\\/\"}]}<\/script>\n<!-- \/ Yoast SEO plugin. -->","yoast_head_json":{"title":"Transfer\u00eancia de ve\u00edculo: guia definitivo para evitar dores de cabe\u00e7a - Blog Comprecar: Guia Completo para Comprar, Vender e Cuidar do seu Carro","robots":{"index":"index","follow":"follow","max-snippet":"max-snippet:-1","max-image-preview":"max-image-preview:large","max-video-preview":"max-video-preview:-1"},"canonical":"https:\/\/www.comprecar.com.br\/blog\/transferencia-de-veiculo-guia-definitivo-para-evitar-dores-de-cabeca\/","og_locale":"pt_BR","og_type":"article","og_title":"Transfer\u00eancia de ve\u00edculo: guia definitivo para evitar dores de cabe\u00e7a - Blog Comprecar: Guia Completo para Comprar, Vender e Cuidar do seu Carro","og_description":"Vender ou comprar um ve\u00edculo \u00e9 um momento muito animador para ambas as partes envolvidas na transa\u00e7\u00e3o, mas toda essa anima\u00e7\u00e3o pode ir por \u00e1gua abaixo quando percebemos a tamanha burocracia envolvida em todo o processo.&nbsp;","og_url":"https:\/\/www.comprecar.com.br\/blog\/transferencia-de-veiculo-guia-definitivo-para-evitar-dores-de-cabeca\/","og_site_name":"Blog Comprecar: Guia Completo para Comprar, Vender e Cuidar do seu Carro","article_publisher":"https:\/\/www.facebook.com\/Comprecar","article_published_time":"2021-03-30T14:03:39+00:00","article_modified_time":"2024-06-26T07:26:18+00:00","og_image":[{"width":1024,"height":684,"url":"https:\/\/www.comprecar.com.br\/blog\/wp-content\/uploads\/2021\/03\/carro.jpg","type":"image\/jpeg"}],"author":"Fred","twitter_card":"summary_large_image","twitter_creator":"@comprecar","twitter_site":"@comprecar","twitter_misc":{"Escrito por":"Fred","Est. tempo de leitura":"4 minutos"},"schema":{"@context":"https:\/\/schema.org","@graph":[{"@type":"Article","@id":"https:\/\/www.comprecar.com.br\/blog\/transferencia-de-veiculo-guia-definitivo-para-evitar-dores-de-cabeca\/#article","isPartOf":{"@id":"https:\/\/www.comprecar.com.br\/blog\/transferencia-de-veiculo-guia-definitivo-para-evitar-dores-de-cabeca\/"},"author":{"name":"Fred","@id":"https:\/\/www.comprecar.com.br\/blog\/#\/schema\/person\/005f0c51a8f4069103b2546fb9de78bb"},"headline":"Transfer\u00eancia de ve\u00edculo: guia definitivo para evitar dores de cabe\u00e7a","datePublished":"2021-03-30T14:03:39+00:00","dateModified":"2024-06-26T07:26:18+00:00","mainEntityOfPage":{"@id":"https:\/\/www.comprecar.com.br\/blog\/transferencia-de-veiculo-guia-definitivo-para-evitar-dores-de-cabeca\/"},"wordCount":757,"commentCount":0,"publisher":{"@id":"https:\/\/www.comprecar.com.br\/blog\/#organization"},"image":{"@id":"https:\/\/www.comprecar.com.br\/blog\/transferencia-de-veiculo-guia-definitivo-para-evitar-dores-de-cabeca\/#primaryimage"},"thumbnailUrl":"https:\/\/www.comprecar.com.br\/blog\/wp-content\/uploads\/2021\/03\/carro.jpg","keywords":["Transfer\u00eancia de ve\u00edculo"],"articleSection":["Carros"],"inLanguage":"pt-BR","potentialAction":[{"@type":"CommentAction","name":"Comment","target":["https:\/\/www.comprecar.com.br\/blog\/transferencia-de-veiculo-guia-definitivo-para-evitar-dores-de-cabeca\/#respond"]}]},{"@type":"WebPage","@id":"https:\/\/www.comprecar.com.br\/blog\/transferencia-de-veiculo-guia-definitivo-para-evitar-dores-de-cabeca\/","url":"https:\/\/www.comprecar.com.br\/blog\/transferencia-de-veiculo-guia-definitivo-para-evitar-dores-de-cabeca\/","name":"Transfer\u00eancia de ve\u00edculo: guia definitivo para evitar dores de cabe\u00e7a - Blog Comprecar: Guia Completo para Comprar, Vender e Cuidar do seu Carro","isPartOf":{"@id":"https:\/\/www.comprecar.com.br\/blog\/#website"},"primaryImageOfPage":{"@id":"https:\/\/www.comprecar.com.br\/blog\/transferencia-de-veiculo-guia-definitivo-para-evitar-dores-de-cabeca\/#primaryimage"},"image":{"@id":"https:\/\/www.comprecar.com.br\/blog\/transferencia-de-veiculo-guia-definitivo-para-evitar-dores-de-cabeca\/#primaryimage"},"thumbnailUrl":"https:\/\/www.comprecar.com.br\/blog\/wp-content\/uploads\/2021\/03\/carro.jpg","datePublished":"2021-03-30T14:03:39+00:00","dateModified":"2024-06-26T07:26:18+00:00","breadcrumb":{"@id":"https:\/\/www.comprecar.com.br\/blog\/transferencia-de-veiculo-guia-definitivo-para-evitar-dores-de-cabeca\/#breadcrumb"},"inLanguage":"pt-BR","potentialAction":[{"@type":"ReadAction","target":["https:\/\/www.comprecar.com.br\/blog\/transferencia-de-veiculo-guia-definitivo-para-evitar-dores-de-cabeca\/"]}]},{"@type":"ImageObject","inLanguage":"pt-BR","@id":"https:\/\/www.comprecar.com.br\/blog\/transferencia-de-veiculo-guia-definitivo-para-evitar-dores-de-cabeca\/#primaryimage","url":"https:\/\/www.comprecar.com.br\/blog\/wp-content\/uploads\/2021\/03\/carro.jpg","contentUrl":"https:\/\/www.comprecar.com.br\/blog\/wp-content\/uploads\/2021\/03\/carro.jpg","width":1024,"height":684,"caption":"carro"},{"@type":"BreadcrumbList","@id":"https:\/\/www.comprecar.com.br\/blog\/transferencia-de-veiculo-guia-definitivo-para-evitar-dores-de-cabeca\/#breadcrumb","itemListElement":[{"@type":"ListItem","position":1,"name":"In\u00edcio","item":"https:\/\/www.comprecar.com.br\/blog\/"},{"@type":"ListItem","position":2,"name":"Transfer\u00eancia de ve\u00edculo: guia definitivo para evitar dores de cabe\u00e7a"}]},{"@type":"WebSite","@id":"https:\/\/www.comprecar.com.br\/blog\/#website","url":"https:\/\/www.comprecar.com.br\/blog\/","name":"Blog Comprecar: Guia Completo para Comprar, Vender e Cuidar do seu Carro","description":"Fique por dentro das \u00faltimas not\u00edcias do mercado, guias de manuten\u00e7\u00e3o e dicas essenciais para comprar ou vender seu ve\u00edculo. Acesse o Blog Comprecar e acelere seu conhecimento!","publisher":{"@id":"https:\/\/www.comprecar.com.br\/blog\/#organization"},"potentialAction":[{"@type":"SearchAction","target":{"@type":"EntryPoint","urlTemplate":"https:\/\/www.comprecar.com.br\/blog\/?s={search_term_string}"},"query-input":{"@type":"PropertyValueSpecification","valueRequired":true,"valueName":"search_term_string"}}],"inLanguage":"pt-BR"},{"@type":"Organization","@id":"https:\/\/www.comprecar.com.br\/blog\/#organization","name":"Comprecar","url":"https:\/\/www.comprecar.com.br\/blog\/","logo":{"@type":"ImageObject","inLanguage":"pt-BR","@id":"https:\/\/www.comprecar.com.br\/blog\/#\/schema\/logo\/image\/","url":"https:\/\/www.comprecar.com.br\/blog\/wp-content\/uploads\/2021\/02\/Logo-comprecar-2020.png","contentUrl":"https:\/\/www.comprecar.com.br\/blog\/wp-content\/uploads\/2021\/02\/Logo-comprecar-2020.png","width":1896,"height":504,"caption":"Comprecar"},"image":{"@id":"https:\/\/www.comprecar.com.br\/blog\/#\/schema\/logo\/image\/"},"sameAs":["https:\/\/www.facebook.com\/Comprecar","https:\/\/x.com\/comprecar","https:\/\/www.instagram.com\/comprecar"]},{"@type":"Person","@id":"https:\/\/www.comprecar.com.br\/blog\/#\/schema\/person\/005f0c51a8f4069103b2546fb9de78bb","name":"Fred","image":{"@type":"ImageObject","inLanguage":"pt-BR","@id":"https:\/\/secure.gravatar.com\/avatar\/5d9633b5fd5f086a0d21824763ff62caa933616c7e8525c39357d3ebf950f257?s=96&d=mm&r=g","url":"https:\/\/secure.gravatar.com\/avatar\/5d9633b5fd5f086a0d21824763ff62caa933616c7e8525c39357d3ebf950f257?s=96&d=mm&r=g","contentUrl":"https:\/\/secure.gravatar.com\/avatar\/5d9633b5fd5f086a0d21824763ff62caa933616c7e8525c39357d3ebf950f257?s=96&d=mm&r=g","caption":"Fred"},"description":"Fred \u00e9 empres\u00e1rio e atua h\u00e1 mais de duas d\u00e9cadas no mercado automotivo digital. \u00c9 fundador do Comprecar, plataforma criada em 2001 com o objetivo de conectar compradores e vendedores de ve\u00edculos, com forte presen\u00e7a nas cidades do interior do estado de S\u00e3o Paulo. Ao longo de sua trajet\u00f3ria, acumulou experi\u00eancia em marketing digital, tr\u00e1fego pago, SEO e estrat\u00e9gias de convers\u00e3o, sempre com foco em gerar resultados reais para anunciantes \u2014 especialmente na capta\u00e7\u00e3o de leads qualificados. Seu trabalho \u00e9 voltado para transformar o processo de compra e venda de ve\u00edculos em algo mais direto, transparente e eficiente, aproximando pessoas interessadas em negociar. Al\u00e9m da atua\u00e7\u00e3o empresarial, tamb\u00e9m desenvolve conte\u00fados voltados ao universo automotivo, abordando desde oportunidades de compra at\u00e9 an\u00e1lises de mercado, sempre com foco em ajudar o p\u00fablico a tomar decis\u00f5es mais seguras.","sameAs":["https:\/\/www.comprecar.com.br","https:\/\/www.instagram.com\/fredbittar\/","https:\/\/www.linkedin.com\/in\/fred-bittar-a0286b30\/"],"url":"https:\/\/www.comprecar.com.br\/blog\/author\/fred\/"}]}},"_links":{"self":[{"href":"https:\/\/www.comprecar.com.br\/blog\/wp-json\/wp\/v2\/posts\/436","targetHints":{"allow":["GET"]}}],"collection":[{"href":"https:\/\/www.comprecar.com.br\/blog\/wp-json\/wp\/v2\/posts"}],"about":[{"href":"https:\/\/www.comprecar.com.br\/blog\/wp-json\/wp\/v2\/types\/post"}],"author":[{"embeddable":true,"href":"https:\/\/www.comprecar.com.br\/blog\/wp-json\/wp\/v2\/users\/1"}],"replies":[{"embeddable":true,"href":"https:\/\/www.comprecar.com.br\/blog\/wp-json\/wp\/v2\/comments?post=436"}],"version-history":[{"count":2,"href":"https:\/\/www.comprecar.com.br\/blog\/wp-json\/wp\/v2\/posts\/436\/revisions"}],"predecessor-version":[{"id":1259,"href":"https:\/\/www.comprecar.com.br\/blog\/wp-json\/wp\/v2\/posts\/436\/revisions\/1259"}],"wp:featuredmedia":[{"embeddable":true,"href":"https:\/\/www.comprecar.com.br\/blog\/wp-json\/wp\/v2\/media\/437"}],"wp:attachment":[{"href":"https:\/\/www.comprecar.com.br\/blog\/wp-json\/wp\/v2\/media?parent=436"}],"wp:term":[{"taxonomy":"category","embeddable":true,"href":"https:\/\/www.comprecar.com.br\/blog\/wp-json\/wp\/v2\/categories?post=436"},{"taxonomy":"post_tag","embeddable":true,"href":"https:\/\/www.comprecar.com.br\/blog\/wp-json\/wp\/v2\/tags?post=436"}],"curies":[{"name":"wp","href":"https:\/\/api.w.org\/{rel}","templated":true}]}}