{"id":798,"date":"2022-05-03T13:09:49","date_gmt":"2022-05-03T16:09:49","guid":{"rendered":"https:\/\/www.comprecar.com.br\/blog\/?p=798"},"modified":"2022-07-16T16:15:50","modified_gmt":"2022-07-16T19:15:50","slug":"os-10-carros-mais-vendidos-2020","status":"publish","type":"post","link":"https:\/\/www.comprecar.com.br\/blog\/os-10-carros-mais-vendidos-2020\/","title":{"rendered":"Os 10 carros mais vendidos em 2020"},"content":{"rendered":"\n<p>Os modelos de carros mais vendidos no ano de 2020 contam com op\u00e7\u00f5es da Chevrolet, Hyundai, Fiat, Volkswagen, Ford e Jeep.&nbsp;<\/p>\n\n\n\n<p>Confira, neste artigo, os modelos que ganharam destaque em vendas nesse ano.<\/p>\n\n\n\n<!--more-->\n\n\n\n<h2 class=\"wp-block-heading\"><strong>Os carros mais vendidos de 2020<\/strong><\/h2>\n\n\n\n<p>Saiba quais foram os carros mais vendidos em 2020:<\/p>\n\n\n\n<h3 class=\"wp-block-heading\">1. <a href=\"https:\/\/www.comprecar.com.br\/onix\" target=\"_blank\" rel=\"noreferrer noopener\"><strong>Chevrolet Onix<\/strong><\/a><\/h3>\n\n\n\n<p>O Chevrolet Onix foi o carro mais vendido de 2020, com uma diferen\u00e7a muito grande de unidade para o segundo colocado. Foram 135.351 unidades vendidas em 2020. O ve\u00edculo pode ser adquirido nas vers\u00f5es 0km, a partir de R$ 48.490,00.<\/p>\n\n\n\n<h3 class=\"wp-block-heading\">2. <a href=\"https:\/\/www.comprecar.com.br\/hb20\" target=\"_blank\" rel=\"noreferrer noopener\"><strong>Hyundai HB20<\/strong><\/a><\/h3>\n\n\n\n<p>Em segundo lugar, temos o Hyundai HB20, com 86.548 unidades vendidas. Em 2020, o modelo recebeu uma atualiza\u00e7\u00e3o no design e continuou caindo no gosto dos brasileiros. O valor do modelo 2020 custa a partir de R$ 46.490,00.<\/p>\n\n\n\n<h3 class=\"wp-block-heading\">3. <a href=\"https:\/\/www.comprecar.com.br\/onix\" target=\"_blank\" rel=\"noreferrer noopener\"><strong>Chevrolet Onix Plus<\/strong><\/a><\/h3>\n\n\n\n<p>O Onix Plus, da Chevrolet, ficou pouco mais de 3 mil unidades atr\u00e1s do segundo lugar, com uma venda de 83.392 unidades no ano passado. O modelo 2020 conta com um porta-malas maior e pode ser encontrado a partir de R$ 61.790,00 na vers\u00e3o 0km.<\/p>\n\n\n\n<h3 class=\"wp-block-heading\">4. <a href=\"https:\/\/www.comprecar.com.br\/strada\" target=\"_blank\" rel=\"noreferrer noopener\"><strong>Fiat Strada<\/strong><\/a><\/h3>\n\n\n\n<p>J\u00e1 o Fiat Strada, contou com 80.041 vendas no ano de 2020. Esse modelo teve um desempenho surpreendente e \u00e9 um dos grandes sucessos da Fiat. Os consumidores podem encontrar a vers\u00e3o 2020 do novo modelo a partir de R$ 65.990,00.<\/p>\n\n\n\n<h3 class=\"wp-block-heading\">5. <a href=\"https:\/\/www.comprecar.com.br\/gol\" target=\"_blank\" rel=\"noreferrer noopener\"><strong>Volkswagen Gol<\/strong><\/a><\/h3>\n\n\n\n<p>Queridinho dos brasileiros, o Volkswagen Gol ocupa a quinta posi\u00e7\u00e3o, com 71.151 unidades vendidas. O famoso Gol j\u00e1 foi o n\u00famero 1 em vendas no Brasil, mas continua se mantendo no top 10. Atualmente, a vers\u00e3o de 2020 0km pode ser encontrada a partir de R$ 46.320,00.<\/p>\n\n\n\n<h3 class=\"wp-block-heading\">6. <a href=\"https:\/\/www.comprecar.com.br\/ford-ka\" target=\"_blank\" rel=\"noreferrer noopener\"><strong>Ford Ka<\/strong><\/a><\/h3>\n\n\n\n<p>Outro modelo conhecido aqui no Brasil \u00e9 o Ford Ka, que teve 67.491 unidades comercializadas em 2020. \u00danico modelo da Ford a estar entre os top 10 mais vendidos, o Ka continua sendo um compacto de alto custo-benef\u00edcio. O modelo 2020 custa a partir de R$ 56.990,00 na vers\u00e3o 0km.<\/p>\n\n\n\n<h3 class=\"wp-block-heading\">7. <a href=\"https:\/\/www.comprecar.com.br\/fiat-argo\" target=\"_blank\" rel=\"noreferrer noopener\"><strong>Fiat Argo<\/strong><\/a><\/h3>\n\n\n\n<p>O segundo carro da fabricante italiana a ocupar o top 10 carros mais vendidos em 2020 \u00e9 o Fiat Argo, com 65.937 unidades vendidas. O <em>hatch<\/em> conta com diversas features e pode ser encontrado a partir de R$ 54.290,00 na vers\u00e3o 2020 do modelo novo.<\/p>\n\n\n\n<h3 class=\"wp-block-heading\">8. <a href=\"https:\/\/www.comprecar.com.br\/volkswagen-t-cross\" target=\"_blank\" rel=\"noreferrer noopener\"><strong>Volkswagen T-Cross<\/strong><\/a><\/h3>\n\n\n\n<p>O Volkswagen T-Cross ocupa a oitava posi\u00e7\u00e3o, com 60.119 vendas. O ve\u00edculo \u00e9 potente e robusto, e as vers\u00f5es variam de R$ 69.990,00 no modelo de entrada, chegando a R$ 122.990,00 no modelo topo de linha.<\/p>\n\n\n\n<h3 class=\"wp-block-heading\">9. <a href=\"https:\/\/www.comprecar.com.br\/jeep-renegade\" target=\"_blank\" rel=\"noreferrer noopener\"><strong>Jeep Renegade<\/strong><\/a><\/h3>\n\n\n\n<p>J\u00e1 o aventureiro Jeep Renegade est\u00e1 na nona coloca\u00e7\u00e3o na lista dos carros mais vendidos em 2020, com 56.865 unidades vendidas. O modelo de alta popularidade aqui no Brasil se destaca por sua robustez e pode ser encontrado, no modelo 2020, a partir de R$ 69.990,00.<\/p>\n\n\n\n<h3 class=\"wp-block-heading\">10. <a href=\"https:\/\/www.comprecar.com.br\/fiat-toro\" target=\"_blank\" rel=\"noreferrer noopener\"><strong>Fiat Toro<\/strong><\/a><\/h3>\n\n\n\n<p>Por fim, outro modelo da Fiat se destaca entre os mais vendidos. Estamos falando do Fiat Toro, que teve 53.974 unidades vendidas. O ve\u00edculo \u00e9 vendido a partir de R$ 100.990,00, na vers\u00e3o 0km de 2020.<\/p>\n\n\n\n<p>O Comprecar \u00e9 um classificado on-line de <a href=\"https:\/\/www.comprecar.com.br\/\" target=\"_blank\" rel=\"noreferrer noopener\">carros usados<\/a>. Continue no site e conhe\u00e7a todas as op\u00e7\u00f5es dispon\u00edveis!<\/p>\n\n\n\n<p>Confira tamb\u00e9m: <a href=\"https:\/\/www.comprecar.com.br\/palio\" target=\"_blank\" rel=\"noreferrer noopener\">Carro Fiat Palio<\/a><\/p>\n","protected":false},"excerpt":{"rendered":"<p>Os modelos de carros mais vendidos no ano de 2020 contam com op\u00e7\u00f5es da Chevrolet, Hyundai, Fiat, Volkswagen, Ford e Jeep.&nbsp; Confira, neste artigo, os modelos que ganharam destaque em vendas nesse ano.<\/p>\n","protected":false},"author":1,"featured_media":799,"comment_status":"open","ping_status":"open","sticky":false,"template":"","format":"standard","meta":{"_kad_post_transparent":"","_kad_post_title":"","_kad_post_layout":"","_kad_post_sidebar_id":"","_kad_post_content_style":"","_kad_post_vertical_padding":"","_kad_post_feature":"","_kad_post_feature_position":"","_kad_post_header":false,"_kad_post_footer":false,"_kad_post_classname":"","footnotes":""},"categories":[74,75],"tags":[68,190,189,64,179],"class_list":["post-798","post","type-post","status-publish","format-standard","has-post-thumbnail","hentry","category-carros","category-compra-e-venda","tag-carros","tag-carros-2020","tag-carros-mais-vendidos","tag-carros-usados","tag-onix"],"yoast_head":"<!-- This site is optimized with the Yoast SEO plugin v27.3 - https:\/\/yoast.com\/product\/yoast-seo-wordpress\/ -->\n<title>Os 10 carros mais vendidos em 2020<\/title>\n<meta name=\"description\" content=\"O Onix, o HB20 e o Onix Plus ocupam o p\u00f3dio dos carros mais vendidos de 2020. Confira o top 10!\" \/>\n<meta name=\"robots\" content=\"index, follow, max-snippet:-1, max-image-preview:large, max-video-preview:-1\" \/>\n<link rel=\"canonical\" href=\"https:\/\/www.comprecar.com.br\/blog\/os-10-carros-mais-vendidos-2020\/\" \/>\n<meta property=\"og:locale\" content=\"pt_BR\" \/>\n<meta property=\"og:type\" content=\"article\" \/>\n<meta property=\"og:title\" content=\"Os 10 carros mais vendidos em 2020\" \/>\n<meta property=\"og:description\" content=\"O Onix, o HB20 e o Onix Plus ocupam o p\u00f3dio dos carros mais vendidos de 2020. Confira o top 10!\" \/>\n<meta property=\"og:url\" content=\"https:\/\/www.comprecar.com.br\/blog\/os-10-carros-mais-vendidos-2020\/\" \/>\n<meta property=\"og:site_name\" content=\"Blog Comprecar: Guia Completo para Comprar, Vender e Cuidar do seu Carro\" \/>\n<meta property=\"article:publisher\" content=\"https:\/\/www.facebook.com\/Comprecar\" \/>\n<meta property=\"article:published_time\" content=\"2022-05-03T16:09:49+00:00\" \/>\n<meta property=\"article:modified_time\" content=\"2022-07-16T19:15:50+00:00\" \/>\n<meta property=\"og:image\" content=\"https:\/\/www.comprecar.com.br\/blog\/wp-content\/uploads\/2022\/05\/carros-mais-vendidos-em-2020.jpg\" \/>\n\t<meta property=\"og:image:width\" content=\"1500\" \/>\n\t<meta property=\"og:image:height\" content=\"844\" \/>\n\t<meta property=\"og:image:type\" content=\"image\/jpeg\" \/>\n<meta name=\"author\" content=\"Fred\" \/>\n<meta name=\"twitter:card\" content=\"summary_large_image\" \/>\n<meta name=\"twitter:creator\" content=\"@comprecar\" \/>\n<meta name=\"twitter:site\" content=\"@comprecar\" \/>\n<meta name=\"twitter:label1\" content=\"Escrito por\" \/>\n\t<meta name=\"twitter:data1\" content=\"Fred\" \/>\n\t<meta name=\"twitter:label2\" content=\"Est. tempo de leitura\" \/>\n\t<meta name=\"twitter:data2\" content=\"3 minutos\" \/>\n<script type=\"application\/ld+json\" class=\"yoast-schema-graph\">{\"@context\":\"https:\\\/\\\/schema.org\",\"@graph\":[{\"@type\":\"Article\",\"@id\":\"https:\\\/\\\/www.comprecar.com.br\\\/blog\\\/os-10-carros-mais-vendidos-2020\\\/#article\",\"isPartOf\":{\"@id\":\"https:\\\/\\\/www.comprecar.com.br\\\/blog\\\/os-10-carros-mais-vendidos-2020\\\/\"},\"author\":{\"name\":\"Fred\",\"@id\":\"https:\\\/\\\/www.comprecar.com.br\\\/blog\\\/#\\\/schema\\\/person\\\/005f0c51a8f4069103b2546fb9de78bb\"},\"headline\":\"Os 10 carros mais vendidos em 2020\",\"datePublished\":\"2022-05-03T16:09:49+00:00\",\"dateModified\":\"2022-07-16T19:15:50+00:00\",\"mainEntityOfPage\":{\"@id\":\"https:\\\/\\\/www.comprecar.com.br\\\/blog\\\/os-10-carros-mais-vendidos-2020\\\/\"},\"wordCount\":496,\"commentCount\":0,\"publisher\":{\"@id\":\"https:\\\/\\\/www.comprecar.com.br\\\/blog\\\/#organization\"},\"image\":{\"@id\":\"https:\\\/\\\/www.comprecar.com.br\\\/blog\\\/os-10-carros-mais-vendidos-2020\\\/#primaryimage\"},\"thumbnailUrl\":\"https:\\\/\\\/www.comprecar.com.br\\\/blog\\\/wp-content\\\/uploads\\\/2022\\\/05\\\/carros-mais-vendidos-em-2020.jpg\",\"keywords\":[\"carros\",\"carros 2020\",\"carros mais vendidos\",\"carros usados\",\"Onix\"],\"articleSection\":[\"Carros\",\"Compra e Venda\"],\"inLanguage\":\"pt-BR\",\"potentialAction\":[{\"@type\":\"CommentAction\",\"name\":\"Comment\",\"target\":[\"https:\\\/\\\/www.comprecar.com.br\\\/blog\\\/os-10-carros-mais-vendidos-2020\\\/#respond\"]}]},{\"@type\":\"WebPage\",\"@id\":\"https:\\\/\\\/www.comprecar.com.br\\\/blog\\\/os-10-carros-mais-vendidos-2020\\\/\",\"url\":\"https:\\\/\\\/www.comprecar.com.br\\\/blog\\\/os-10-carros-mais-vendidos-2020\\\/\",\"name\":\"Os 10 carros mais vendidos em 2020\",\"isPartOf\":{\"@id\":\"https:\\\/\\\/www.comprecar.com.br\\\/blog\\\/#website\"},\"primaryImageOfPage\":{\"@id\":\"https:\\\/\\\/www.comprecar.com.br\\\/blog\\\/os-10-carros-mais-vendidos-2020\\\/#primaryimage\"},\"image\":{\"@id\":\"https:\\\/\\\/www.comprecar.com.br\\\/blog\\\/os-10-carros-mais-vendidos-2020\\\/#primaryimage\"},\"thumbnailUrl\":\"https:\\\/\\\/www.comprecar.com.br\\\/blog\\\/wp-content\\\/uploads\\\/2022\\\/05\\\/carros-mais-vendidos-em-2020.jpg\",\"datePublished\":\"2022-05-03T16:09:49+00:00\",\"dateModified\":\"2022-07-16T19:15:50+00:00\",\"description\":\"O Onix, o HB20 e o Onix Plus ocupam o p\u00f3dio dos carros mais vendidos de 2020. Confira o top 10!\",\"breadcrumb\":{\"@id\":\"https:\\\/\\\/www.comprecar.com.br\\\/blog\\\/os-10-carros-mais-vendidos-2020\\\/#breadcrumb\"},\"inLanguage\":\"pt-BR\",\"potentialAction\":[{\"@type\":\"ReadAction\",\"target\":[\"https:\\\/\\\/www.comprecar.com.br\\\/blog\\\/os-10-carros-mais-vendidos-2020\\\/\"]}]},{\"@type\":\"ImageObject\",\"inLanguage\":\"pt-BR\",\"@id\":\"https:\\\/\\\/www.comprecar.com.br\\\/blog\\\/os-10-carros-mais-vendidos-2020\\\/#primaryimage\",\"url\":\"https:\\\/\\\/www.comprecar.com.br\\\/blog\\\/wp-content\\\/uploads\\\/2022\\\/05\\\/carros-mais-vendidos-em-2020.jpg\",\"contentUrl\":\"https:\\\/\\\/www.comprecar.com.br\\\/blog\\\/wp-content\\\/uploads\\\/2022\\\/05\\\/carros-mais-vendidos-em-2020.jpg\",\"width\":1500,\"height\":844,\"caption\":\"Os 10 carros mais vendidos em 2020\"},{\"@type\":\"BreadcrumbList\",\"@id\":\"https:\\\/\\\/www.comprecar.com.br\\\/blog\\\/os-10-carros-mais-vendidos-2020\\\/#breadcrumb\",\"itemListElement\":[{\"@type\":\"ListItem\",\"position\":1,\"name\":\"In\u00edcio\",\"item\":\"https:\\\/\\\/www.comprecar.com.br\\\/blog\\\/\"},{\"@type\":\"ListItem\",\"position\":2,\"name\":\"Os 10 carros mais vendidos em 2020\"}]},{\"@type\":\"WebSite\",\"@id\":\"https:\\\/\\\/www.comprecar.com.br\\\/blog\\\/#website\",\"url\":\"https:\\\/\\\/www.comprecar.com.br\\\/blog\\\/\",\"name\":\"Blog Comprecar: Guia Completo para Comprar, Vender e Cuidar do seu Carro\",\"description\":\"Fique por dentro das \u00faltimas not\u00edcias do mercado, guias de manuten\u00e7\u00e3o e dicas essenciais para comprar ou vender seu ve\u00edculo. Acesse o Blog Comprecar e acelere seu conhecimento!\",\"publisher\":{\"@id\":\"https:\\\/\\\/www.comprecar.com.br\\\/blog\\\/#organization\"},\"potentialAction\":[{\"@type\":\"SearchAction\",\"target\":{\"@type\":\"EntryPoint\",\"urlTemplate\":\"https:\\\/\\\/www.comprecar.com.br\\\/blog\\\/?s={search_term_string}\"},\"query-input\":{\"@type\":\"PropertyValueSpecification\",\"valueRequired\":true,\"valueName\":\"search_term_string\"}}],\"inLanguage\":\"pt-BR\"},{\"@type\":\"Organization\",\"@id\":\"https:\\\/\\\/www.comprecar.com.br\\\/blog\\\/#organization\",\"name\":\"Comprecar\",\"url\":\"https:\\\/\\\/www.comprecar.com.br\\\/blog\\\/\",\"logo\":{\"@type\":\"ImageObject\",\"inLanguage\":\"pt-BR\",\"@id\":\"https:\\\/\\\/www.comprecar.com.br\\\/blog\\\/#\\\/schema\\\/logo\\\/image\\\/\",\"url\":\"https:\\\/\\\/www.comprecar.com.br\\\/blog\\\/wp-content\\\/uploads\\\/2021\\\/02\\\/Logo-comprecar-2020.png\",\"contentUrl\":\"https:\\\/\\\/www.comprecar.com.br\\\/blog\\\/wp-content\\\/uploads\\\/2021\\\/02\\\/Logo-comprecar-2020.png\",\"width\":1896,\"height\":504,\"caption\":\"Comprecar\"},\"image\":{\"@id\":\"https:\\\/\\\/www.comprecar.com.br\\\/blog\\\/#\\\/schema\\\/logo\\\/image\\\/\"},\"sameAs\":[\"https:\\\/\\\/www.facebook.com\\\/Comprecar\",\"https:\\\/\\\/x.com\\\/comprecar\",\"https:\\\/\\\/www.instagram.com\\\/comprecar\"]},{\"@type\":\"Person\",\"@id\":\"https:\\\/\\\/www.comprecar.com.br\\\/blog\\\/#\\\/schema\\\/person\\\/005f0c51a8f4069103b2546fb9de78bb\",\"name\":\"Fred\",\"image\":{\"@type\":\"ImageObject\",\"inLanguage\":\"pt-BR\",\"@id\":\"https:\\\/\\\/secure.gravatar.com\\\/avatar\\\/5d9633b5fd5f086a0d21824763ff62caa933616c7e8525c39357d3ebf950f257?s=96&d=mm&r=g\",\"url\":\"https:\\\/\\\/secure.gravatar.com\\\/avatar\\\/5d9633b5fd5f086a0d21824763ff62caa933616c7e8525c39357d3ebf950f257?s=96&d=mm&r=g\",\"contentUrl\":\"https:\\\/\\\/secure.gravatar.com\\\/avatar\\\/5d9633b5fd5f086a0d21824763ff62caa933616c7e8525c39357d3ebf950f257?s=96&d=mm&r=g\",\"caption\":\"Fred\"},\"description\":\"Fred \u00e9 empres\u00e1rio e atua h\u00e1 mais de duas d\u00e9cadas no mercado automotivo digital. \u00c9 fundador do Comprecar, plataforma criada em 2001 com o objetivo de conectar compradores e vendedores de ve\u00edculos, com forte presen\u00e7a nas cidades do interior do estado de S\u00e3o Paulo. Ao longo de sua trajet\u00f3ria, acumulou experi\u00eancia em marketing digital, tr\u00e1fego pago, SEO e estrat\u00e9gias de convers\u00e3o, sempre com foco em gerar resultados reais para anunciantes \u2014 especialmente na capta\u00e7\u00e3o de leads qualificados. Seu trabalho \u00e9 voltado para transformar o processo de compra e venda de ve\u00edculos em algo mais direto, transparente e eficiente, aproximando pessoas interessadas em negociar. Al\u00e9m da atua\u00e7\u00e3o empresarial, tamb\u00e9m desenvolve conte\u00fados voltados ao universo automotivo, abordando desde oportunidades de compra at\u00e9 an\u00e1lises de mercado, sempre com foco em ajudar o p\u00fablico a tomar decis\u00f5es mais seguras.\",\"sameAs\":[\"https:\\\/\\\/www.comprecar.com.br\",\"https:\\\/\\\/www.instagram.com\\\/fredbittar\\\/\",\"https:\\\/\\\/www.linkedin.com\\\/in\\\/fred-bittar-a0286b30\\\/\"],\"url\":\"https:\\\/\\\/www.comprecar.com.br\\\/blog\\\/author\\\/fred\\\/\"}]}<\/script>\n<!-- \/ Yoast SEO plugin. -->","yoast_head_json":{"title":"Os 10 carros mais vendidos em 2020","description":"O Onix, o HB20 e o Onix Plus ocupam o p\u00f3dio dos carros mais vendidos de 2020. Confira o top 10!","robots":{"index":"index","follow":"follow","max-snippet":"max-snippet:-1","max-image-preview":"max-image-preview:large","max-video-preview":"max-video-preview:-1"},"canonical":"https:\/\/www.comprecar.com.br\/blog\/os-10-carros-mais-vendidos-2020\/","og_locale":"pt_BR","og_type":"article","og_title":"Os 10 carros mais vendidos em 2020","og_description":"O Onix, o HB20 e o Onix Plus ocupam o p\u00f3dio dos carros mais vendidos de 2020. Confira o top 10!","og_url":"https:\/\/www.comprecar.com.br\/blog\/os-10-carros-mais-vendidos-2020\/","og_site_name":"Blog Comprecar: Guia Completo para Comprar, Vender e Cuidar do seu Carro","article_publisher":"https:\/\/www.facebook.com\/Comprecar","article_published_time":"2022-05-03T16:09:49+00:00","article_modified_time":"2022-07-16T19:15:50+00:00","og_image":[{"width":1500,"height":844,"url":"https:\/\/www.comprecar.com.br\/blog\/wp-content\/uploads\/2022\/05\/carros-mais-vendidos-em-2020.jpg","type":"image\/jpeg"}],"author":"Fred","twitter_card":"summary_large_image","twitter_creator":"@comprecar","twitter_site":"@comprecar","twitter_misc":{"Escrito por":"Fred","Est. tempo de leitura":"3 minutos"},"schema":{"@context":"https:\/\/schema.org","@graph":[{"@type":"Article","@id":"https:\/\/www.comprecar.com.br\/blog\/os-10-carros-mais-vendidos-2020\/#article","isPartOf":{"@id":"https:\/\/www.comprecar.com.br\/blog\/os-10-carros-mais-vendidos-2020\/"},"author":{"name":"Fred","@id":"https:\/\/www.comprecar.com.br\/blog\/#\/schema\/person\/005f0c51a8f4069103b2546fb9de78bb"},"headline":"Os 10 carros mais vendidos em 2020","datePublished":"2022-05-03T16:09:49+00:00","dateModified":"2022-07-16T19:15:50+00:00","mainEntityOfPage":{"@id":"https:\/\/www.comprecar.com.br\/blog\/os-10-carros-mais-vendidos-2020\/"},"wordCount":496,"commentCount":0,"publisher":{"@id":"https:\/\/www.comprecar.com.br\/blog\/#organization"},"image":{"@id":"https:\/\/www.comprecar.com.br\/blog\/os-10-carros-mais-vendidos-2020\/#primaryimage"},"thumbnailUrl":"https:\/\/www.comprecar.com.br\/blog\/wp-content\/uploads\/2022\/05\/carros-mais-vendidos-em-2020.jpg","keywords":["carros","carros 2020","carros mais vendidos","carros usados","Onix"],"articleSection":["Carros","Compra e Venda"],"inLanguage":"pt-BR","potentialAction":[{"@type":"CommentAction","name":"Comment","target":["https:\/\/www.comprecar.com.br\/blog\/os-10-carros-mais-vendidos-2020\/#respond"]}]},{"@type":"WebPage","@id":"https:\/\/www.comprecar.com.br\/blog\/os-10-carros-mais-vendidos-2020\/","url":"https:\/\/www.comprecar.com.br\/blog\/os-10-carros-mais-vendidos-2020\/","name":"Os 10 carros mais vendidos em 2020","isPartOf":{"@id":"https:\/\/www.comprecar.com.br\/blog\/#website"},"primaryImageOfPage":{"@id":"https:\/\/www.comprecar.com.br\/blog\/os-10-carros-mais-vendidos-2020\/#primaryimage"},"image":{"@id":"https:\/\/www.comprecar.com.br\/blog\/os-10-carros-mais-vendidos-2020\/#primaryimage"},"thumbnailUrl":"https:\/\/www.comprecar.com.br\/blog\/wp-content\/uploads\/2022\/05\/carros-mais-vendidos-em-2020.jpg","datePublished":"2022-05-03T16:09:49+00:00","dateModified":"2022-07-16T19:15:50+00:00","description":"O Onix, o HB20 e o Onix Plus ocupam o p\u00f3dio dos carros mais vendidos de 2020. Confira o top 10!","breadcrumb":{"@id":"https:\/\/www.comprecar.com.br\/blog\/os-10-carros-mais-vendidos-2020\/#breadcrumb"},"inLanguage":"pt-BR","potentialAction":[{"@type":"ReadAction","target":["https:\/\/www.comprecar.com.br\/blog\/os-10-carros-mais-vendidos-2020\/"]}]},{"@type":"ImageObject","inLanguage":"pt-BR","@id":"https:\/\/www.comprecar.com.br\/blog\/os-10-carros-mais-vendidos-2020\/#primaryimage","url":"https:\/\/www.comprecar.com.br\/blog\/wp-content\/uploads\/2022\/05\/carros-mais-vendidos-em-2020.jpg","contentUrl":"https:\/\/www.comprecar.com.br\/blog\/wp-content\/uploads\/2022\/05\/carros-mais-vendidos-em-2020.jpg","width":1500,"height":844,"caption":"Os 10 carros mais vendidos em 2020"},{"@type":"BreadcrumbList","@id":"https:\/\/www.comprecar.com.br\/blog\/os-10-carros-mais-vendidos-2020\/#breadcrumb","itemListElement":[{"@type":"ListItem","position":1,"name":"In\u00edcio","item":"https:\/\/www.comprecar.com.br\/blog\/"},{"@type":"ListItem","position":2,"name":"Os 10 carros mais vendidos em 2020"}]},{"@type":"WebSite","@id":"https:\/\/www.comprecar.com.br\/blog\/#website","url":"https:\/\/www.comprecar.com.br\/blog\/","name":"Blog Comprecar: Guia Completo para Comprar, Vender e Cuidar do seu Carro","description":"Fique por dentro das \u00faltimas not\u00edcias do mercado, guias de manuten\u00e7\u00e3o e dicas essenciais para comprar ou vender seu ve\u00edculo. Acesse o Blog Comprecar e acelere seu conhecimento!","publisher":{"@id":"https:\/\/www.comprecar.com.br\/blog\/#organization"},"potentialAction":[{"@type":"SearchAction","target":{"@type":"EntryPoint","urlTemplate":"https:\/\/www.comprecar.com.br\/blog\/?s={search_term_string}"},"query-input":{"@type":"PropertyValueSpecification","valueRequired":true,"valueName":"search_term_string"}}],"inLanguage":"pt-BR"},{"@type":"Organization","@id":"https:\/\/www.comprecar.com.br\/blog\/#organization","name":"Comprecar","url":"https:\/\/www.comprecar.com.br\/blog\/","logo":{"@type":"ImageObject","inLanguage":"pt-BR","@id":"https:\/\/www.comprecar.com.br\/blog\/#\/schema\/logo\/image\/","url":"https:\/\/www.comprecar.com.br\/blog\/wp-content\/uploads\/2021\/02\/Logo-comprecar-2020.png","contentUrl":"https:\/\/www.comprecar.com.br\/blog\/wp-content\/uploads\/2021\/02\/Logo-comprecar-2020.png","width":1896,"height":504,"caption":"Comprecar"},"image":{"@id":"https:\/\/www.comprecar.com.br\/blog\/#\/schema\/logo\/image\/"},"sameAs":["https:\/\/www.facebook.com\/Comprecar","https:\/\/x.com\/comprecar","https:\/\/www.instagram.com\/comprecar"]},{"@type":"Person","@id":"https:\/\/www.comprecar.com.br\/blog\/#\/schema\/person\/005f0c51a8f4069103b2546fb9de78bb","name":"Fred","image":{"@type":"ImageObject","inLanguage":"pt-BR","@id":"https:\/\/secure.gravatar.com\/avatar\/5d9633b5fd5f086a0d21824763ff62caa933616c7e8525c39357d3ebf950f257?s=96&d=mm&r=g","url":"https:\/\/secure.gravatar.com\/avatar\/5d9633b5fd5f086a0d21824763ff62caa933616c7e8525c39357d3ebf950f257?s=96&d=mm&r=g","contentUrl":"https:\/\/secure.gravatar.com\/avatar\/5d9633b5fd5f086a0d21824763ff62caa933616c7e8525c39357d3ebf950f257?s=96&d=mm&r=g","caption":"Fred"},"description":"Fred \u00e9 empres\u00e1rio e atua h\u00e1 mais de duas d\u00e9cadas no mercado automotivo digital. \u00c9 fundador do Comprecar, plataforma criada em 2001 com o objetivo de conectar compradores e vendedores de ve\u00edculos, com forte presen\u00e7a nas cidades do interior do estado de S\u00e3o Paulo. Ao longo de sua trajet\u00f3ria, acumulou experi\u00eancia em marketing digital, tr\u00e1fego pago, SEO e estrat\u00e9gias de convers\u00e3o, sempre com foco em gerar resultados reais para anunciantes \u2014 especialmente na capta\u00e7\u00e3o de leads qualificados. Seu trabalho \u00e9 voltado para transformar o processo de compra e venda de ve\u00edculos em algo mais direto, transparente e eficiente, aproximando pessoas interessadas em negociar. Al\u00e9m da atua\u00e7\u00e3o empresarial, tamb\u00e9m desenvolve conte\u00fados voltados ao universo automotivo, abordando desde oportunidades de compra at\u00e9 an\u00e1lises de mercado, sempre com foco em ajudar o p\u00fablico a tomar decis\u00f5es mais seguras.","sameAs":["https:\/\/www.comprecar.com.br","https:\/\/www.instagram.com\/fredbittar\/","https:\/\/www.linkedin.com\/in\/fred-bittar-a0286b30\/"],"url":"https:\/\/www.comprecar.com.br\/blog\/author\/fred\/"}]}},"_links":{"self":[{"href":"https:\/\/www.comprecar.com.br\/blog\/wp-json\/wp\/v2\/posts\/798","targetHints":{"allow":["GET"]}}],"collection":[{"href":"https:\/\/www.comprecar.com.br\/blog\/wp-json\/wp\/v2\/posts"}],"about":[{"href":"https:\/\/www.comprecar.com.br\/blog\/wp-json\/wp\/v2\/types\/post"}],"author":[{"embeddable":true,"href":"https:\/\/www.comprecar.com.br\/blog\/wp-json\/wp\/v2\/users\/1"}],"replies":[{"embeddable":true,"href":"https:\/\/www.comprecar.com.br\/blog\/wp-json\/wp\/v2\/comments?post=798"}],"version-history":[{"count":2,"href":"https:\/\/www.comprecar.com.br\/blog\/wp-json\/wp\/v2\/posts\/798\/revisions"}],"predecessor-version":[{"id":889,"href":"https:\/\/www.comprecar.com.br\/blog\/wp-json\/wp\/v2\/posts\/798\/revisions\/889"}],"wp:featuredmedia":[{"embeddable":true,"href":"https:\/\/www.comprecar.com.br\/blog\/wp-json\/wp\/v2\/media\/799"}],"wp:attachment":[{"href":"https:\/\/www.comprecar.com.br\/blog\/wp-json\/wp\/v2\/media?parent=798"}],"wp:term":[{"taxonomy":"category","embeddable":true,"href":"https:\/\/www.comprecar.com.br\/blog\/wp-json\/wp\/v2\/categories?post=798"},{"taxonomy":"post_tag","embeddable":true,"href":"https:\/\/www.comprecar.com.br\/blog\/wp-json\/wp\/v2\/tags?post=798"}],"curies":[{"name":"wp","href":"https:\/\/api.w.org\/{rel}","templated":true}]}}