{"id":803,"date":"2022-05-04T11:00:00","date_gmt":"2022-05-04T14:00:00","guid":{"rendered":"https:\/\/www.comprecar.com.br\/blog\/?p=803"},"modified":"2022-07-16T16:16:04","modified_gmt":"2022-07-16T19:16:04","slug":"confira-7-carros-vendidos-2019","status":"publish","type":"post","link":"https:\/\/www.comprecar.com.br\/blog\/confira-7-carros-vendidos-2019\/","title":{"rendered":"Confira os 7 carros mais vendidos em 2019"},"content":{"rendered":"\n<p>O ano de 2019 foi marcado pelo lan\u00e7amento de diversos ve\u00edculos aqui no Brasil, mas alguns modelos continuaram se destacando no mercado, como \u00e9 o caso do Volkswagen Gol e do Fiat Strada.<\/p>\n\n\n\n<p>Veja a lista de modelos de carros mais vendidos em 2019 que preparamos para voc\u00ea!<\/p>\n\n\n\n<!--more-->\n\n\n\n<h2 class=\"wp-block-heading\"><strong>Carros mais vendidos em 2019<\/strong><\/h2>\n\n\n\n<p>Veja agora quais foram os carros com mais unidades vendidas no ano de 2019 segundo a Federa\u00e7\u00e3o Nacional da Distribui\u00e7\u00e3o de Ve\u00edculos Automotores (Fenabrave):<\/p>\n\n\n\n<h3 class=\"wp-block-heading\"><strong>1. <\/strong><a href=\"https:\/\/www.comprecar.com.br\/chevrolet-onix\" target=\"_blank\" rel=\"noreferrer noopener\"><strong>Chevrolet Onix<\/strong><\/a><strong>&nbsp;<\/strong><\/h3>\n\n\n\n<p>Sem surpresas, o primeiro lugar ficou com o Chevrolet Onix, um carro que j\u00e1 \u00e9 marca registrada dos brasileiros. O modelo foi vendido 241.214 vezes em 2019, ou seja, mais que o dobro do segundo colocado. O Onix \u00e9 um ve\u00edculo econ\u00f4mico, com um design muito bonito e com v\u00e1rias features.&nbsp;<\/p>\n\n\n\n<p>Podemos dizer, atualmente, que ele j\u00e1 faz o mesmo sucesso que o Gol da Volkswagen fez durante muitos anos em que foi o primeiro lugar disparado em vendas no Brasil.<\/p>\n\n\n\n<h3 class=\"wp-block-heading\"><strong>2.<\/strong> <a href=\"https:\/\/www.comprecar.com.br\/ford-ka\" target=\"_blank\" rel=\"noreferrer noopener\"><strong>Ford Ka<\/strong><\/a><strong>&nbsp;<\/strong><\/h3>\n\n\n\n<p>O Ford Ka ficou na segunda posi\u00e7\u00e3o, com 104.331 unidades vendidas em 2019. Esse modelo se destaca por conter uma vers\u00e3o FreeStyle para quem gosta de aventura, caixa autom\u00e1tica e at\u00e9 mesmo um face-lift para modernizar ainda mais o seu design.&nbsp;<\/p>\n\n\n\n<h3 class=\"wp-block-heading\"><strong>3. <\/strong><a href=\"https:\/\/www.comprecar.com.br\/hyundai-hb20\" target=\"_blank\" rel=\"noreferrer noopener\"><strong>Hyundai HB20<\/strong><\/a><strong>&nbsp;<\/strong><\/h3>\n\n\n\n<p>O HB20, outro queridinho dos brasileiros, encerrou o p\u00f3dio de carros mais vendidos em 2019 em terceiro lugar, com 101.590 unidades vendidas. J\u00e1 o HB20 caiu uma posi\u00e7\u00e3o de 2018 para 2019, mas apostou em seu modelo 2020, com cinco anos de garantia, manuten\u00e7\u00e3o de custo baixo e diversas vers\u00f5es para retomar a coloca\u00e7\u00e3o.&nbsp;<\/p>\n\n\n\n<h3 class=\"wp-block-heading\"><strong>4.<\/strong> <a href=\"https:\/\/www.comprecar.com.br\/renault-kwid\" target=\"_blank\" rel=\"noreferrer noopener\"><strong>Renault Kwid<\/strong><\/a><strong>&nbsp;<\/strong><\/h3>\n\n\n\n<p>O Kwid fez bastante sucesso em 2019 e contou com 85.117 unidades comercializadas. Tirando o Fiat Mobi, esse \u00e9 o carro mais barato do Brasil, sendo bem compacto e com custos baixos de revis\u00e3o.&nbsp;<\/p>\n\n\n\n<p>Para quem n\u00e3o se importa muito com o espa\u00e7o interno do ve\u00edculo, ou para quem trabalha como motorista de aplicativo, por exemplo, \u00e9 uma excelente op\u00e7\u00e3o.<\/p>\n\n\n\n<h3 class=\"wp-block-heading\"><strong>5.<\/strong> <a href=\"https:\/\/www.comprecar.com.br\/gol\" target=\"_blank\" rel=\"noreferrer noopener\"><strong>Volkswagen Gol<\/strong><\/a><\/h3>\n\n\n\n<p>O Gol vem caindo de posi\u00e7\u00e3o ao longo dos anos para dar espa\u00e7o a modelos mais modernos, mas ainda assim conseguiu alcan\u00e7ar a quinta coloca\u00e7\u00e3o com 81.285 unidades vendidas. As vantagens do Gol s\u00e3o diversas, como os pre\u00e7os baixos, a durabilidade e o baixo custo de manuten\u00e7\u00e3o.<\/p>\n\n\n\n<h3 class=\"wp-block-heading\"><strong>6.<\/strong> <a href=\"https:\/\/www.comprecar.com.br\/argo\" target=\"_blank\" rel=\"noreferrer noopener\"><strong>Fiat Argo<\/strong><\/a><\/h3>\n\n\n\n<p>Ocupando a sexta coloca\u00e7\u00e3o, est\u00e1 o Fiat Argo, com 79.001 unidades vendidas em 2019. A Fiat apostou em um modelo mais caro e mais completo, e com isso lan\u00e7ou diversas vers\u00f5es desse compacto premium. A vers\u00e3o que se destacou em 2019 foi a Trekking, que correspondeu a 30% das vendas.<\/p>\n\n\n\n<h3 class=\"wp-block-heading\"><strong>7. <\/strong><a href=\"https:\/\/www.comprecar.com.br\/fiat-strada\" target=\"_blank\" rel=\"noreferrer noopener\"><strong>Fiat Strada<\/strong><\/a><\/h3>\n\n\n\n<p>Por fim, mas n\u00e3o menos importante, o Fiat Strada se destacou na s\u00e9tima coloca\u00e7\u00e3o com 76.223 unidades comercializadas. O modelo une requinte e sofistica\u00e7\u00e3o em vers\u00f5es robustas, resistentes e com grande apelo para o p\u00fablico que busca confiabilidade e seguran\u00e7a.<\/p>\n\n\n\n<p>O Comprecar \u00e9 um classificado on-line de <a href=\"https:\/\/www.comprecar.com.br\/\" target=\"_blank\" rel=\"noreferrer noopener\">carros usados<\/a>. Continue aqui no site para conferir todas as op\u00e7\u00f5es dispon\u00edveis!<\/p>\n\n\n\n<p>Confira tamb\u00e9m: <a href=\"https:\/\/www.comprecar.com.br\/palio\" target=\"_blank\" rel=\"noreferrer noopener\">Carro Fiat Palio<\/a><\/p>\n","protected":false},"excerpt":{"rendered":"<p>O ano de 2019 foi marcado pelo lan\u00e7amento de diversos ve\u00edculos aqui no Brasil, mas alguns modelos continuaram se destacando no mercado, como \u00e9 o caso do Volkswagen Gol e do Fiat Strada. Veja a lista de modelos de carros mais vendidos em 2019 que preparamos para voc\u00ea!<\/p>\n","protected":false},"author":1,"featured_media":804,"comment_status":"open","ping_status":"open","sticky":false,"template":"","format":"standard","meta":{"_kad_post_transparent":"","_kad_post_title":"","_kad_post_layout":"","_kad_post_sidebar_id":"","_kad_post_content_style":"","_kad_post_vertical_padding":"","_kad_post_feature":"","_kad_post_feature_position":"","_kad_post_header":false,"_kad_post_footer":false,"_kad_post_classname":"","footnotes":""},"categories":[74,75],"tags":[68,191,187,71,179],"class_list":["post-803","post","type-post","status-publish","format-standard","has-post-thumbnail","hentry","category-carros","category-compra-e-venda","tag-carros","tag-carrros-mais-vendidos","tag-ford-ka","tag-hb20","tag-onix"],"yoast_head":"<!-- This site is optimized with the Yoast SEO plugin v27.3 - https:\/\/yoast.com\/product\/yoast-seo-wordpress\/ -->\n<title>Confira os 7 carros mais vendidos em 2019<\/title>\n<meta name=\"description\" content=\"Os carros mais vendidos em 2019 foram o Onix, o Ka e o HB20. Veja quais outros modelos foram destaque no ano!\" \/>\n<meta name=\"robots\" content=\"index, follow, max-snippet:-1, max-image-preview:large, max-video-preview:-1\" \/>\n<link rel=\"canonical\" href=\"https:\/\/www.comprecar.com.br\/blog\/confira-7-carros-vendidos-2019\/\" \/>\n<meta property=\"og:locale\" content=\"pt_BR\" \/>\n<meta property=\"og:type\" content=\"article\" \/>\n<meta property=\"og:title\" content=\"Confira os 7 carros mais vendidos em 2019\" \/>\n<meta property=\"og:description\" content=\"Os carros mais vendidos em 2019 foram o Onix, o Ka e o HB20. Veja quais outros modelos foram destaque no ano!\" \/>\n<meta property=\"og:url\" content=\"https:\/\/www.comprecar.com.br\/blog\/confira-7-carros-vendidos-2019\/\" \/>\n<meta property=\"og:site_name\" content=\"Blog Comprecar: Guia Completo para Comprar, Vender e Cuidar do seu Carro\" \/>\n<meta property=\"article:publisher\" content=\"https:\/\/www.facebook.com\/Comprecar\" \/>\n<meta property=\"article:published_time\" content=\"2022-05-04T14:00:00+00:00\" \/>\n<meta property=\"article:modified_time\" content=\"2022-07-16T19:16:04+00:00\" \/>\n<meta property=\"og:image\" content=\"https:\/\/www.comprecar.com.br\/blog\/wp-content\/uploads\/2022\/05\/carros-mais-vendidos-em-2019.jpg\" \/>\n\t<meta property=\"og:image:width\" content=\"1500\" \/>\n\t<meta property=\"og:image:height\" content=\"1000\" \/>\n\t<meta property=\"og:image:type\" content=\"image\/jpeg\" \/>\n<meta name=\"author\" content=\"Fred\" \/>\n<meta name=\"twitter:card\" content=\"summary_large_image\" \/>\n<meta name=\"twitter:creator\" content=\"@comprecar\" \/>\n<meta name=\"twitter:site\" content=\"@comprecar\" \/>\n<meta name=\"twitter:label1\" content=\"Escrito por\" \/>\n\t<meta name=\"twitter:data1\" content=\"Fred\" \/>\n\t<meta name=\"twitter:label2\" content=\"Est. tempo de leitura\" \/>\n\t<meta name=\"twitter:data2\" content=\"3 minutos\" \/>\n<script type=\"application\/ld+json\" class=\"yoast-schema-graph\">{\"@context\":\"https:\\\/\\\/schema.org\",\"@graph\":[{\"@type\":\"Article\",\"@id\":\"https:\\\/\\\/www.comprecar.com.br\\\/blog\\\/confira-7-carros-vendidos-2019\\\/#article\",\"isPartOf\":{\"@id\":\"https:\\\/\\\/www.comprecar.com.br\\\/blog\\\/confira-7-carros-vendidos-2019\\\/\"},\"author\":{\"name\":\"Fred\",\"@id\":\"https:\\\/\\\/www.comprecar.com.br\\\/blog\\\/#\\\/schema\\\/person\\\/005f0c51a8f4069103b2546fb9de78bb\"},\"headline\":\"Confira os 7 carros mais vendidos em 2019\",\"datePublished\":\"2022-05-04T14:00:00+00:00\",\"dateModified\":\"2022-07-16T19:16:04+00:00\",\"mainEntityOfPage\":{\"@id\":\"https:\\\/\\\/www.comprecar.com.br\\\/blog\\\/confira-7-carros-vendidos-2019\\\/\"},\"wordCount\":517,\"commentCount\":0,\"publisher\":{\"@id\":\"https:\\\/\\\/www.comprecar.com.br\\\/blog\\\/#organization\"},\"image\":{\"@id\":\"https:\\\/\\\/www.comprecar.com.br\\\/blog\\\/confira-7-carros-vendidos-2019\\\/#primaryimage\"},\"thumbnailUrl\":\"https:\\\/\\\/www.comprecar.com.br\\\/blog\\\/wp-content\\\/uploads\\\/2022\\\/05\\\/carros-mais-vendidos-em-2019.jpg\",\"keywords\":[\"carros\",\"carrros mais vendidos\",\"Ford Ka\",\"HB20\",\"Onix\"],\"articleSection\":[\"Carros\",\"Compra e Venda\"],\"inLanguage\":\"pt-BR\",\"potentialAction\":[{\"@type\":\"CommentAction\",\"name\":\"Comment\",\"target\":[\"https:\\\/\\\/www.comprecar.com.br\\\/blog\\\/confira-7-carros-vendidos-2019\\\/#respond\"]}]},{\"@type\":\"WebPage\",\"@id\":\"https:\\\/\\\/www.comprecar.com.br\\\/blog\\\/confira-7-carros-vendidos-2019\\\/\",\"url\":\"https:\\\/\\\/www.comprecar.com.br\\\/blog\\\/confira-7-carros-vendidos-2019\\\/\",\"name\":\"Confira os 7 carros mais vendidos em 2019\",\"isPartOf\":{\"@id\":\"https:\\\/\\\/www.comprecar.com.br\\\/blog\\\/#website\"},\"primaryImageOfPage\":{\"@id\":\"https:\\\/\\\/www.comprecar.com.br\\\/blog\\\/confira-7-carros-vendidos-2019\\\/#primaryimage\"},\"image\":{\"@id\":\"https:\\\/\\\/www.comprecar.com.br\\\/blog\\\/confira-7-carros-vendidos-2019\\\/#primaryimage\"},\"thumbnailUrl\":\"https:\\\/\\\/www.comprecar.com.br\\\/blog\\\/wp-content\\\/uploads\\\/2022\\\/05\\\/carros-mais-vendidos-em-2019.jpg\",\"datePublished\":\"2022-05-04T14:00:00+00:00\",\"dateModified\":\"2022-07-16T19:16:04+00:00\",\"description\":\"Os carros mais vendidos em 2019 foram o Onix, o Ka e o HB20. Veja quais outros modelos foram destaque no ano!\",\"breadcrumb\":{\"@id\":\"https:\\\/\\\/www.comprecar.com.br\\\/blog\\\/confira-7-carros-vendidos-2019\\\/#breadcrumb\"},\"inLanguage\":\"pt-BR\",\"potentialAction\":[{\"@type\":\"ReadAction\",\"target\":[\"https:\\\/\\\/www.comprecar.com.br\\\/blog\\\/confira-7-carros-vendidos-2019\\\/\"]}]},{\"@type\":\"ImageObject\",\"inLanguage\":\"pt-BR\",\"@id\":\"https:\\\/\\\/www.comprecar.com.br\\\/blog\\\/confira-7-carros-vendidos-2019\\\/#primaryimage\",\"url\":\"https:\\\/\\\/www.comprecar.com.br\\\/blog\\\/wp-content\\\/uploads\\\/2022\\\/05\\\/carros-mais-vendidos-em-2019.jpg\",\"contentUrl\":\"https:\\\/\\\/www.comprecar.com.br\\\/blog\\\/wp-content\\\/uploads\\\/2022\\\/05\\\/carros-mais-vendidos-em-2019.jpg\",\"width\":1500,\"height\":1000,\"caption\":\"carros mais vendidos em 2019\"},{\"@type\":\"BreadcrumbList\",\"@id\":\"https:\\\/\\\/www.comprecar.com.br\\\/blog\\\/confira-7-carros-vendidos-2019\\\/#breadcrumb\",\"itemListElement\":[{\"@type\":\"ListItem\",\"position\":1,\"name\":\"In\u00edcio\",\"item\":\"https:\\\/\\\/www.comprecar.com.br\\\/blog\\\/\"},{\"@type\":\"ListItem\",\"position\":2,\"name\":\"Confira os 7 carros mais vendidos em 2019\"}]},{\"@type\":\"WebSite\",\"@id\":\"https:\\\/\\\/www.comprecar.com.br\\\/blog\\\/#website\",\"url\":\"https:\\\/\\\/www.comprecar.com.br\\\/blog\\\/\",\"name\":\"Blog Comprecar: Guia Completo para Comprar, Vender e Cuidar do seu Carro\",\"description\":\"Fique por dentro das \u00faltimas not\u00edcias do mercado, guias de manuten\u00e7\u00e3o e dicas essenciais para comprar ou vender seu ve\u00edculo. Acesse o Blog Comprecar e acelere seu conhecimento!\",\"publisher\":{\"@id\":\"https:\\\/\\\/www.comprecar.com.br\\\/blog\\\/#organization\"},\"potentialAction\":[{\"@type\":\"SearchAction\",\"target\":{\"@type\":\"EntryPoint\",\"urlTemplate\":\"https:\\\/\\\/www.comprecar.com.br\\\/blog\\\/?s={search_term_string}\"},\"query-input\":{\"@type\":\"PropertyValueSpecification\",\"valueRequired\":true,\"valueName\":\"search_term_string\"}}],\"inLanguage\":\"pt-BR\"},{\"@type\":\"Organization\",\"@id\":\"https:\\\/\\\/www.comprecar.com.br\\\/blog\\\/#organization\",\"name\":\"Comprecar\",\"url\":\"https:\\\/\\\/www.comprecar.com.br\\\/blog\\\/\",\"logo\":{\"@type\":\"ImageObject\",\"inLanguage\":\"pt-BR\",\"@id\":\"https:\\\/\\\/www.comprecar.com.br\\\/blog\\\/#\\\/schema\\\/logo\\\/image\\\/\",\"url\":\"https:\\\/\\\/www.comprecar.com.br\\\/blog\\\/wp-content\\\/uploads\\\/2021\\\/02\\\/Logo-comprecar-2020.png\",\"contentUrl\":\"https:\\\/\\\/www.comprecar.com.br\\\/blog\\\/wp-content\\\/uploads\\\/2021\\\/02\\\/Logo-comprecar-2020.png\",\"width\":1896,\"height\":504,\"caption\":\"Comprecar\"},\"image\":{\"@id\":\"https:\\\/\\\/www.comprecar.com.br\\\/blog\\\/#\\\/schema\\\/logo\\\/image\\\/\"},\"sameAs\":[\"https:\\\/\\\/www.facebook.com\\\/Comprecar\",\"https:\\\/\\\/x.com\\\/comprecar\",\"https:\\\/\\\/www.instagram.com\\\/comprecar\"]},{\"@type\":\"Person\",\"@id\":\"https:\\\/\\\/www.comprecar.com.br\\\/blog\\\/#\\\/schema\\\/person\\\/005f0c51a8f4069103b2546fb9de78bb\",\"name\":\"Fred\",\"image\":{\"@type\":\"ImageObject\",\"inLanguage\":\"pt-BR\",\"@id\":\"https:\\\/\\\/secure.gravatar.com\\\/avatar\\\/5d9633b5fd5f086a0d21824763ff62caa933616c7e8525c39357d3ebf950f257?s=96&d=mm&r=g\",\"url\":\"https:\\\/\\\/secure.gravatar.com\\\/avatar\\\/5d9633b5fd5f086a0d21824763ff62caa933616c7e8525c39357d3ebf950f257?s=96&d=mm&r=g\",\"contentUrl\":\"https:\\\/\\\/secure.gravatar.com\\\/avatar\\\/5d9633b5fd5f086a0d21824763ff62caa933616c7e8525c39357d3ebf950f257?s=96&d=mm&r=g\",\"caption\":\"Fred\"},\"description\":\"Fred \u00e9 empres\u00e1rio e atua h\u00e1 mais de duas d\u00e9cadas no mercado automotivo digital. \u00c9 fundador do Comprecar, plataforma criada em 2001 com o objetivo de conectar compradores e vendedores de ve\u00edculos, com forte presen\u00e7a nas cidades do interior do estado de S\u00e3o Paulo. Ao longo de sua trajet\u00f3ria, acumulou experi\u00eancia em marketing digital, tr\u00e1fego pago, SEO e estrat\u00e9gias de convers\u00e3o, sempre com foco em gerar resultados reais para anunciantes \u2014 especialmente na capta\u00e7\u00e3o de leads qualificados. Seu trabalho \u00e9 voltado para transformar o processo de compra e venda de ve\u00edculos em algo mais direto, transparente e eficiente, aproximando pessoas interessadas em negociar. Al\u00e9m da atua\u00e7\u00e3o empresarial, tamb\u00e9m desenvolve conte\u00fados voltados ao universo automotivo, abordando desde oportunidades de compra at\u00e9 an\u00e1lises de mercado, sempre com foco em ajudar o p\u00fablico a tomar decis\u00f5es mais seguras.\",\"sameAs\":[\"https:\\\/\\\/www.comprecar.com.br\",\"https:\\\/\\\/www.instagram.com\\\/fredbittar\\\/\",\"https:\\\/\\\/www.linkedin.com\\\/in\\\/fred-bittar-a0286b30\\\/\"],\"url\":\"https:\\\/\\\/www.comprecar.com.br\\\/blog\\\/author\\\/fred\\\/\"}]}<\/script>\n<!-- \/ Yoast SEO plugin. -->","yoast_head_json":{"title":"Confira os 7 carros mais vendidos em 2019","description":"Os carros mais vendidos em 2019 foram o Onix, o Ka e o HB20. Veja quais outros modelos foram destaque no ano!","robots":{"index":"index","follow":"follow","max-snippet":"max-snippet:-1","max-image-preview":"max-image-preview:large","max-video-preview":"max-video-preview:-1"},"canonical":"https:\/\/www.comprecar.com.br\/blog\/confira-7-carros-vendidos-2019\/","og_locale":"pt_BR","og_type":"article","og_title":"Confira os 7 carros mais vendidos em 2019","og_description":"Os carros mais vendidos em 2019 foram o Onix, o Ka e o HB20. Veja quais outros modelos foram destaque no ano!","og_url":"https:\/\/www.comprecar.com.br\/blog\/confira-7-carros-vendidos-2019\/","og_site_name":"Blog Comprecar: Guia Completo para Comprar, Vender e Cuidar do seu Carro","article_publisher":"https:\/\/www.facebook.com\/Comprecar","article_published_time":"2022-05-04T14:00:00+00:00","article_modified_time":"2022-07-16T19:16:04+00:00","og_image":[{"width":1500,"height":1000,"url":"https:\/\/www.comprecar.com.br\/blog\/wp-content\/uploads\/2022\/05\/carros-mais-vendidos-em-2019.jpg","type":"image\/jpeg"}],"author":"Fred","twitter_card":"summary_large_image","twitter_creator":"@comprecar","twitter_site":"@comprecar","twitter_misc":{"Escrito por":"Fred","Est. tempo de leitura":"3 minutos"},"schema":{"@context":"https:\/\/schema.org","@graph":[{"@type":"Article","@id":"https:\/\/www.comprecar.com.br\/blog\/confira-7-carros-vendidos-2019\/#article","isPartOf":{"@id":"https:\/\/www.comprecar.com.br\/blog\/confira-7-carros-vendidos-2019\/"},"author":{"name":"Fred","@id":"https:\/\/www.comprecar.com.br\/blog\/#\/schema\/person\/005f0c51a8f4069103b2546fb9de78bb"},"headline":"Confira os 7 carros mais vendidos em 2019","datePublished":"2022-05-04T14:00:00+00:00","dateModified":"2022-07-16T19:16:04+00:00","mainEntityOfPage":{"@id":"https:\/\/www.comprecar.com.br\/blog\/confira-7-carros-vendidos-2019\/"},"wordCount":517,"commentCount":0,"publisher":{"@id":"https:\/\/www.comprecar.com.br\/blog\/#organization"},"image":{"@id":"https:\/\/www.comprecar.com.br\/blog\/confira-7-carros-vendidos-2019\/#primaryimage"},"thumbnailUrl":"https:\/\/www.comprecar.com.br\/blog\/wp-content\/uploads\/2022\/05\/carros-mais-vendidos-em-2019.jpg","keywords":["carros","carrros mais vendidos","Ford Ka","HB20","Onix"],"articleSection":["Carros","Compra e Venda"],"inLanguage":"pt-BR","potentialAction":[{"@type":"CommentAction","name":"Comment","target":["https:\/\/www.comprecar.com.br\/blog\/confira-7-carros-vendidos-2019\/#respond"]}]},{"@type":"WebPage","@id":"https:\/\/www.comprecar.com.br\/blog\/confira-7-carros-vendidos-2019\/","url":"https:\/\/www.comprecar.com.br\/blog\/confira-7-carros-vendidos-2019\/","name":"Confira os 7 carros mais vendidos em 2019","isPartOf":{"@id":"https:\/\/www.comprecar.com.br\/blog\/#website"},"primaryImageOfPage":{"@id":"https:\/\/www.comprecar.com.br\/blog\/confira-7-carros-vendidos-2019\/#primaryimage"},"image":{"@id":"https:\/\/www.comprecar.com.br\/blog\/confira-7-carros-vendidos-2019\/#primaryimage"},"thumbnailUrl":"https:\/\/www.comprecar.com.br\/blog\/wp-content\/uploads\/2022\/05\/carros-mais-vendidos-em-2019.jpg","datePublished":"2022-05-04T14:00:00+00:00","dateModified":"2022-07-16T19:16:04+00:00","description":"Os carros mais vendidos em 2019 foram o Onix, o Ka e o HB20. Veja quais outros modelos foram destaque no ano!","breadcrumb":{"@id":"https:\/\/www.comprecar.com.br\/blog\/confira-7-carros-vendidos-2019\/#breadcrumb"},"inLanguage":"pt-BR","potentialAction":[{"@type":"ReadAction","target":["https:\/\/www.comprecar.com.br\/blog\/confira-7-carros-vendidos-2019\/"]}]},{"@type":"ImageObject","inLanguage":"pt-BR","@id":"https:\/\/www.comprecar.com.br\/blog\/confira-7-carros-vendidos-2019\/#primaryimage","url":"https:\/\/www.comprecar.com.br\/blog\/wp-content\/uploads\/2022\/05\/carros-mais-vendidos-em-2019.jpg","contentUrl":"https:\/\/www.comprecar.com.br\/blog\/wp-content\/uploads\/2022\/05\/carros-mais-vendidos-em-2019.jpg","width":1500,"height":1000,"caption":"carros mais vendidos em 2019"},{"@type":"BreadcrumbList","@id":"https:\/\/www.comprecar.com.br\/blog\/confira-7-carros-vendidos-2019\/#breadcrumb","itemListElement":[{"@type":"ListItem","position":1,"name":"In\u00edcio","item":"https:\/\/www.comprecar.com.br\/blog\/"},{"@type":"ListItem","position":2,"name":"Confira os 7 carros mais vendidos em 2019"}]},{"@type":"WebSite","@id":"https:\/\/www.comprecar.com.br\/blog\/#website","url":"https:\/\/www.comprecar.com.br\/blog\/","name":"Blog Comprecar: Guia Completo para Comprar, Vender e Cuidar do seu Carro","description":"Fique por dentro das \u00faltimas not\u00edcias do mercado, guias de manuten\u00e7\u00e3o e dicas essenciais para comprar ou vender seu ve\u00edculo. Acesse o Blog Comprecar e acelere seu conhecimento!","publisher":{"@id":"https:\/\/www.comprecar.com.br\/blog\/#organization"},"potentialAction":[{"@type":"SearchAction","target":{"@type":"EntryPoint","urlTemplate":"https:\/\/www.comprecar.com.br\/blog\/?s={search_term_string}"},"query-input":{"@type":"PropertyValueSpecification","valueRequired":true,"valueName":"search_term_string"}}],"inLanguage":"pt-BR"},{"@type":"Organization","@id":"https:\/\/www.comprecar.com.br\/blog\/#organization","name":"Comprecar","url":"https:\/\/www.comprecar.com.br\/blog\/","logo":{"@type":"ImageObject","inLanguage":"pt-BR","@id":"https:\/\/www.comprecar.com.br\/blog\/#\/schema\/logo\/image\/","url":"https:\/\/www.comprecar.com.br\/blog\/wp-content\/uploads\/2021\/02\/Logo-comprecar-2020.png","contentUrl":"https:\/\/www.comprecar.com.br\/blog\/wp-content\/uploads\/2021\/02\/Logo-comprecar-2020.png","width":1896,"height":504,"caption":"Comprecar"},"image":{"@id":"https:\/\/www.comprecar.com.br\/blog\/#\/schema\/logo\/image\/"},"sameAs":["https:\/\/www.facebook.com\/Comprecar","https:\/\/x.com\/comprecar","https:\/\/www.instagram.com\/comprecar"]},{"@type":"Person","@id":"https:\/\/www.comprecar.com.br\/blog\/#\/schema\/person\/005f0c51a8f4069103b2546fb9de78bb","name":"Fred","image":{"@type":"ImageObject","inLanguage":"pt-BR","@id":"https:\/\/secure.gravatar.com\/avatar\/5d9633b5fd5f086a0d21824763ff62caa933616c7e8525c39357d3ebf950f257?s=96&d=mm&r=g","url":"https:\/\/secure.gravatar.com\/avatar\/5d9633b5fd5f086a0d21824763ff62caa933616c7e8525c39357d3ebf950f257?s=96&d=mm&r=g","contentUrl":"https:\/\/secure.gravatar.com\/avatar\/5d9633b5fd5f086a0d21824763ff62caa933616c7e8525c39357d3ebf950f257?s=96&d=mm&r=g","caption":"Fred"},"description":"Fred \u00e9 empres\u00e1rio e atua h\u00e1 mais de duas d\u00e9cadas no mercado automotivo digital. \u00c9 fundador do Comprecar, plataforma criada em 2001 com o objetivo de conectar compradores e vendedores de ve\u00edculos, com forte presen\u00e7a nas cidades do interior do estado de S\u00e3o Paulo. Ao longo de sua trajet\u00f3ria, acumulou experi\u00eancia em marketing digital, tr\u00e1fego pago, SEO e estrat\u00e9gias de convers\u00e3o, sempre com foco em gerar resultados reais para anunciantes \u2014 especialmente na capta\u00e7\u00e3o de leads qualificados. Seu trabalho \u00e9 voltado para transformar o processo de compra e venda de ve\u00edculos em algo mais direto, transparente e eficiente, aproximando pessoas interessadas em negociar. Al\u00e9m da atua\u00e7\u00e3o empresarial, tamb\u00e9m desenvolve conte\u00fados voltados ao universo automotivo, abordando desde oportunidades de compra at\u00e9 an\u00e1lises de mercado, sempre com foco em ajudar o p\u00fablico a tomar decis\u00f5es mais seguras.","sameAs":["https:\/\/www.comprecar.com.br","https:\/\/www.instagram.com\/fredbittar\/","https:\/\/www.linkedin.com\/in\/fred-bittar-a0286b30\/"],"url":"https:\/\/www.comprecar.com.br\/blog\/author\/fred\/"}]}},"_links":{"self":[{"href":"https:\/\/www.comprecar.com.br\/blog\/wp-json\/wp\/v2\/posts\/803","targetHints":{"allow":["GET"]}}],"collection":[{"href":"https:\/\/www.comprecar.com.br\/blog\/wp-json\/wp\/v2\/posts"}],"about":[{"href":"https:\/\/www.comprecar.com.br\/blog\/wp-json\/wp\/v2\/types\/post"}],"author":[{"embeddable":true,"href":"https:\/\/www.comprecar.com.br\/blog\/wp-json\/wp\/v2\/users\/1"}],"replies":[{"embeddable":true,"href":"https:\/\/www.comprecar.com.br\/blog\/wp-json\/wp\/v2\/comments?post=803"}],"version-history":[{"count":2,"href":"https:\/\/www.comprecar.com.br\/blog\/wp-json\/wp\/v2\/posts\/803\/revisions"}],"predecessor-version":[{"id":890,"href":"https:\/\/www.comprecar.com.br\/blog\/wp-json\/wp\/v2\/posts\/803\/revisions\/890"}],"wp:featuredmedia":[{"embeddable":true,"href":"https:\/\/www.comprecar.com.br\/blog\/wp-json\/wp\/v2\/media\/804"}],"wp:attachment":[{"href":"https:\/\/www.comprecar.com.br\/blog\/wp-json\/wp\/v2\/media?parent=803"}],"wp:term":[{"taxonomy":"category","embeddable":true,"href":"https:\/\/www.comprecar.com.br\/blog\/wp-json\/wp\/v2\/categories?post=803"},{"taxonomy":"post_tag","embeddable":true,"href":"https:\/\/www.comprecar.com.br\/blog\/wp-json\/wp\/v2\/tags?post=803"}],"curies":[{"name":"wp","href":"https:\/\/api.w.org\/{rel}","templated":true}]}}