{"id":935,"date":"2022-09-05T11:00:00","date_gmt":"2022-09-05T14:00:00","guid":{"rendered":"https:\/\/www.comprecar.com.br\/blog\/?p=935"},"modified":"2023-12-22T16:56:38","modified_gmt":"2023-12-22T19:56:38","slug":"tudo-o-que-voce-precisa-saber-sobre-cambio-automatico","status":"publish","type":"post","link":"https:\/\/www.comprecar.com.br\/blog\/tudo-o-que-voce-precisa-saber-sobre-cambio-automatico\/","title":{"rendered":"Tudo o que voc\u00ea precisa saber antes de dirigir um carro com c\u00e2mbio autom\u00e1tico"},"content":{"rendered":"\n<p>J\u00e1 dispon\u00edvel na maioria dos modelos comercializados no pa\u00eds, o c\u00e2mbio autom\u00e1tico promove muito mais praticidade e facilidade na condu\u00e7\u00e3o do ve\u00edculo. Por\u00e9m, \u00e9 normal surgirem d\u00favidas sobre como funciona.<\/p>\n\n\n\n<p>Por isso, confira o que voc\u00ea deve saber antes de dirigir um ve\u00edculo com c\u00e2mbio autom\u00e1tico!<\/p>\n\n\n\n<!--more-->\n\n\n\n<h2 class=\"wp-block-heading\"><strong>Como funciona o c\u00e2mbio autom\u00e1tico?<\/strong><\/h2>\n\n\n\n<p>O c\u00e2mbio autom\u00e1tico \u00e9 feito com um sistema de engrenadas planet\u00e1rias, diferindo do c\u00e2mbio manual, que tem engrenagens de variados tamanhos e s\u00e3o engatadas de forma individual.<\/p>\n\n\n\n<p>No caso do sistema autom\u00e1tico de c\u00e2mbio, as engrenagens tamb\u00e9m s\u00e3o de tamanhos diferentes, no entanto, s\u00e3o engatadas entre si, e n\u00e3o individualmente. Como resultado, a rela\u00e7\u00e3o de for\u00e7a do sistema vai depender da ordem em que as engrenagens s\u00e3o conectadas.<\/p>\n\n\n\n<p>Al\u00e9m disso, esse tipo de c\u00e2mbio n\u00e3o tem uma embreagem que precisa ser acionada pelo motorista, como no caso do c\u00e2mbio manual. Isso n\u00e3o significa que n\u00e3o exista um sistema de embreagem; pelo contr\u00e1rio, existe e \u00e9 interno, banhado em \u00f3leo e freios que acionam as engrenagens corretas, por meio de um sistema hidr\u00e1ulico, possibilitando o funcionamento das marchas e o deslocamento do carro.<\/p>\n\n\n\n<h2 class=\"wp-block-heading\"><strong>Mito de descer na \u201cbanguela\u201d<\/strong><\/h2>\n\n\n\n<p>Existe um mito em rela\u00e7\u00e3o ao c\u00e2mbio autom\u00e1tico: descer na banguela, ou seja, colocar no neutro para descer uma ladeira, faz o ve\u00edculo consumir menos combust\u00edvel.<\/p>\n\n\n\n<p>Isso \u00e9 falso e provoca o resultado contr\u00e1rio do esperado, pois o c\u00e2mbio em neutro exige ainda mais consumo de combust\u00edvel do que se estivesse com a marcha engrenada. Al\u00e9m disso, ainda desgasta mais r\u00e1pido o c\u00e2mbio.<\/p>\n\n\n\n<h2 class=\"wp-block-heading\"><strong>Quando colocar no \u201cP\u201d ?<\/strong><\/h2>\n\n\n\n<p>Dentre as d\u00favidas sobre o c\u00e2mbio autom\u00e1tico, uma das mais frequentes \u00e9 quando o motorista deve colocar no P, que significa Parking, apenas quando o ve\u00edculo estiver estacionado e totalmente sem movimento. Caso contr\u00e1rio, a alavanca pode travar nessa posi\u00e7\u00e3o.<\/p>\n\n\n\n<p>Uma dica para isso n\u00e3o acontecer \u00e9 desenvolver o h\u00e1bito de, assim que estacionar, puxar o freio de m\u00e3o e, somente depois, colocar a alavanca na posi\u00e7\u00e3o P.<\/p>\n\n\n\n<h2 class=\"wp-block-heading\"><strong>Quando colocar no \u201cN\u201d?<\/strong><\/h2>\n\n\n\n<p>O N foi criado para que o ve\u00edculo possa ser movido em situa\u00e7\u00f5es de manuten\u00e7\u00e3o, como no caso de necessidade de guincho. Sendo assim, o N n\u00e3o deve ser usado para economizar combust\u00edvel em ladeiras, como j\u00e1 visto, nem enquanto se espera abrir o sinal, muito menos para estacionar. Deve ser usado apenas com o carro desligado, para mov\u00ea-lo em ocasi\u00f5es de manuten\u00e7\u00e3o.<\/p>\n\n\n\n<h2 class=\"wp-block-heading\"><strong>\u00c9 necess\u00e1rio trocar o \u00f3leo no c\u00e2mbio autom\u00e1tico?<\/strong><\/h2>\n\n\n\n<p>Isso vai depender do carro, pois muitos modelos autom\u00e1ticos j\u00e1 n\u00e3o necessitam mais da troca de \u00f3leo do c\u00e2mbio. Assim, \u00e9 importante verificar o manual do ve\u00edculo. No entanto, \u00e9 sempre bom verificar periodicamente o n\u00edvel do fluido, para identificar eventuais vazamentos.<\/p>\n\n\n\n<p>Dessa maneira, com todas as informa\u00e7\u00f5es neste conte\u00fado, vai ser muito mais f\u00e1cil de voc\u00ea utilizar corretamente seu ve\u00edculo autom\u00e1tico e garantir que ele tenha maior durabilidade e qualidade, sem cometer erros que possam prejudic\u00e1-lo.<\/p>\n\n\n\n<p>Ter conhecimento de boas pr\u00e1ticas de uso do c\u00e2mbio autom\u00e1tico \u00e9 cada vez mais importante, pois esses ve\u00edculos est\u00e3o ficando mais populares, principalmente para pessoas portadoras de defici\u00eancia.<\/p>\n\n\n\n<p>Visite nosso site e confira os modelos de <a href=\"https:\/\/www.comprecar.com.br\/\" target=\"_blank\" rel=\"noreferrer noopener\">carros usados<\/a> autom\u00e1ticos que o Comprecar tem para voc\u00ea!<\/p>\n\n\n\n<p>Leia mais: <strong><a href=\"https:\/\/www.comprecar.com.br\/blog\/2023\/08\/09\/carro-novo-ou-usado\/\">Carro novo ou usado: o que vale mais a pena?<\/a><\/strong><\/p>\n","protected":false},"excerpt":{"rendered":"<p>J\u00e1 dispon\u00edvel na maioria dos modelos comercializados no pa\u00eds, o c\u00e2mbio autom\u00e1tico promove muito mais praticidade e facilidade na condu\u00e7\u00e3o do ve\u00edculo. Por\u00e9m, \u00e9 normal surgirem d\u00favidas sobre como funciona. Por isso, confira o que voc\u00ea deve saber antes de dirigir um ve\u00edculo com c\u00e2mbio autom\u00e1tico!<\/p>\n","protected":false},"author":1,"featured_media":936,"comment_status":"open","ping_status":"open","sticky":false,"template":"","format":"standard","meta":{"_kad_post_transparent":"","_kad_post_title":"","_kad_post_layout":"","_kad_post_sidebar_id":"","_kad_post_content_style":"","_kad_post_vertical_padding":"","_kad_post_feature":"","_kad_post_feature_position":"","_kad_post_header":false,"_kad_post_footer":false,"_kad_post_classname":"","footnotes":""},"categories":[73],"tags":[257,210,170,258],"class_list":["post-935","post","type-post","status-publish","format-standard","has-post-thumbnail","hentry","category-dicas","tag-cambio","tag-cambio-automatico","tag-dicas","tag-dirigir-com-cambio-automatico"],"yoast_head":"<!-- This site is optimized with the Yoast SEO plugin v27.3 - https:\/\/yoast.com\/product\/yoast-seo-wordpress\/ -->\n<title>Tudo o que voc\u00ea precisa saber sobre c\u00e2mbio autom\u00e1tico<\/title>\n<meta name=\"description\" content=\"Descubra como funciona o c\u00e2mbio autom\u00e1tico e confira o que voc\u00ea deve saber antes de dirigir um carro autom\u00e1tico!\" \/>\n<meta name=\"robots\" content=\"index, follow, max-snippet:-1, max-image-preview:large, max-video-preview:-1\" \/>\n<link rel=\"canonical\" href=\"https:\/\/www.comprecar.com.br\/blog\/tudo-o-que-voce-precisa-saber-sobre-cambio-automatico\/\" \/>\n<meta property=\"og:locale\" content=\"pt_BR\" \/>\n<meta property=\"og:type\" content=\"article\" \/>\n<meta property=\"og:title\" content=\"Tudo o que voc\u00ea precisa saber sobre c\u00e2mbio autom\u00e1tico\" \/>\n<meta property=\"og:description\" content=\"Descubra como funciona o c\u00e2mbio autom\u00e1tico e confira o que voc\u00ea deve saber antes de dirigir um carro autom\u00e1tico!\" \/>\n<meta property=\"og:url\" content=\"https:\/\/www.comprecar.com.br\/blog\/tudo-o-que-voce-precisa-saber-sobre-cambio-automatico\/\" \/>\n<meta property=\"og:site_name\" content=\"Blog Comprecar: Guia Completo para Comprar, Vender e Cuidar do seu Carro\" \/>\n<meta property=\"article:publisher\" content=\"https:\/\/www.facebook.com\/Comprecar\" \/>\n<meta property=\"article:published_time\" content=\"2022-09-05T14:00:00+00:00\" \/>\n<meta property=\"article:modified_time\" content=\"2023-12-22T19:56:38+00:00\" \/>\n<meta property=\"og:image\" content=\"https:\/\/www.comprecar.com.br\/blog\/wp-content\/uploads\/2022\/09\/cambio-automatico.jpg\" \/>\n\t<meta property=\"og:image:width\" content=\"1500\" \/>\n\t<meta property=\"og:image:height\" content=\"1001\" \/>\n\t<meta property=\"og:image:type\" content=\"image\/jpeg\" \/>\n<meta name=\"author\" content=\"Fred\" \/>\n<meta name=\"twitter:card\" content=\"summary_large_image\" \/>\n<meta name=\"twitter:creator\" content=\"@comprecar\" \/>\n<meta name=\"twitter:site\" content=\"@comprecar\" \/>\n<meta name=\"twitter:label1\" content=\"Escrito por\" \/>\n\t<meta name=\"twitter:data1\" content=\"Fred\" \/>\n\t<meta name=\"twitter:label2\" content=\"Est. tempo de leitura\" \/>\n\t<meta name=\"twitter:data2\" content=\"3 minutos\" \/>\n<script type=\"application\/ld+json\" class=\"yoast-schema-graph\">{\"@context\":\"https:\\\/\\\/schema.org\",\"@graph\":[{\"@type\":\"Article\",\"@id\":\"https:\\\/\\\/www.comprecar.com.br\\\/blog\\\/tudo-o-que-voce-precisa-saber-sobre-cambio-automatico\\\/#article\",\"isPartOf\":{\"@id\":\"https:\\\/\\\/www.comprecar.com.br\\\/blog\\\/tudo-o-que-voce-precisa-saber-sobre-cambio-automatico\\\/\"},\"author\":{\"name\":\"Fred\",\"@id\":\"https:\\\/\\\/www.comprecar.com.br\\\/blog\\\/#\\\/schema\\\/person\\\/005f0c51a8f4069103b2546fb9de78bb\"},\"headline\":\"Tudo o que voc\u00ea precisa saber antes de dirigir um carro com c\u00e2mbio autom\u00e1tico\",\"datePublished\":\"2022-09-05T14:00:00+00:00\",\"dateModified\":\"2023-12-22T19:56:38+00:00\",\"mainEntityOfPage\":{\"@id\":\"https:\\\/\\\/www.comprecar.com.br\\\/blog\\\/tudo-o-que-voce-precisa-saber-sobre-cambio-automatico\\\/\"},\"wordCount\":623,\"commentCount\":0,\"publisher\":{\"@id\":\"https:\\\/\\\/www.comprecar.com.br\\\/blog\\\/#organization\"},\"image\":{\"@id\":\"https:\\\/\\\/www.comprecar.com.br\\\/blog\\\/tudo-o-que-voce-precisa-saber-sobre-cambio-automatico\\\/#primaryimage\"},\"thumbnailUrl\":\"https:\\\/\\\/www.comprecar.com.br\\\/blog\\\/wp-content\\\/uploads\\\/2022\\\/09\\\/cambio-automatico.jpg\",\"keywords\":[\"c\u00e2mbio\",\"c\u00e2mbio autom\u00e1tico\",\"dicas\",\"dirigir com c\u00e2mbio autom\u00e1tico\"],\"articleSection\":[\"Dicas\"],\"inLanguage\":\"pt-BR\",\"potentialAction\":[{\"@type\":\"CommentAction\",\"name\":\"Comment\",\"target\":[\"https:\\\/\\\/www.comprecar.com.br\\\/blog\\\/tudo-o-que-voce-precisa-saber-sobre-cambio-automatico\\\/#respond\"]}]},{\"@type\":\"WebPage\",\"@id\":\"https:\\\/\\\/www.comprecar.com.br\\\/blog\\\/tudo-o-que-voce-precisa-saber-sobre-cambio-automatico\\\/\",\"url\":\"https:\\\/\\\/www.comprecar.com.br\\\/blog\\\/tudo-o-que-voce-precisa-saber-sobre-cambio-automatico\\\/\",\"name\":\"Tudo o que voc\u00ea precisa saber sobre c\u00e2mbio autom\u00e1tico\",\"isPartOf\":{\"@id\":\"https:\\\/\\\/www.comprecar.com.br\\\/blog\\\/#website\"},\"primaryImageOfPage\":{\"@id\":\"https:\\\/\\\/www.comprecar.com.br\\\/blog\\\/tudo-o-que-voce-precisa-saber-sobre-cambio-automatico\\\/#primaryimage\"},\"image\":{\"@id\":\"https:\\\/\\\/www.comprecar.com.br\\\/blog\\\/tudo-o-que-voce-precisa-saber-sobre-cambio-automatico\\\/#primaryimage\"},\"thumbnailUrl\":\"https:\\\/\\\/www.comprecar.com.br\\\/blog\\\/wp-content\\\/uploads\\\/2022\\\/09\\\/cambio-automatico.jpg\",\"datePublished\":\"2022-09-05T14:00:00+00:00\",\"dateModified\":\"2023-12-22T19:56:38+00:00\",\"description\":\"Descubra como funciona o c\u00e2mbio autom\u00e1tico e confira o que voc\u00ea deve saber antes de dirigir um carro autom\u00e1tico!\",\"breadcrumb\":{\"@id\":\"https:\\\/\\\/www.comprecar.com.br\\\/blog\\\/tudo-o-que-voce-precisa-saber-sobre-cambio-automatico\\\/#breadcrumb\"},\"inLanguage\":\"pt-BR\",\"potentialAction\":[{\"@type\":\"ReadAction\",\"target\":[\"https:\\\/\\\/www.comprecar.com.br\\\/blog\\\/tudo-o-que-voce-precisa-saber-sobre-cambio-automatico\\\/\"]}]},{\"@type\":\"ImageObject\",\"inLanguage\":\"pt-BR\",\"@id\":\"https:\\\/\\\/www.comprecar.com.br\\\/blog\\\/tudo-o-que-voce-precisa-saber-sobre-cambio-automatico\\\/#primaryimage\",\"url\":\"https:\\\/\\\/www.comprecar.com.br\\\/blog\\\/wp-content\\\/uploads\\\/2022\\\/09\\\/cambio-automatico.jpg\",\"contentUrl\":\"https:\\\/\\\/www.comprecar.com.br\\\/blog\\\/wp-content\\\/uploads\\\/2022\\\/09\\\/cambio-automatico.jpg\",\"width\":1500,\"height\":1001,\"caption\":\"C\u00e2mbio autom\u00e1tico\"},{\"@type\":\"BreadcrumbList\",\"@id\":\"https:\\\/\\\/www.comprecar.com.br\\\/blog\\\/tudo-o-que-voce-precisa-saber-sobre-cambio-automatico\\\/#breadcrumb\",\"itemListElement\":[{\"@type\":\"ListItem\",\"position\":1,\"name\":\"In\u00edcio\",\"item\":\"https:\\\/\\\/www.comprecar.com.br\\\/blog\\\/\"},{\"@type\":\"ListItem\",\"position\":2,\"name\":\"Tudo o que voc\u00ea precisa saber antes de dirigir um carro com c\u00e2mbio autom\u00e1tico\"}]},{\"@type\":\"WebSite\",\"@id\":\"https:\\\/\\\/www.comprecar.com.br\\\/blog\\\/#website\",\"url\":\"https:\\\/\\\/www.comprecar.com.br\\\/blog\\\/\",\"name\":\"Blog Comprecar: Guia Completo para Comprar, Vender e Cuidar do seu Carro\",\"description\":\"Fique por dentro das \u00faltimas not\u00edcias do mercado, guias de manuten\u00e7\u00e3o e dicas essenciais para comprar ou vender seu ve\u00edculo. Acesse o Blog Comprecar e acelere seu conhecimento!\",\"publisher\":{\"@id\":\"https:\\\/\\\/www.comprecar.com.br\\\/blog\\\/#organization\"},\"potentialAction\":[{\"@type\":\"SearchAction\",\"target\":{\"@type\":\"EntryPoint\",\"urlTemplate\":\"https:\\\/\\\/www.comprecar.com.br\\\/blog\\\/?s={search_term_string}\"},\"query-input\":{\"@type\":\"PropertyValueSpecification\",\"valueRequired\":true,\"valueName\":\"search_term_string\"}}],\"inLanguage\":\"pt-BR\"},{\"@type\":\"Organization\",\"@id\":\"https:\\\/\\\/www.comprecar.com.br\\\/blog\\\/#organization\",\"name\":\"Comprecar\",\"url\":\"https:\\\/\\\/www.comprecar.com.br\\\/blog\\\/\",\"logo\":{\"@type\":\"ImageObject\",\"inLanguage\":\"pt-BR\",\"@id\":\"https:\\\/\\\/www.comprecar.com.br\\\/blog\\\/#\\\/schema\\\/logo\\\/image\\\/\",\"url\":\"https:\\\/\\\/www.comprecar.com.br\\\/blog\\\/wp-content\\\/uploads\\\/2021\\\/02\\\/Logo-comprecar-2020.png\",\"contentUrl\":\"https:\\\/\\\/www.comprecar.com.br\\\/blog\\\/wp-content\\\/uploads\\\/2021\\\/02\\\/Logo-comprecar-2020.png\",\"width\":1896,\"height\":504,\"caption\":\"Comprecar\"},\"image\":{\"@id\":\"https:\\\/\\\/www.comprecar.com.br\\\/blog\\\/#\\\/schema\\\/logo\\\/image\\\/\"},\"sameAs\":[\"https:\\\/\\\/www.facebook.com\\\/Comprecar\",\"https:\\\/\\\/x.com\\\/comprecar\",\"https:\\\/\\\/www.instagram.com\\\/comprecar\"]},{\"@type\":\"Person\",\"@id\":\"https:\\\/\\\/www.comprecar.com.br\\\/blog\\\/#\\\/schema\\\/person\\\/005f0c51a8f4069103b2546fb9de78bb\",\"name\":\"Fred\",\"image\":{\"@type\":\"ImageObject\",\"inLanguage\":\"pt-BR\",\"@id\":\"https:\\\/\\\/secure.gravatar.com\\\/avatar\\\/5d9633b5fd5f086a0d21824763ff62caa933616c7e8525c39357d3ebf950f257?s=96&d=mm&r=g\",\"url\":\"https:\\\/\\\/secure.gravatar.com\\\/avatar\\\/5d9633b5fd5f086a0d21824763ff62caa933616c7e8525c39357d3ebf950f257?s=96&d=mm&r=g\",\"contentUrl\":\"https:\\\/\\\/secure.gravatar.com\\\/avatar\\\/5d9633b5fd5f086a0d21824763ff62caa933616c7e8525c39357d3ebf950f257?s=96&d=mm&r=g\",\"caption\":\"Fred\"},\"description\":\"Fred \u00e9 empres\u00e1rio e atua h\u00e1 mais de duas d\u00e9cadas no mercado automotivo digital. \u00c9 fundador do Comprecar, plataforma criada em 2001 com o objetivo de conectar compradores e vendedores de ve\u00edculos, com forte presen\u00e7a nas cidades do interior do estado de S\u00e3o Paulo. Ao longo de sua trajet\u00f3ria, acumulou experi\u00eancia em marketing digital, tr\u00e1fego pago, SEO e estrat\u00e9gias de convers\u00e3o, sempre com foco em gerar resultados reais para anunciantes \u2014 especialmente na capta\u00e7\u00e3o de leads qualificados. Seu trabalho \u00e9 voltado para transformar o processo de compra e venda de ve\u00edculos em algo mais direto, transparente e eficiente, aproximando pessoas interessadas em negociar. Al\u00e9m da atua\u00e7\u00e3o empresarial, tamb\u00e9m desenvolve conte\u00fados voltados ao universo automotivo, abordando desde oportunidades de compra at\u00e9 an\u00e1lises de mercado, sempre com foco em ajudar o p\u00fablico a tomar decis\u00f5es mais seguras.\",\"sameAs\":[\"https:\\\/\\\/www.comprecar.com.br\",\"https:\\\/\\\/www.instagram.com\\\/fredbittar\\\/\",\"https:\\\/\\\/www.linkedin.com\\\/in\\\/fred-bittar-a0286b30\\\/\"],\"url\":\"https:\\\/\\\/www.comprecar.com.br\\\/blog\\\/author\\\/fred\\\/\"}]}<\/script>\n<!-- \/ Yoast SEO plugin. -->","yoast_head_json":{"title":"Tudo o que voc\u00ea precisa saber sobre c\u00e2mbio autom\u00e1tico","description":"Descubra como funciona o c\u00e2mbio autom\u00e1tico e confira o que voc\u00ea deve saber antes de dirigir um carro autom\u00e1tico!","robots":{"index":"index","follow":"follow","max-snippet":"max-snippet:-1","max-image-preview":"max-image-preview:large","max-video-preview":"max-video-preview:-1"},"canonical":"https:\/\/www.comprecar.com.br\/blog\/tudo-o-que-voce-precisa-saber-sobre-cambio-automatico\/","og_locale":"pt_BR","og_type":"article","og_title":"Tudo o que voc\u00ea precisa saber sobre c\u00e2mbio autom\u00e1tico","og_description":"Descubra como funciona o c\u00e2mbio autom\u00e1tico e confira o que voc\u00ea deve saber antes de dirigir um carro autom\u00e1tico!","og_url":"https:\/\/www.comprecar.com.br\/blog\/tudo-o-que-voce-precisa-saber-sobre-cambio-automatico\/","og_site_name":"Blog Comprecar: Guia Completo para Comprar, Vender e Cuidar do seu Carro","article_publisher":"https:\/\/www.facebook.com\/Comprecar","article_published_time":"2022-09-05T14:00:00+00:00","article_modified_time":"2023-12-22T19:56:38+00:00","og_image":[{"width":1500,"height":1001,"url":"https:\/\/www.comprecar.com.br\/blog\/wp-content\/uploads\/2022\/09\/cambio-automatico.jpg","type":"image\/jpeg"}],"author":"Fred","twitter_card":"summary_large_image","twitter_creator":"@comprecar","twitter_site":"@comprecar","twitter_misc":{"Escrito por":"Fred","Est. tempo de leitura":"3 minutos"},"schema":{"@context":"https:\/\/schema.org","@graph":[{"@type":"Article","@id":"https:\/\/www.comprecar.com.br\/blog\/tudo-o-que-voce-precisa-saber-sobre-cambio-automatico\/#article","isPartOf":{"@id":"https:\/\/www.comprecar.com.br\/blog\/tudo-o-que-voce-precisa-saber-sobre-cambio-automatico\/"},"author":{"name":"Fred","@id":"https:\/\/www.comprecar.com.br\/blog\/#\/schema\/person\/005f0c51a8f4069103b2546fb9de78bb"},"headline":"Tudo o que voc\u00ea precisa saber antes de dirigir um carro com c\u00e2mbio autom\u00e1tico","datePublished":"2022-09-05T14:00:00+00:00","dateModified":"2023-12-22T19:56:38+00:00","mainEntityOfPage":{"@id":"https:\/\/www.comprecar.com.br\/blog\/tudo-o-que-voce-precisa-saber-sobre-cambio-automatico\/"},"wordCount":623,"commentCount":0,"publisher":{"@id":"https:\/\/www.comprecar.com.br\/blog\/#organization"},"image":{"@id":"https:\/\/www.comprecar.com.br\/blog\/tudo-o-que-voce-precisa-saber-sobre-cambio-automatico\/#primaryimage"},"thumbnailUrl":"https:\/\/www.comprecar.com.br\/blog\/wp-content\/uploads\/2022\/09\/cambio-automatico.jpg","keywords":["c\u00e2mbio","c\u00e2mbio autom\u00e1tico","dicas","dirigir com c\u00e2mbio autom\u00e1tico"],"articleSection":["Dicas"],"inLanguage":"pt-BR","potentialAction":[{"@type":"CommentAction","name":"Comment","target":["https:\/\/www.comprecar.com.br\/blog\/tudo-o-que-voce-precisa-saber-sobre-cambio-automatico\/#respond"]}]},{"@type":"WebPage","@id":"https:\/\/www.comprecar.com.br\/blog\/tudo-o-que-voce-precisa-saber-sobre-cambio-automatico\/","url":"https:\/\/www.comprecar.com.br\/blog\/tudo-o-que-voce-precisa-saber-sobre-cambio-automatico\/","name":"Tudo o que voc\u00ea precisa saber sobre c\u00e2mbio autom\u00e1tico","isPartOf":{"@id":"https:\/\/www.comprecar.com.br\/blog\/#website"},"primaryImageOfPage":{"@id":"https:\/\/www.comprecar.com.br\/blog\/tudo-o-que-voce-precisa-saber-sobre-cambio-automatico\/#primaryimage"},"image":{"@id":"https:\/\/www.comprecar.com.br\/blog\/tudo-o-que-voce-precisa-saber-sobre-cambio-automatico\/#primaryimage"},"thumbnailUrl":"https:\/\/www.comprecar.com.br\/blog\/wp-content\/uploads\/2022\/09\/cambio-automatico.jpg","datePublished":"2022-09-05T14:00:00+00:00","dateModified":"2023-12-22T19:56:38+00:00","description":"Descubra como funciona o c\u00e2mbio autom\u00e1tico e confira o que voc\u00ea deve saber antes de dirigir um carro autom\u00e1tico!","breadcrumb":{"@id":"https:\/\/www.comprecar.com.br\/blog\/tudo-o-que-voce-precisa-saber-sobre-cambio-automatico\/#breadcrumb"},"inLanguage":"pt-BR","potentialAction":[{"@type":"ReadAction","target":["https:\/\/www.comprecar.com.br\/blog\/tudo-o-que-voce-precisa-saber-sobre-cambio-automatico\/"]}]},{"@type":"ImageObject","inLanguage":"pt-BR","@id":"https:\/\/www.comprecar.com.br\/blog\/tudo-o-que-voce-precisa-saber-sobre-cambio-automatico\/#primaryimage","url":"https:\/\/www.comprecar.com.br\/blog\/wp-content\/uploads\/2022\/09\/cambio-automatico.jpg","contentUrl":"https:\/\/www.comprecar.com.br\/blog\/wp-content\/uploads\/2022\/09\/cambio-automatico.jpg","width":1500,"height":1001,"caption":"C\u00e2mbio autom\u00e1tico"},{"@type":"BreadcrumbList","@id":"https:\/\/www.comprecar.com.br\/blog\/tudo-o-que-voce-precisa-saber-sobre-cambio-automatico\/#breadcrumb","itemListElement":[{"@type":"ListItem","position":1,"name":"In\u00edcio","item":"https:\/\/www.comprecar.com.br\/blog\/"},{"@type":"ListItem","position":2,"name":"Tudo o que voc\u00ea precisa saber antes de dirigir um carro com c\u00e2mbio autom\u00e1tico"}]},{"@type":"WebSite","@id":"https:\/\/www.comprecar.com.br\/blog\/#website","url":"https:\/\/www.comprecar.com.br\/blog\/","name":"Blog Comprecar: Guia Completo para Comprar, Vender e Cuidar do seu Carro","description":"Fique por dentro das \u00faltimas not\u00edcias do mercado, guias de manuten\u00e7\u00e3o e dicas essenciais para comprar ou vender seu ve\u00edculo. Acesse o Blog Comprecar e acelere seu conhecimento!","publisher":{"@id":"https:\/\/www.comprecar.com.br\/blog\/#organization"},"potentialAction":[{"@type":"SearchAction","target":{"@type":"EntryPoint","urlTemplate":"https:\/\/www.comprecar.com.br\/blog\/?s={search_term_string}"},"query-input":{"@type":"PropertyValueSpecification","valueRequired":true,"valueName":"search_term_string"}}],"inLanguage":"pt-BR"},{"@type":"Organization","@id":"https:\/\/www.comprecar.com.br\/blog\/#organization","name":"Comprecar","url":"https:\/\/www.comprecar.com.br\/blog\/","logo":{"@type":"ImageObject","inLanguage":"pt-BR","@id":"https:\/\/www.comprecar.com.br\/blog\/#\/schema\/logo\/image\/","url":"https:\/\/www.comprecar.com.br\/blog\/wp-content\/uploads\/2021\/02\/Logo-comprecar-2020.png","contentUrl":"https:\/\/www.comprecar.com.br\/blog\/wp-content\/uploads\/2021\/02\/Logo-comprecar-2020.png","width":1896,"height":504,"caption":"Comprecar"},"image":{"@id":"https:\/\/www.comprecar.com.br\/blog\/#\/schema\/logo\/image\/"},"sameAs":["https:\/\/www.facebook.com\/Comprecar","https:\/\/x.com\/comprecar","https:\/\/www.instagram.com\/comprecar"]},{"@type":"Person","@id":"https:\/\/www.comprecar.com.br\/blog\/#\/schema\/person\/005f0c51a8f4069103b2546fb9de78bb","name":"Fred","image":{"@type":"ImageObject","inLanguage":"pt-BR","@id":"https:\/\/secure.gravatar.com\/avatar\/5d9633b5fd5f086a0d21824763ff62caa933616c7e8525c39357d3ebf950f257?s=96&d=mm&r=g","url":"https:\/\/secure.gravatar.com\/avatar\/5d9633b5fd5f086a0d21824763ff62caa933616c7e8525c39357d3ebf950f257?s=96&d=mm&r=g","contentUrl":"https:\/\/secure.gravatar.com\/avatar\/5d9633b5fd5f086a0d21824763ff62caa933616c7e8525c39357d3ebf950f257?s=96&d=mm&r=g","caption":"Fred"},"description":"Fred \u00e9 empres\u00e1rio e atua h\u00e1 mais de duas d\u00e9cadas no mercado automotivo digital. \u00c9 fundador do Comprecar, plataforma criada em 2001 com o objetivo de conectar compradores e vendedores de ve\u00edculos, com forte presen\u00e7a nas cidades do interior do estado de S\u00e3o Paulo. Ao longo de sua trajet\u00f3ria, acumulou experi\u00eancia em marketing digital, tr\u00e1fego pago, SEO e estrat\u00e9gias de convers\u00e3o, sempre com foco em gerar resultados reais para anunciantes \u2014 especialmente na capta\u00e7\u00e3o de leads qualificados. Seu trabalho \u00e9 voltado para transformar o processo de compra e venda de ve\u00edculos em algo mais direto, transparente e eficiente, aproximando pessoas interessadas em negociar. Al\u00e9m da atua\u00e7\u00e3o empresarial, tamb\u00e9m desenvolve conte\u00fados voltados ao universo automotivo, abordando desde oportunidades de compra at\u00e9 an\u00e1lises de mercado, sempre com foco em ajudar o p\u00fablico a tomar decis\u00f5es mais seguras.","sameAs":["https:\/\/www.comprecar.com.br","https:\/\/www.instagram.com\/fredbittar\/","https:\/\/www.linkedin.com\/in\/fred-bittar-a0286b30\/"],"url":"https:\/\/www.comprecar.com.br\/blog\/author\/fred\/"}]}},"_links":{"self":[{"href":"https:\/\/www.comprecar.com.br\/blog\/wp-json\/wp\/v2\/posts\/935","targetHints":{"allow":["GET"]}}],"collection":[{"href":"https:\/\/www.comprecar.com.br\/blog\/wp-json\/wp\/v2\/posts"}],"about":[{"href":"https:\/\/www.comprecar.com.br\/blog\/wp-json\/wp\/v2\/types\/post"}],"author":[{"embeddable":true,"href":"https:\/\/www.comprecar.com.br\/blog\/wp-json\/wp\/v2\/users\/1"}],"replies":[{"embeddable":true,"href":"https:\/\/www.comprecar.com.br\/blog\/wp-json\/wp\/v2\/comments?post=935"}],"version-history":[{"count":2,"href":"https:\/\/www.comprecar.com.br\/blog\/wp-json\/wp\/v2\/posts\/935\/revisions"}],"predecessor-version":[{"id":1148,"href":"https:\/\/www.comprecar.com.br\/blog\/wp-json\/wp\/v2\/posts\/935\/revisions\/1148"}],"wp:featuredmedia":[{"embeddable":true,"href":"https:\/\/www.comprecar.com.br\/blog\/wp-json\/wp\/v2\/media\/936"}],"wp:attachment":[{"href":"https:\/\/www.comprecar.com.br\/blog\/wp-json\/wp\/v2\/media?parent=935"}],"wp:term":[{"taxonomy":"category","embeddable":true,"href":"https:\/\/www.comprecar.com.br\/blog\/wp-json\/wp\/v2\/categories?post=935"},{"taxonomy":"post_tag","embeddable":true,"href":"https:\/\/www.comprecar.com.br\/blog\/wp-json\/wp\/v2\/tags?post=935"}],"curies":[{"name":"wp","href":"https:\/\/api.w.org\/{rel}","templated":true}]}}